{"id":49131,"date":"2021-09-29T09:09:46","date_gmt":"2021-09-29T07:09:46","guid":{"rendered":"https:\/\/miradordeatarfe.es\/?p=49131"},"modified":"2021-09-25T12:11:51","modified_gmt":"2021-09-25T10:11:51","slug":"daniel-morales-escobar-viaje-a-la-prehistoria-granadina","status":"publish","type":"post","link":"https:\/\/miradordeatarfe.es\/?p=49131","title":{"rendered":"Daniel Morales Escobar: \u00abViaje a la Prehistoria granadina\u00bb"},"content":{"rendered":"<div class=\"article-content clearfix\">\n<h3 class=\"below-entry-meta\">Desde hace a\u00f1os siempre que explico a mis alumnos alg\u00fan momento de la Historia, sea pr\u00f3ximo o lejano en el tiempo, procuro aludir a lo que en nuestra tierra supuso o qued\u00f3 de ese momento.<\/h3>\n<div>\u00a0<\/div>\n<div class=\"below-entry-meta\">Por ejemplo, si estoy ense\u00f1ando la cultura romana, \u00a1c\u00f3mo no mencionar el patrimonio de Almu\u00f1\u00e9car, la vieja Sexi! Si se trata de la \u00e9poca de los primeros Austrias \u2014Carlos V y Felipe II\u2014, es imprescindible referirse al palacio del primero en la Alhambra, al pilar que lleva su nombre o a la puerta de las Granadas, todas de su reinado, as\u00ed como a la fundaci\u00f3n de nuestra universidad. De Felipe II se pueden contar tanto la guerra de las Alpujarras como, incluso, el dram\u00e1tico hundimiento de nuestra flota en La Herradura, al que dediqu\u00e9 ya un art\u00edculo en IDEAL EN CLASE<i>.\u00a0<\/i>Y as\u00ed para toda \u00e9poca o acontecimiento hist\u00f3rico hasta nuestros d\u00edas. A los alumnos (y a cualquiera) se les queda mucho mejor si lo ven algo pr\u00f3ximo, al menos geogr\u00e1ficamente, y no solo alejado en el tiempo sino tambi\u00e9n en el espacio. En este \u00faltimo caso, su inter\u00e9s suele ser muy bajo.<\/div>\n<div class=\"entry-content clearfix\">\n<p align=\"JUSTIFY\">Por eso, incluso cuando en clase nos transportamos a la Prehistoria, intento hacerlo recalando en nuestros yacimientos arqueol\u00f3gicos, en los propios restos materiales de aquella lejana \u00e9poca que nos ofrecen y en nuestros monumentos prehist\u00f3ricos, que los tenemos \u2014y muy valiosos\u2014 como son los d\u00f3lmenes de Montefr\u00edo, que vi por primera vez cuando uno de los profesores de Prehistoria de la Universidad organiz\u00f3 para sus j\u00f3venes aprendices, entre los que me encontraba, una visita a los mismos, donde asimilamos inmediatamente qu\u00e9 fue el megalitismo.<\/p>\n<figure id=\"attachment_55952\" class=\"wp-caption aligncenter\" aria-describedby=\"caption-attachment-55952\"><img data-recalc-dims=\"1\" loading=\"lazy\" decoding=\"async\" class=\"size-full wp-image-55952\" src=\"https:\/\/i0.wp.com\/static-ms.ideal.es\/wp-content\/uploads\/sites\/17\/2021\/09\/N.-2.-Acceso-al-yacimiento-de-Castell%C3%B3n-Alto.-D.M.E..jpg?resize=640%2C428&#038;ssl=1\" sizes=\"auto, (max-width: 650px) 100vw, 650px\" srcset=\"https:\/\/static-ms.ideal.es\/wp-content\/uploads\/sites\/17\/2021\/09\/N.-2.-Acceso-al-yacimiento-de-Castell\u00f3n-Alto.-D.M.E..jpg 650w, \/wp-content\/uploads\/sites\/17\/2021\/09\/N.-2.-Acceso-al-yacimiento-de-Castell\u00f3n-Alto.-D.M.E.-300x201.jpg 300w\" alt=\"\" width=\"640\" height=\"428\" \/><figcaption id=\"caption-attachment-55952\" class=\"wp-caption-text\"><em><strong>Acceso al yacimiento de Castell\u00f3n Alto, en Galera<\/strong><\/em>::D.M.E.<\/figcaption><\/figure>\n<p align=\"JUSTIFY\">Y entre los mejores lugares prehist\u00f3ricos de nuestra tierra est\u00e1, en Galera, al norte de nuestra provincia, el yacimiento del Castell\u00f3n Alto, que en el a\u00f1o 2005 recibi\u00f3 el Premio Nacional de Conservaci\u00f3n y Restauraci\u00f3n de Bienes Culturales. Es un sitio espectacular del que tengo las suficientes im\u00e1genes, tomadas por m\u00ed en el 2008, como para hacer de una clase sobre el tema un rato muy interesante para mis alumnos, a los que siempre he recomendado \u00a1c\u00f3mo no! hacer la visita.<\/p>\n<p align=\"JUSTIFY\">Pues bien, en los meses recientes han sido varias las noticias que he le\u00eddo en la prensa alertando sobre un futuro precario para este enclave arqueol\u00f3gico. La \u00faltima, el pasado d\u00eda 11 en\u00a0<i>Granada Hoy,\u00a0<\/i>titulada \u201cGalera busca apoyos para mantener abiertos los yacimientos de Castell\u00f3n Alto y T\u00fatugi en 2022\u201d (Tambi\u00e9n en\u00a0<i>Europa Press, El independiente de Granada<\/i>,\u00a0<i>Ahora Granada,\u2026).<\/i><\/p>\n<figure id=\"attachment_55953\" class=\"wp-caption aligncenter\" aria-describedby=\"caption-attachment-55953\"><img data-recalc-dims=\"1\" loading=\"lazy\" decoding=\"async\" class=\"size-full wp-image-55953\" src=\"https:\/\/i0.wp.com\/static-ms.ideal.es\/wp-content\/uploads\/sites\/17\/2021\/09\/N.-3.-Zonas-reconstruidas-en-el-yacimiento.-D.M.E..jpg?resize=640%2C428&#038;ssl=1\" sizes=\"auto, (max-width: 650px) 100vw, 650px\" srcset=\"https:\/\/static-ms.ideal.es\/wp-content\/uploads\/sites\/17\/2021\/09\/N.-3.-Zonas-reconstruidas-en-el-yacimiento.-D.M.E..jpg 650w, \/wp-content\/uploads\/sites\/17\/2021\/09\/N.-3.-Zonas-reconstruidas-en-el-yacimiento.-D.M.E.-300x201.jpg 300w\" alt=\"\" width=\"640\" height=\"428\" \/><figcaption id=\"caption-attachment-55953\" class=\"wp-caption-text\"><em><strong>Zonas reconstruidas en el yacimient<\/strong><\/em>o ::D.M.E<\/figcaption><\/figure>\n<p align=\"JUSTIFY\">Seg\u00fan parece, si el yacimiento est\u00e1 actualmente abierto al p\u00fablico durante varios d\u00edas a la semana es gracias a los fondos del Ayuntamiento de Galera; pero ahora se intenta conseguir que para el pr\u00f3ximo a\u00f1o la Consejer\u00eda de Cultura y Patrimonio Hist\u00f3rico de la Junta de Andaluc\u00eda arrime nuevamente el hombro para hacer frente al mantenimiento econ\u00f3mico de este lugar y al coste de su apertura al visitante.<\/p>\n<p align=\"JUSTIFY\">No obstante, en este art\u00edculo no pretendo entrar en el espinoso tema de a qui\u00e9n corresponde el gasto. Ni si lleva raz\u00f3n el Ayuntamiento o la Consejer\u00eda. Para m\u00ed, se trata de garantizar la investigaci\u00f3n y la conservaci\u00f3n, a la vez que el aprovechamiento educativo, cultural y tur\u00edstico, de un tesoro de nuestro patrimonio hist\u00f3rico \u2014el de todos los granadinos, andaluces y espa\u00f1oles, as\u00ed como de cualquiera que, sea de donde sea, lo valore como tal\u2014. Y me da igual, puesto que no entiendo, a qu\u00e9 instituci\u00f3n le toca poner el dinero; el caso es que se ponga y se asegure su buen uso y el del yacimiento.<\/p>\n<p align=\"JUSTIFY\">Porque el Castell\u00f3n Alto nos ense\u00f1a, mejor que cualquier libro o documental, c\u00f3mo pod\u00eda ser la vida de una peque\u00f1a comunidad agropecuaria durante el segundo milenio antes de Cristo; m\u00e1s concretamente, entre el 1900 y el 1600 a. C., cuando a nuestra pen\u00ednsula todav\u00eda no hab\u00eda llegado \u2014y faltaba bastante\u2014 el gran invento de la escritura, aunque ya s\u00ed dispusieran de \u00e9l en lugares lejanos como Egipto y Oriente Medio.<\/p>\n<figure id=\"attachment_55954\" class=\"wp-caption aligncenter\" aria-describedby=\"caption-attachment-55954\"><img data-recalc-dims=\"1\" loading=\"lazy\" decoding=\"async\" class=\"size-full wp-image-55954\" src=\"https:\/\/i0.wp.com\/static-ms.ideal.es\/wp-content\/uploads\/sites\/17\/2021\/09\/N.-4.-Terraza-superior-con-la-cisterna-y-una-de-las-caba%C3%B1as-reconstruidas.-D.M.E..jpg?resize=640%2C475&#038;ssl=1\" sizes=\"auto, (max-width: 650px) 100vw, 650px\" srcset=\"https:\/\/static-ms.ideal.es\/wp-content\/uploads\/sites\/17\/2021\/09\/N.-4.-Terraza-superior-con-la-cisterna-y-una-de-las-caba\u00f1as-reconstruidas.-D.M.E..jpg 650w, \/wp-content\/uploads\/sites\/17\/2021\/09\/N.-4.-Terraza-superior-con-la-cisterna-y-una-de-las-caba\u00f1as-reconstruidas.-D.M.E.-300x222.jpg 300w\" alt=\"\" width=\"640\" height=\"475\" \/><figcaption id=\"caption-attachment-55954\" class=\"wp-caption-text\"><em><strong>Terraza superior, con la cisterna\u00a0 y una de las caba\u00f1as reconstruidas.<\/strong><\/em>\u00a0D.M.E.<\/figcaption><\/figure>\n<p align=\"JUSTIFY\">Lo primero que llama la atenci\u00f3n es la ubicaci\u00f3n del poblado, en lo m\u00e1s alto de una colina escarpada, como tantos y tantos castillos posteriores que buscaban el lugar m\u00e1s f\u00e1cilmente defendible. En esa cima, aprovechando distintas terrazas del terreno, construyeron sus caba\u00f1as e, incluso, dispusieron unas estrechas calles protegidas por un muro en su lado exterior. Pero no solo eso: en la zona m\u00e1s elevada fueron capaces de hacer una cisterna para almacenar el agua de lluvia. Y junto a las viviendas o dentro de ellas estaban los espacios funerarios, covachas donde sus habitantes eran enterrados individualmente en la mayor\u00eda de los casos, con un ajuar compuesto por unos pocos instrumentos y armas, vasijas de barro donde se habr\u00edan depositado alimentos y abalorios de cobre o plata. No obstante, hay tambi\u00e9n sepulturas dobles y otras de m\u00e1s individuos, adultos de ambos sexos y ni\u00f1os, lo que lleva a pensar que fueran enterramientos familiares.<\/p>\n<figure id=\"attachment_55955\" class=\"wp-caption aligncenter\" aria-describedby=\"caption-attachment-55955\"><img data-recalc-dims=\"1\" loading=\"lazy\" decoding=\"async\" class=\"size-full wp-image-55955\" src=\"https:\/\/i0.wp.com\/static-ms.ideal.es\/wp-content\/uploads\/sites\/17\/2021\/09\/N.-6.-Enterramientos-con-r%C3%A9plicas-de-restos-%C3%B3seos-y-del-ajuar-cer%C3%A1mico.-D.M.E..jpg?resize=640%2C428&#038;ssl=1\" sizes=\"auto, (max-width: 650px) 100vw, 650px\" srcset=\"https:\/\/static-ms.ideal.es\/wp-content\/uploads\/sites\/17\/2021\/09\/N.-6.-Enterramientos-con-r\u00e9plicas-de-restos-\u00f3seos-y-del-ajuar-cer\u00e1mico.-D.M.E..jpg 650w, \/wp-content\/uploads\/sites\/17\/2021\/09\/N.-6.-Enterramientos-con-r\u00e9plicas-de-restos-\u00f3seos-y-del-ajuar-cer\u00e1mico.-D.M.E.-300x201.jpg 300w\" alt=\"\" width=\"640\" height=\"428\" \/><figcaption id=\"caption-attachment-55955\" class=\"wp-caption-text\"><em><strong>Enterramientos con r\u00e9plicas de los restos \u00f3seos y del ajuar cer\u00e1mico<\/strong><\/em>\u00a0::D.M.E.<\/figcaption><\/figure>\n<p align=\"JUSTIFY\">Precisamente este es el rasgo m\u00e1s caracter\u00edstico de la que se ha llamado Cultura de El Argar, a la que responder\u00eda el Castell\u00f3n Alto: la \u201cconvivencia\u201d entre los vivos y los muertos, que \u00a1algo ins\u00f3lito! ocupan el mismo espacio. Si tenemos en cuenta el citado ajuar y que a los difuntos se les dispone siempre en la llamada posici\u00f3n fetal, tenemos todos los ingredientes necesarios para intuir tambi\u00e9n unas creencias funerarias propias.<\/p>\n<figure id=\"attachment_55956\" class=\"wp-caption aligncenter\" aria-describedby=\"caption-attachment-55956\"><img data-recalc-dims=\"1\" loading=\"lazy\" decoding=\"async\" class=\"size-full wp-image-55956\" src=\"https:\/\/i0.wp.com\/static-ms.ideal.es\/wp-content\/uploads\/sites\/17\/2021\/09\/N.-7.-Enterramiento-con-ajuar-met%C3%A1lico-r%C3%A9plicas.-D.M.E..jpg?resize=640%2C428&#038;ssl=1\" sizes=\"auto, (max-width: 650px) 100vw, 650px\" srcset=\"https:\/\/static-ms.ideal.es\/wp-content\/uploads\/sites\/17\/2021\/09\/N.-7.-Enterramiento-con-ajuar-met\u00e1lico-r\u00e9plicas.-D.M.E..jpg 650w, \/wp-content\/uploads\/sites\/17\/2021\/09\/N.-7.-Enterramiento-con-ajuar-met\u00e1lico-r\u00e9plicas.-D.M.E.-300x201.jpg 300w\" alt=\"\" width=\"640\" height=\"428\" \/><figcaption id=\"caption-attachment-55956\" class=\"wp-caption-text\"><em><strong>Enterramiento con ajuar met\u00e1lico (r\u00e9plicas)<\/strong><\/em>::D.M.E.<\/figcaption><\/figure>\n<p align=\"JUSTIFY\">En cambio, las tierras de labor estar\u00edan bajo la colina, junto al r\u00edo Galera, que pasa borde\u00e1ndola. En sus orillas se cultivar\u00edan los cereales y las legumbres que ser\u00edan la base de su alimentaci\u00f3n, como indican los molinos de piedra encontrados en las viviendas (imagen de portada).<\/p>\n<p align=\"JUSTIFY\">Todo esto, y mucho m\u00e1s, se aprende (y se comprende) all\u00ed mismo; haciendo el viaje, en el espacio y en el tiempo, a ese rinc\u00f3n de hace casi cuatro mil a\u00f1os. \u00bfY no hay dinero en la Junta o en el Ayuntamiento para mantenerlo abierto? Desde luego, cerrarlo ser\u00eda un gran fracaso imputable a ambos. Luchemos para que no ocurra, porque todos tenemos derecho a ese viaje a nuestra propia Prehistoria.<\/p>\n<p><img data-recalc-dims=\"1\" loading=\"lazy\" decoding=\"async\" class=\"alignright size-full wp-image-54905\" src=\"https:\/\/i0.wp.com\/static-ms.ideal.es\/wp-content\/uploads\/sites\/17\/2021\/07\/Daniel-Morales-Escobar.jpg?resize=154%2C200&#038;ssl=1\" alt=\"\" width=\"154\" height=\"200\" \/><\/p>\n<p>&nbsp;<\/p>\n<p><a href=\"http:\/\/en-clase.ideal.es\/?s=Daniel+Morales\" target=\"_blank\" rel=\"noopener noreferrer\"><strong>Daniel Morales Escobar,<\/strong><\/a><\/p>\n<p>Profesor de Historia en el IES Padre Manj\u00f3n<\/p>\n<p>y autor del libro\u00a0\u00a0<em>\u2018Un maestro en la Rep\u00fablica\u2019<\/em>\u00a0(Ed. Almizate)<\/p>\n<\/div>\n<blockquote class=\"wp-embedded-content\" data-secret=\"146RJSaBmQ\"><p><a href=\"https:\/\/en-clase.ideal.es\/2021\/09\/18\/daniel-morales-escobar-viaje-a-la-prehistoria-granadina\/\">Daniel Morales Escobar: \u00abViaje a la Prehistoria granadina\u00bb<\/a><\/p><\/blockquote>\n<p><iframe loading=\"lazy\" class=\"wp-embedded-content\" sandbox=\"allow-scripts\" security=\"restricted\" style=\"position: absolute; visibility: hidden;\" title=\"\u00abDaniel Morales Escobar: \u00abViaje a la Prehistoria granadina\u00bb\u00bb \u2014 IDEAL En Clase\" src=\"https:\/\/en-clase.ideal.es\/2021\/09\/18\/daniel-morales-escobar-viaje-a-la-prehistoria-granadina\/embed\/#?secret=2MejnbG8Yb#?secret=146RJSaBmQ\" data-secret=\"146RJSaBmQ\" width=\"600\" height=\"338\" frameborder=\"0\" marginwidth=\"0\" marginheight=\"0\" scrolling=\"no\"><\/iframe><\/p>\n<\/div>\n","protected":false},"excerpt":{"rendered":"<p>Desde hace a\u00f1os siempre que explico a mis alumnos alg\u00fan momento de la Historia, sea&#8230;<\/p>\n","protected":false},"author":1,"featured_media":49132,"comment_status":"closed","ping_status":"closed","sticky":false,"template":"","format":"standard","meta":{"_coblocks_attr":"","_coblocks_dimensions":"","_coblocks_responsive_height":"","_coblocks_accordion_ie_support":"","jetpack_post_was_ever_published":false,"_jetpack_newsletter_access":"","_jetpack_dont_email_post_to_subs":false,"_jetpack_newsletter_tier_id":0,"_jetpack_memberships_contains_paywalled_content":false,"_jetpack_memberships_contains_paid_content":false,"footnotes":"","jetpack_publicize_message":"","jetpack_publicize_feature_enabled":true,"jetpack_social_post_already_shared":false,"jetpack_social_options":{"image_generator_settings":{"template":"highway","default_image_id":0,"enabled":false},"version":2}},"categories":[1161,44,6937,15],"tags":[129,1125],"class_list":["post-49131","post","type-post","status-publish","format-standard","has-post-thumbnail","hentry","category-ciudadania","category-noticias-de-hoy","category-sociedad","category-ultimas-noticias","tag-granada","tag-historia"],"jetpack_publicize_connections":[],"jetpack_featured_media_url":"https:\/\/i0.wp.com\/miradordeatarfe.es\/wp-content\/uploads\/2021\/09\/N.-1.-D.M.E-_iec..jpg?fit=650%2C435&ssl=1","jetpack_likes_enabled":true,"jetpack_sharing_enabled":true,"_links":{"self":[{"href":"https:\/\/miradordeatarfe.es\/index.php?rest_route=\/wp\/v2\/posts\/49131","targetHints":{"allow":["GET"]}}],"collection":[{"href":"https:\/\/miradordeatarfe.es\/index.php?rest_route=\/wp\/v2\/posts"}],"about":[{"href":"https:\/\/miradordeatarfe.es\/index.php?rest_route=\/wp\/v2\/types\/post"}],"author":[{"embeddable":true,"href":"https:\/\/miradordeatarfe.es\/index.php?rest_route=\/wp\/v2\/users\/1"}],"replies":[{"embeddable":true,"href":"https:\/\/miradordeatarfe.es\/index.php?rest_route=%2Fwp%2Fv2%2Fcomments&post=49131"}],"version-history":[{"count":1,"href":"https:\/\/miradordeatarfe.es\/index.php?rest_route=\/wp\/v2\/posts\/49131\/revisions"}],"predecessor-version":[{"id":49133,"href":"https:\/\/miradordeatarfe.es\/index.php?rest_route=\/wp\/v2\/posts\/49131\/revisions\/49133"}],"wp:featuredmedia":[{"embeddable":true,"href":"https:\/\/miradordeatarfe.es\/index.php?rest_route=\/wp\/v2\/media\/49132"}],"wp:attachment":[{"href":"https:\/\/miradordeatarfe.es\/index.php?rest_route=%2Fwp%2Fv2%2Fmedia&parent=49131"}],"wp:term":[{"taxonomy":"category","embeddable":true,"href":"https:\/\/miradordeatarfe.es\/index.php?rest_route=%2Fwp%2Fv2%2Fcategories&post=49131"},{"taxonomy":"post_tag","embeddable":true,"href":"https:\/\/miradordeatarfe.es\/index.php?rest_route=%2Fwp%2Fv2%2Ftags&post=49131"}],"curies":[{"name":"wp","href":"https:\/\/api.w.org\/{rel}","templated":true}]}}