{"id":49134,"date":"2021-09-29T08:27:41","date_gmt":"2021-09-29T06:27:41","guid":{"rendered":"https:\/\/miradordeatarfe.es\/?p=49134"},"modified":"2021-09-25T12:31:12","modified_gmt":"2021-09-25T10:31:12","slug":"aqui-estan-los-trabajos-que-hay-en-espana-sin-paro","status":"publish","type":"post","link":"https:\/\/miradordeatarfe.es\/?p=49134","title":{"rendered":"Aqu\u00ed est\u00e1n los trabajos que hay en Espa\u00f1a sin paro"},"content":{"rendered":"<h3 class=\"a_st font_secondary color_gray_dark \" style=\"text-align: justify;\">El pleno empleo no solo es para los perfiles tecnol\u00f3gicos, las empresas tambi\u00e9n se rifan a electromec\u00e1nicos, conductores y carretilleros<\/h3>\n<p class=\"\" style=\"text-align: justify;\">El empleo ha dado una sorpresa muy positiva este verano.\u00a0<a href=\"https:\/\/elpais.com\/economia\/2021-09-02\/el-paro-baja-en-82583-personas-en-el-mejor-agosto-de-la-serie-historica.html\" target=\"_blank\" rel=\"noopener\" data-link-track-dtm=\"\">Tras el mejor agosto de la serie hist\u00f3rica, el paro baj\u00f3 en 82.600 personas<\/a>, aunque sigue afectando a 3,3 millones de espa\u00f1oles.\u00a0<a href=\"https:\/\/elpais.com\/economia\/2021-09-16\/escriva-preve-que-en-septiembre-se-creen-80000-puestos-de-trabajo.html\" target=\"_blank\" rel=\"noopener\" data-link-track-dtm=\"\">Las expectativas para este \u00faltimo trimestre del a\u00f1o tambi\u00e9n son halag\u00fce\u00f1as<\/a>: al menos una de cada cuatro empresas planea contratar, seg\u00fan Infojobs, y el a\u00f1o que viene son una de cada tres. Sin embargo, gran parte de ellas se quejan del desajuste entre los perfiles profesionales que buscan y los que existen en el mercado. Manpower sostiene que esta brecha se ha ampliado en el mundo y tambi\u00e9n en Espa\u00f1a, donde m\u00e1s de 6 de cada 10 compa\u00f1\u00edas tienen dificultades para encontrar el talento que necesitan, la mayor cifra de los \u00faltimos 15 a\u00f1os.<\/p>\n<section class=\"more_info | border_1 border_top pull_right\">\n<p>El problema radica en que los centros de educaci\u00f3n no adec\u00faan su oferta formativa a los requerimientos del mercado, seg\u00fan Javier Blasco, director de Adecco Group Institute. \u201cAlgo tan transversal como es hoy la inteligencia artificial no ha llegado a las universidades. Solo un tr\u00edo de universidades tiene un grado en este campo. Apenas hay grados nuevos que tengan que ver con la revoluci\u00f3n tecnol\u00f3gica que vivimos\u201d, lamenta.<\/p>\n<\/section>\n<div id=\"_wmass_3687000000476837\" style=\"text-align: justify;\">\n<div id=\"jw-7683776837\" class=\"jwplayer jw-reset jw-state-buffering jw-stretch-uniform jw-flag-aspect-mode jw-flag-controls-hidden jw-flag-outstream jw-flag-outstream-pending jw-breakpoint-4 jw-flag-ads\" tabindex=\"0\" role=\"application\" aria-label=\"Reproductor de Video\">\u00a0<\/div>\n<\/div>\n<p class=\"\" style=\"text-align: justify;\">Porque la mayor parte de\u00a0<a href=\"https:\/\/elpais.com\/economia\/2020\/01\/31\/actualidad\/1580471100_132319.html\" target=\"_blank\" rel=\"noopener\" data-link-track-dtm=\"\">los empleos que no conocen el paro\u00a0<\/a>se encuentran precisamente en el \u00e1rea tecnol\u00f3gica desde hace a\u00f1os. Adem\u00e1s,\u00a0<a href=\"https:\/\/cincodias.elpais.com\/cincodias\/2020\/02\/10\/economia\/1581331553_014088.html\" target=\"_blank\" rel=\"noopener\" data-link-track-dtm=\"\">se trata del sector que mayores sueldos ofrece<\/a>. Sobre todo cuando los perfiles son escasos. Actualmente las empresas se rifan a los especialistas en datos y en inteligencia artificial. Expertos en\u00a0<i>big data<\/i>,\u00a0<i>business intelligence<\/i>,<i>\u00a0data analyst<\/i>\u00a0y<i>\u00a0machine learning<\/i>. Tambi\u00e9n a los profesionales en seguridad de la informaci\u00f3n y\u00a0<a href=\"https:\/\/elpais.com\/economia\/2019\/01\/14\/actualidad\/1547486152_048652.html\" target=\"_blank\" rel=\"noopener\" data-link-track-dtm=\"\">ciberseguridad<\/a>, expertos en internet de las cosas, en el entorno\u00a0<i>cloud<\/i>\u00a0e ingenieros de rob\u00f3tica. Todos estos puestos son los mejor pagados hoy y los que experimentan un mayor crecimiento salarial, seg\u00fan Blasco, que asegura que su remuneraci\u00f3n se puede mover entre 60.000 y 70.000 euros anuales. Y puede llegar hasta 90.000 euros en el caso de los expertos en inteligencia artificial, ciberseguridad y an\u00e1lisis de datos, si est\u00e1n muy especializados, aprecia Alejandro Gonz\u00e1lez, fundador de Taalentfy. A su juicio, \u201cla tecnolog\u00eda empieza a ser una burbuja porque los sueldos se est\u00e1n inflando mucho. De hecho, un reci\u00e9n salido de la carrera puede ganar 30.000 euros al a\u00f1o\u201d.<\/p>\n<p class=\"\" style=\"text-align: justify;\">Con datos de Infojobs, que hasta agosto hab\u00eda registrado un incremento interanual de las ofertas de trabajo del 80% y contin\u00faa corrigiendo la ca\u00edda sobre 2019, ahora del 11%; los profesionales que lideran la lista de los m\u00e1s buscados son los desarrolladores de\u00a0<i>software<\/i>, consultores en tecnolog\u00edas de la informaci\u00f3n, especialistas en mantenimiento de redes y soporte, y analistas de\u00a0<i>software<\/i>.<\/p>\n<section class=\"more_info | border_1 border_top pull_right\">\n<p>Otros profesionales que figuran entre los m\u00e1s demandados por el mercado laboral son los sanitarios y expertos en salud, ya sea para el sector sanitario o el farmac\u00e9utico. M\u00e9dicos, enfermeras y t\u00e9cnicos de laboratorio, sobre todo. La covid ha acelerado la b\u00fasqueda de este personal, cuyo talento es deficitario en toda Espa\u00f1a. Los galenos especialistas pueden tener un salario similar al de los profesionales de la tecnolog\u00eda: entre 60.000 y 70.000 euros, seg\u00fan Blasco.<\/p>\n<\/section>\n<p class=\"\" style=\"text-align: justify;\">Pero las empresas no solo buscan a universitarios. De hecho,\u00a0<a href=\"https:\/\/cincodias.elpais.com\/cincodias\/2021\/02\/16\/opinion\/1613494588_565178.html\" target=\"_blank\" rel=\"noopener\" data-link-track-dtm=\"\">el desajuste de oferta y demanda<\/a>\u00a0es mucho m\u00e1s pronunciado en el caso de los titulados en formaci\u00f3n profesional. En un momento como el actual en el que la industria est\u00e1 tirando del empleo, las compa\u00f1\u00edas buscan desesperadamente a expertos en electromec\u00e1nica. \u201cNo hay. Las empresas los contratan antes de acabar el m\u00f3dulo de formaci\u00f3n, se pelean por ellos\u201d, explica Javier Caparr\u00f3s, responsable de reclutamiento profesional de Manpower. Igual que por soldadores, matriceros, fresadores, torneros, y tambi\u00e9n por conductores y carretilleros, explica el directivo de Adecco. Su experiencia en los \u00faltimos a\u00f1os resulta muy dif\u00edcil de encontrar, por eso son oficios con plena ocupaci\u00f3n. Blasco se\u00f1ala que sus salarios pueden superar los 30.000 euros anuales, a excepci\u00f3n del caso del conductor de carretillas industriales, cuyo sueldo oscila entre 18.000 y 20.000 euros. En agosto, los operadores de carretillas han formado parte de los 10 profesionales m\u00e1s buscados en Infojobs.<\/p>\n<p class=\"\" style=\"text-align: justify;\">Estos empleados de base son tambi\u00e9n reclamados por el sector log\u00edstico, otro de los que est\u00e1 contratando m\u00e1s desde que comenz\u00f3 la pandemia. Como resultado, necesita adem\u00e1s transportistas y conductores, perfiles que a menudo hay que traer de fuera de Espa\u00f1a porque los nacionales no quieren desempe\u00f1arlos, seg\u00fan Caparr\u00f3s. \u201cEl salario que se ofrece para estos puestos podr\u00eda ser uno de los motivos, pero tienen m\u00e1s incidencia el tipo de funciones y la dedicaci\u00f3n horaria, que las nuevas generaciones descartan porque buscan mayor conciliaci\u00f3n\u201d, aprecia. Los conductores de reparto fueron los terceros profesionales m\u00e1s buscados en Infojobs el mes pasado.<\/p>\n<p class=\"\" style=\"text-align: justify;\">Caparr\u00f3s asegura que los especialistas en ventas de energ\u00eda y t\u00e9cnicos en energ\u00eda fotovoltaica son otros de los perfiles que apenas conocen el paro debido al desarrollo que se le est\u00e1 imprimiendo a la transformaci\u00f3n ecol\u00f3gica.<\/p>\n<h3 class=\"font_secondary color_gray_ultra_dark\" style=\"text-align: justify;\">Construcci\u00f3n<\/h3>\n<p class=\"\" style=\"text-align: justify;\">Tecnolog\u00eda, sanidad, industria y, tambi\u00e9n la construcci\u00f3n, son las \u00e1reas que m\u00e1s personal est\u00e1n reclutando a decir de los expertos. En el caso de la construcci\u00f3n, Blasco cree que los puestos que actualmente carecen de desempleo son los ferrallistas, los caravisteros (especialistas en levantamiento de muros de construcci\u00f3n) y los operarios de gr\u00faas y volquetes. Un caravistero con experiencia, dice, puede cobrar 50.000 euros al a\u00f1o.<\/p>\n<p class=\"\" style=\"text-align: justify;\">En su opini\u00f3n, \u201csi la recuperaci\u00f3n econ\u00f3mica se acelera, como parece, nos podemos encontrar con un desencuentro creciente entre la oferta y la demanda de profesionales porque, aunque ha aumentado mucho, en Espa\u00f1a todav\u00eda no hay movilidad geogr\u00e1fica suficiente y no hemos aprovechado la pandemia para\u00a0<a href=\"https:\/\/elpais.com\/economia\/estar-donde-estes\/2021-08-11\/como-reinventarse-profesionalmente-estos-son-los-trabajos-mas-demandados.html\" target=\"_blank\" rel=\"noopener\" data-link-track-dtm=\"\">recualificar al personal<\/a>\u201d. Aunque cree que la nueva ley de Formaci\u00f3n Profesional puede contribuir a cerrar el desajuste, este experto anima a los profesionales a formarse. En menos de tres meses, indica, se puede conseguir un certificado de profesionalidad que permite trabajar inmediatamente. \u201cPor ejemplo, es posible ser cocinero en un trimestre sin necesidad de esperar los cuatro a\u00f1os del t\u00edtulo de FP\u201d.<\/p>\n<section class=\"link_list inset | background_gray_ultra_light margin_bottom_lg \">\n<h3 class=\"title | color_gray_ultra_dark font_secondary uppercase\" style=\"text-align: justify;\">OFERTAS EN REMOTO<\/h3>\n<p style=\"text-align: justify;\">Dice Infojobs que a estas alturas de septiembre solo el 13% de las personas que trabajaban en remoto han vuelto a pleno rendimiento a las oficinas. El auge del teletrabajo es espectacular, en palabras de M\u00f3nica P\u00e9rez, su responsable de Estudios. En los seis primeros meses de 2021 m\u00e1s de 225.000 ofertas de empleo inclu\u00edan el trabajo a distancia total o parcial, una cifra que ya rebasa el total de vacantes del conjunto de 2020 (209.300 ofertas buscaban teletrabajadores) y multiplica casi por siete las de 2019. Si bien el pico de b\u00fasquedas semanales de puestos a distancia se dio en abril, con 700.000; ahora hay 150.000 cada semana, cuando antes de la pandemia eran apenas 20.000. \u201cVa a seguir creciendo la tendencia\u201d, vaticina la experta.<\/p>\n<p style=\"text-align: justify;\"><a class=\"a_aut_n | color_black\" title=\"Ver todas las noticias de Carmen S\u00e1nchez-Silva\" href=\"https:\/\/elpais.com\/autor\/carmen-sanchez-silva\/\">CARMEN S\u00c1NCHEZ-SILVA<\/a><\/p>\n<\/section>\n<p>https:\/\/elpais.com\/economia\/negocios\/2021-09-20\/aqui-hay-trabajos-sin-paro.html<\/p>\n<p>FOTO: Los operarios de carretillas estuvieron en agosto entre los 10 profesionales m\u00e1s buscados en Infojobs.<span class=\"f_a | color_black margin_left uppercase light\"><span class=\"author\">RAQUEL AROCENA TORRES \/ GETTY IMAGES<\/span><\/span><\/p>\n","protected":false},"excerpt":{"rendered":"<p>El pleno empleo no solo es para los perfiles tecnol\u00f3gicos, las empresas tambi\u00e9n se rifan&#8230;<\/p>\n","protected":false},"author":1,"featured_media":49135,"comment_status":"closed","ping_status":"closed","sticky":false,"template":"","format":"standard","meta":{"_coblocks_attr":"","_coblocks_dimensions":"","_coblocks_responsive_height":"","_coblocks_accordion_ie_support":"","jetpack_post_was_ever_published":false,"_jetpack_newsletter_access":"","_jetpack_dont_email_post_to_subs":false,"_jetpack_newsletter_tier_id":0,"_jetpack_memberships_contains_paywalled_content":false,"_jetpack_memberships_contains_paid_content":false,"footnotes":"","jetpack_publicize_message":"","jetpack_publicize_feature_enabled":true,"jetpack_social_post_already_shared":false,"jetpack_social_options":{"image_generator_settings":{"template":"highway","default_image_id":0,"enabled":false},"version":2}},"categories":[1161,44,7671,6937,15],"tags":[156,1688],"class_list":["post-49134","post","type-post","status-publish","format-standard","has-post-thumbnail","hentry","category-ciudadania","category-noticias-de-hoy","category-politica","category-sociedad","category-ultimas-noticias","tag-paro","tag-trabajos"],"jetpack_publicize_connections":[],"jetpack_featured_media_url":"https:\/\/i0.wp.com\/miradordeatarfe.es\/wp-content\/uploads\/2021\/09\/22JCOSUBAVFBFG4ID2QHXOT3EI-scaled.jpg?fit=1707%2C2560&ssl=1","jetpack_likes_enabled":true,"jetpack_sharing_enabled":true,"_links":{"self":[{"href":"https:\/\/miradordeatarfe.es\/index.php?rest_route=\/wp\/v2\/posts\/49134","targetHints":{"allow":["GET"]}}],"collection":[{"href":"https:\/\/miradordeatarfe.es\/index.php?rest_route=\/wp\/v2\/posts"}],"about":[{"href":"https:\/\/miradordeatarfe.es\/index.php?rest_route=\/wp\/v2\/types\/post"}],"author":[{"embeddable":true,"href":"https:\/\/miradordeatarfe.es\/index.php?rest_route=\/wp\/v2\/users\/1"}],"replies":[{"embeddable":true,"href":"https:\/\/miradordeatarfe.es\/index.php?rest_route=%2Fwp%2Fv2%2Fcomments&post=49134"}],"version-history":[{"count":2,"href":"https:\/\/miradordeatarfe.es\/index.php?rest_route=\/wp\/v2\/posts\/49134\/revisions"}],"predecessor-version":[{"id":49137,"href":"https:\/\/miradordeatarfe.es\/index.php?rest_route=\/wp\/v2\/posts\/49134\/revisions\/49137"}],"wp:featuredmedia":[{"embeddable":true,"href":"https:\/\/miradordeatarfe.es\/index.php?rest_route=\/wp\/v2\/media\/49135"}],"wp:attachment":[{"href":"https:\/\/miradordeatarfe.es\/index.php?rest_route=%2Fwp%2Fv2%2Fmedia&parent=49134"}],"wp:term":[{"taxonomy":"category","embeddable":true,"href":"https:\/\/miradordeatarfe.es\/index.php?rest_route=%2Fwp%2Fv2%2Fcategories&post=49134"},{"taxonomy":"post_tag","embeddable":true,"href":"https:\/\/miradordeatarfe.es\/index.php?rest_route=%2Fwp%2Fv2%2Ftags&post=49134"}],"curies":[{"name":"wp","href":"https:\/\/api.w.org\/{rel}","templated":true}]}}