{"id":49138,"date":"2021-09-30T08:32:56","date_gmt":"2021-09-30T06:32:56","guid":{"rendered":"https:\/\/miradordeatarfe.es\/?p=49138"},"modified":"2021-09-25T12:37:21","modified_gmt":"2021-09-25T10:37:21","slug":"los-pantanos-alimentarios-de-nuestros-hijos-el-objetivo-es-acabar-con-la-obesidad","status":"publish","type":"post","link":"https:\/\/miradordeatarfe.es\/?p=49138","title":{"rendered":"Los pantanos alimentarios de nuestros hijos: el objetivo es acabar con la obesidad"},"content":{"rendered":"<div id=\"article_header\" class=\"a_hg basic | \">\n<h3 class=\"a_st font_secondary color_gray_dark \">La Cumbre Mundial de Alimentos se compromete a construir \u201csistemas alimentarios sostenibles\u201d. Acabar con el sobrepeso infantil ligado a la pobreza es uno de los retos urgentes<\/h3>\n<\/div>\n<div id=\"ctn_article_body\" class=\"a_b article_body | color_gray_dark\">\n<p class=\"\" style=\"text-align: justify;\">De entre todas las formas de malnutrici\u00f3n que han sido debatidas esta semana en la\u00a0<a href=\"https:\/\/www.un.org\/en\/food-systems-summit\" target=\"_blank\" rel=\"noopener\" data-link-track-dtm=\"\">Cumbre sobre Sistemas Alimentarios de la ONU<\/a>, una de las m\u00e1s desconocidas, extendidas e injustas es la del sobrepeso infantil ligado a la pobreza. Parece comprensible que este asunto pase a un segundo plano cuando la desnutrici\u00f3n severa\u00a0<a href=\"https:\/\/www.devex.com\/news\/dire-warnings-for-pandemic-era-hunger-levels-realized-report-shows-100344\" target=\"_blank\" rel=\"noopener\" data-link-track-dtm=\"\">repunta de manera acelerada<\/a>\u00a0en medio mundo. Sin embargo, las consecuencias inmediatas y de largo plazo de este fen\u00f3meno determinar\u00e1n las vidas adultas de centenares de millones de ni\u00f1os y de las sociedades en las que viven.<\/p>\n<div id=\"elpais_gpt-INTEXT\" data-google-query-id=\"CMXg75T2mfMCFTC7UQodlzsOVw\">\n<div id=\"google_ads_iframe_7811748\/elpais_web\/planeta-futuro\/3500-millones\/intext_0__container__\" style=\"text-align: justify;\">Las estad\u00edsticas son alarmantes. De acuerdo con los <a href=\"https:\/\/www.unicef.org\/media\/92336\/file\/Programming-Guidance-Overweight-Prevention.pdf\" target=\"_blank\" rel=\"noopener\" data-link-track-dtm=\"\">datos recogidos por UNICEF<\/a>\u00a0en todo el mundo, alrededor del 5,8% de los ni\u00f1os menores de cinco a\u00f1os \u2013unos 40 millones\u2013 padec\u00edan sobrepeso en 2018. Esta cifra es un 33% m\u00e1s alta que hace dos d\u00e9cadas y promete disparar la carga de la obesidad en la adolescencia, que en 2030 podr\u00eda alcanzar a 254 millones de individuos entre cinco y 19 a\u00f1os (<a href=\"https:\/\/s3-eu-west-1.amazonaws.com\/wof-files\/11996_Childhood_Obesity_Atlas_Report_ART_V2.pdf\" target=\"_blank\" rel=\"noopener\" data-link-track-dtm=\"\">Atlas of Childhood Obesity<\/a>). En lo que el Banco Mundial\u00a0<a href=\"https:\/\/openknowledge.worldbank.org\/handle\/10986\/32383?locale-attribute=fr\" target=\"_blank\" rel=\"noopener\" data-link-track-dtm=\"\">ha definido<\/a>\u00a0como \u201cuna bomba de relojer\u00eda\u201d, las consecuencias econ\u00f3micas y sanitarias de este fen\u00f3meno se estiman hoy en casi tres puntos del PIB global, un coste equivalente al del tabaco o al de la violencia armada y el terrorismo.<\/div>\n<\/div>\n<figure class=\"f | margin_top\" style=\"text-align: justify;\"><img data-recalc-dims=\"1\" loading=\"lazy\" decoding=\"async\" class=\"lazyload block width_full\" src=\"https:\/\/i0.wp.com\/imagenes.elpais.com\/resizer\/feoelirq8MsgfIFbTTu9wJv0Xbs%3D\/414x0\/cloudfront-eu-central-1.images.arcpublishing.com\/prisa\/SH5ECPPB4ZBALD3Z54J76XS5MQ.png?resize=640%2C506&#038;ssl=1\" srcset=\"https:\/\/imagenes.elpais.com\/resizer\/feoelirq8MsgfIFbTTu9wJv0Xbs=\/414x0\/cloudfront-eu-central-1.images.arcpublishing.com\/prisa\/SH5ECPPB4ZBALD3Z54J76XS5MQ.png 414w,https:\/\/imagenes.elpais.com\/resizer\/-NxK2CAWYn3fdF3dorFrEFcxbf4=\/828x0\/cloudfront-eu-central-1.images.arcpublishing.com\/prisa\/SH5ECPPB4ZBALD3Z54J76XS5MQ.png 640w,https:\/\/imagenes.elpais.com\/resizer\/KjaVHdjToTJNAnWQM0ADkqQN_xk=\/980x0\/cloudfront-eu-central-1.images.arcpublishing.com\/prisa\/SH5ECPPB4ZBALD3Z54J76XS5MQ.png 1000w,https:\/\/imagenes.elpais.com\/resizer\/1N9o6L2kGn6BObO3pTD24_8t3Zs=\/1960x0\/cloudfront-eu-central-1.images.arcpublishing.com\/prisa\/SH5ECPPB4ZBALD3Z54J76XS5MQ.png 1960w\" alt=\"Un gr\u00e1fico que relaciona la obesidad infantil con la econom\u00eda.\" width=\"640\" height=\"506\" \/><figcaption class=\"f_c | border_bottom border_1 border_gray_ultra_light_warm text_align_right padding_vertical color_gray_medium\">Un gr\u00e1fico que relaciona la obesidad infantil con la econom\u00eda.<span class=\"f_a | color_black margin_left uppercase light\"><span class=\"author\">BANCO MUNDIAL Y GLOBAL ATLAS<\/span><\/span><\/figcaption><\/figure>\n<p class=\"\" style=\"text-align: justify;\">Pero el elemento que hace este asunto obsceno es su vinculaci\u00f3n estrecha con las desigualdades que existen entre los pa\u00edses y dentro de ellos. Los expertos han acu\u00f1ado el t\u00e9rmino de \u201cpantanos alimentarios\u201d para referirse a aquellos lugares en los que las alternativas saludables y nutritivas est\u00e1n fuera del alcance econ\u00f3mico de los ni\u00f1os y sus familias. Estos espacios sol\u00edan concentrarse en los sectores urbanos menos favorecidos de los pa\u00edses ricos. El movimiento\u00a0<i>Black Lives Matter<\/i>, por ejemplo,\u00a0<a href=\"https:\/\/www.nytimes.com\/2020\/05\/25\/opinion\/coronavirus-race-obesity.html\" target=\"_blank\" rel=\"noopener\" data-link-track-dtm=\"\">ha hecho de este asunto<\/a>\u00a0una de sus banderas a la hora de denunciar la marginaci\u00f3n at\u00e1vica de las comunidades negras en Estados Unidos.<\/p>\n<div id=\"_wmass_23229999995231628\" style=\"text-align: justify;\">\n<div id=\"jw-3162831628\" class=\"jwplayer jw-reset jw-state-playing jw-stretch-uniform jw-flag-aspect-mode jw-flag-controls-hidden jw-flag-outstream jw-breakpoint-4 jw-flag-ads\" tabindex=\"0\" role=\"application\" aria-label=\"Reproductor de Video\">\n<div class=\"jw-wrapper jw-reset\">\n<div class=\"wm-publi\">Hoy, esos\u2018pantanos alimentarios han crecido hasta convertirse en un desaf\u00edo global. Los pa\u00edses de renta media y las econom\u00edas emergentes concentran ya m\u00e1s de tres cuartas partes de la poblaci\u00f3n infantil con sobrepeso y obesidad. En el caso de las naciones m\u00e1s pobres, este desaf\u00edo forma parte de una tormenta alimentaria perfecta en la que la desnutrici\u00f3n severa y moderada de los ni\u00f1os convive con niveles crecientes de sobrepeso en sectores urbanos de bajos ingresos.<\/div>\n<\/div>\n<\/div>\n<\/div>\n<blockquote class=\"quote quote_pull a_q a_q__p | \">\n<div>Una tentaci\u00f3n habitual es pensar que la obesidad infantil se deriva de las malas decisiones individuales o del bajo nivel cultural de las familias. Esa es una suposici\u00f3n tan err\u00f3nea como insultante<\/div>\n<\/blockquote>\n<p class=\"\" style=\"text-align: justify;\">Una tentaci\u00f3n habitual es pensar que la obesidad infantil se deriva de las malas decisiones individuales o del bajo nivel cultural de las familias. Esa es una suposici\u00f3n tan err\u00f3nea como insultante, porque traslada a las v\u00edctimas la responsabilidad de su propio problema. Todo lo que sabemos sobre este asunto indica que los ingresos del hogar son el primer determinante a la hora de decidir la composici\u00f3n de la cesta de la compra. En ausencia de alternativas asequibles, las familias est\u00e1n obligadas a recurrir a productos ultraprocesados, renunciar a la fruta y la verdura, e incrementar la carga cal\u00f3rica de sus dietas. La pobreza, adem\u00e1s, condena a barrios y escuelas en los que escasean los espacios deportivos y la oportunidad de realizar una actividad f\u00edsica diaria.<\/p>\n<p class=\"\" style=\"text-align: justify;\">Pero el ingreso de las familias\u00a0<a href=\"https:\/\/www.hsph.harvard.edu\/obesity-prevention-source\/obesity-causes\/food-environment-and-obesity\/\" target=\"_blank\" rel=\"noopener\" data-link-track-dtm=\"\">constituye solo una parte de la historia<\/a>. La epidemia del sobrepeso infantil est\u00e1 directamente relacionada con una pol\u00edtica agresiva y enga\u00f1osa por parte de la industria. Durante d\u00e9cadas, algunas de las multinacionales de alimentos y bebidas m\u00e1s importantes del planeta han desarrollado, comercializado y promovido productos da\u00f1inos para la salud de los ni\u00f1os. Mientras tanto, gobiernos y autoridades sanitarias fracasaban a la hora de exigir etiquetados veraces, establecer impuestos a las bebidas azucaradas, imponer men\u00fas saludables en las escuelas o apuntalar el ingreso de las familias m\u00e1s pobres.<\/p>\n<p class=\"\" style=\"text-align: justify;\"><a href=\"https:\/\/www.unicef.org\/media\/60806\/file\/SOWC-2019.pdf\" target=\"_blank\" rel=\"noopener\" data-link-track-dtm=\"\">Donde esto se ha hecho<\/a>, las sociedades han logrado el empuj\u00f3n que necesitaban para revertir el avance del sobrepeso y la obesidad infantil. Ser\u00eda un sarcasmo cruel que las comunidades que hoy padecen la lacra de la desnutrici\u00f3n saliesen de un agujero alimentario para caer en otro. Adem\u00e1s de no pasar hambre, cada ni\u00f1o y cada ni\u00f1a tienen derecho a vivir libres del sobrepeso y la obesidad, y del estigma sanitario y socioecon\u00f3mico que estas conllevan. La comunidad internacional est\u00e1 obligada a apoyarles estableciendo programas que pongan coto a las compa\u00f1\u00edas e incentiven modelos sanos y nutritivos de comportamiento. Eso tambi\u00e9n es promover el \u201csistema alimentario sostenible\u201d al que se ha conjurado la cumbre de la ONU.<\/p>\n<\/div>\n<aside class=\"a_tp | border_top_dotted border_bottom_dotted border_gray border_1 border_top border_bottom\">\n<div class=\"a_tp_w | flex container_column_mobile justify_space_between\">\n<div class=\"a_tp_c | flex align_items_center justify_center\" style=\"text-align: justify;\">Se adhiere a los criterios de<\/div>\n<\/div>\n<\/aside>\n<p><a class=\"a_aut_n | color_black\" title=\"Ver todas las noticias de Gonzalo Fanjul\" href=\"https:\/\/elpais.com\/autor\/gonzalo-fanjul\/\">GONZALO FANJUL<\/a><\/p>\n<p>FOTO: Unos ni\u00f1os de la aldea de Nacole, Mozambique, ayudan en los cultivos de su madre.<span class=\"f_a | color_black margin_left uppercase light\"><span class=\"author\">MIGUEL LIZANA (AECID)<\/span><\/span><\/p>\n<p>https:\/\/elpais.com\/planeta-futuro\/3500-millones\/2021-09-25\/los-pantanos-alimentarios-de-nuestros-hijos.html<\/p>\n","protected":false},"excerpt":{"rendered":"<p>La Cumbre Mundial de Alimentos se compromete a construir \u201csistemas alimentarios sostenibles\u201d. Acabar con el&#8230;<\/p>\n","protected":false},"author":1,"featured_media":49140,"comment_status":"closed","ping_status":"closed","sticky":false,"template":"","format":"standard","meta":{"_coblocks_attr":"","_coblocks_dimensions":"","_coblocks_responsive_height":"","_coblocks_accordion_ie_support":"","jetpack_post_was_ever_published":false,"_jetpack_newsletter_access":"","_jetpack_dont_email_post_to_subs":false,"_jetpack_newsletter_tier_id":0,"_jetpack_memberships_contains_paywalled_content":false,"_jetpack_memberships_contains_paid_content":false,"footnotes":"","jetpack_publicize_message":"","jetpack_publicize_feature_enabled":true,"jetpack_social_post_already_shared":false,"jetpack_social_options":{"image_generator_settings":{"template":"highway","default_image_id":0,"enabled":false},"version":2}},"categories":[1161,44,7671,6937,15,10],"tags":[220,8573],"class_list":["post-49138","post","type-post","status-publish","format-standard","has-post-thumbnail","hentry","category-ciudadania","category-noticias-de-hoy","category-politica","category-sociedad","category-ultimas-noticias","category-salud","tag-alimentacion","tag-obesidad-infantil"],"jetpack_publicize_connections":[],"jetpack_featured_media_url":"https:\/\/i0.wp.com\/miradordeatarfe.es\/wp-content\/uploads\/2021\/09\/CUKRDT4QBUPN5NSNWK3ZS37A64.jpg?fit=1960%2C1304&ssl=1","jetpack_likes_enabled":true,"jetpack_sharing_enabled":true,"_links":{"self":[{"href":"https:\/\/miradordeatarfe.es\/index.php?rest_route=\/wp\/v2\/posts\/49138","targetHints":{"allow":["GET"]}}],"collection":[{"href":"https:\/\/miradordeatarfe.es\/index.php?rest_route=\/wp\/v2\/posts"}],"about":[{"href":"https:\/\/miradordeatarfe.es\/index.php?rest_route=\/wp\/v2\/types\/post"}],"author":[{"embeddable":true,"href":"https:\/\/miradordeatarfe.es\/index.php?rest_route=\/wp\/v2\/users\/1"}],"replies":[{"embeddable":true,"href":"https:\/\/miradordeatarfe.es\/index.php?rest_route=%2Fwp%2Fv2%2Fcomments&post=49138"}],"version-history":[{"count":1,"href":"https:\/\/miradordeatarfe.es\/index.php?rest_route=\/wp\/v2\/posts\/49138\/revisions"}],"predecessor-version":[{"id":49139,"href":"https:\/\/miradordeatarfe.es\/index.php?rest_route=\/wp\/v2\/posts\/49138\/revisions\/49139"}],"wp:featuredmedia":[{"embeddable":true,"href":"https:\/\/miradordeatarfe.es\/index.php?rest_route=\/wp\/v2\/media\/49140"}],"wp:attachment":[{"href":"https:\/\/miradordeatarfe.es\/index.php?rest_route=%2Fwp%2Fv2%2Fmedia&parent=49138"}],"wp:term":[{"taxonomy":"category","embeddable":true,"href":"https:\/\/miradordeatarfe.es\/index.php?rest_route=%2Fwp%2Fv2%2Fcategories&post=49138"},{"taxonomy":"post_tag","embeddable":true,"href":"https:\/\/miradordeatarfe.es\/index.php?rest_route=%2Fwp%2Fv2%2Ftags&post=49138"}],"curies":[{"name":"wp","href":"https:\/\/api.w.org\/{rel}","templated":true}]}}