{"id":49167,"date":"2021-09-29T11:37:19","date_gmt":"2021-09-29T09:37:19","guid":{"rendered":"https:\/\/miradordeatarfe.es\/?p=49167"},"modified":"2021-09-25T20:03:07","modified_gmt":"2021-09-25T18:03:07","slug":"atarfe-concierto-de-la-banda-sinfonica-municipal-de-musica-ciudad-atarfe","status":"publish","type":"post","link":"https:\/\/miradordeatarfe.es\/?p=49167","title":{"rendered":"ATARFE: CONCIERTO DE LA BANDA SINF\u00d3NICA MUNICIPAL DE M\u00daSICA CIUDAD ATARFE"},"content":{"rendered":"<h3>Dentro de las actividades del Evento Internacional \u00abCiencia en Acci\u00f3n\u00bb, el pr\u00f3ximo Viernes 1 de Octubre, la Banda Sinf\u00f3nica Municipal de M\u00fasica Ciudad Atarfe, ofrecer\u00e1 el Concierto \u00abM\u00fasica-Ciencia y Universo\u00bb.<\/p>\n<p>Fecha: Viernes 1 de Octubre a las 20:00<br \/>\nLugar: Plaza del Ayuntamiento<\/h3>\n<p><a href=\"https:\/\/i0.wp.com\/miradordeatarfe.es\/wp-content\/uploads\/2021\/09\/242801061_4513724352024733_7546958295585028472_n.jpg?ssl=1\"><img data-recalc-dims=\"1\" loading=\"lazy\" decoding=\"async\" class=\"alignnone wp-image-49168 size-full\" src=\"https:\/\/i0.wp.com\/miradordeatarfe.es\/wp-content\/uploads\/2021\/09\/242801061_4513724352024733_7546958295585028472_n.jpg?resize=640%2C905&#038;ssl=1\" alt=\"\" width=\"640\" height=\"905\" srcset=\"https:\/\/i0.wp.com\/miradordeatarfe.es\/wp-content\/uploads\/2021\/09\/242801061_4513724352024733_7546958295585028472_n.jpg?w=1448&amp;ssl=1 1448w, https:\/\/i0.wp.com\/miradordeatarfe.es\/wp-content\/uploads\/2021\/09\/242801061_4513724352024733_7546958295585028472_n.jpg?resize=212%2C300&amp;ssl=1 212w, https:\/\/i0.wp.com\/miradordeatarfe.es\/wp-content\/uploads\/2021\/09\/242801061_4513724352024733_7546958295585028472_n.jpg?resize=724%2C1024&amp;ssl=1 724w, https:\/\/i0.wp.com\/miradordeatarfe.es\/wp-content\/uploads\/2021\/09\/242801061_4513724352024733_7546958295585028472_n.jpg?resize=768%2C1086&amp;ssl=1 768w, https:\/\/i0.wp.com\/miradordeatarfe.es\/wp-content\/uploads\/2021\/09\/242801061_4513724352024733_7546958295585028472_n.jpg?resize=1086%2C1536&amp;ssl=1 1086w, https:\/\/i0.wp.com\/miradordeatarfe.es\/wp-content\/uploads\/2021\/09\/242801061_4513724352024733_7546958295585028472_n.jpg?resize=1320%2C1867&amp;ssl=1 1320w\" sizes=\"auto, (max-width: 640px) 100vw, 640px\" \/><\/a><\/p>\n","protected":false},"excerpt":{"rendered":"<p>Dentro de las actividades del Evento Internacional \u00abCiencia en Acci\u00f3n\u00bb, el pr\u00f3ximo Viernes 1 de&#8230;<\/p>\n","protected":false},"author":1,"featured_media":49170,"comment_status":"closed","ping_status":"closed","sticky":false,"template":"","format":"standard","meta":{"_coblocks_attr":"","_coblocks_dimensions":"","_coblocks_responsive_height":"","_coblocks_accordion_ie_support":"","jetpack_post_was_ever_published":false,"_jetpack_newsletter_access":"","_jetpack_dont_email_post_to_subs":false,"_jetpack_newsletter_tier_id":0,"_jetpack_memberships_contains_paywalled_content":false,"_jetpack_memberships_contains_paid_content":false,"footnotes":"","jetpack_publicize_message":"","jetpack_publicize_feature_enabled":true,"jetpack_social_post_already_shared":false,"jetpack_social_options":{"image_generator_settings":{"template":"highway","default_image_id":0,"enabled":false},"version":2}},"categories":[2,12,187,44,15],"tags":[81,1213],"class_list":["post-49167","post","type-post","status-publish","format-standard","has-post-thumbnail","hentry","category-atarfe","category-cultura","category-centros-educativos","category-noticias-de-hoy","category-ultimas-noticias","tag-atarfe","tag-concierto"],"jetpack_publicize_connections":[],"jetpack_featured_media_url":"https:\/\/i0.wp.com\/miradordeatarfe.es\/wp-content\/uploads\/2021\/09\/242801061_4513724352024733_7546958295585028472_n-2.jpg?fit=1427%2C657&ssl=1","jetpack_likes_enabled":true,"jetpack_sharing_enabled":true,"_links":{"self":[{"href":"https:\/\/miradordeatarfe.es\/index.php?rest_route=\/wp\/v2\/posts\/49167","targetHints":{"allow":["GET"]}}],"collection":[{"href":"https:\/\/miradordeatarfe.es\/index.php?rest_route=\/wp\/v2\/posts"}],"about":[{"href":"https:\/\/miradordeatarfe.es\/index.php?rest_route=\/wp\/v2\/types\/post"}],"author":[{"embeddable":true,"href":"https:\/\/miradordeatarfe.es\/index.php?rest_route=\/wp\/v2\/users\/1"}],"replies":[{"embeddable":true,"href":"https:\/\/miradordeatarfe.es\/index.php?rest_route=%2Fwp%2Fv2%2Fcomments&post=49167"}],"version-history":[{"count":1,"href":"https:\/\/miradordeatarfe.es\/index.php?rest_route=\/wp\/v2\/posts\/49167\/revisions"}],"predecessor-version":[{"id":49169,"href":"https:\/\/miradordeatarfe.es\/index.php?rest_route=\/wp\/v2\/posts\/49167\/revisions\/49169"}],"wp:featuredmedia":[{"embeddable":true,"href":"https:\/\/miradordeatarfe.es\/index.php?rest_route=\/wp\/v2\/media\/49170"}],"wp:attachment":[{"href":"https:\/\/miradordeatarfe.es\/index.php?rest_route=%2Fwp%2Fv2%2Fmedia&parent=49167"}],"wp:term":[{"taxonomy":"category","embeddable":true,"href":"https:\/\/miradordeatarfe.es\/index.php?rest_route=%2Fwp%2Fv2%2Fcategories&post=49167"},{"taxonomy":"post_tag","embeddable":true,"href":"https:\/\/miradordeatarfe.es\/index.php?rest_route=%2Fwp%2Fv2%2Ftags&post=49167"}],"curies":[{"name":"wp","href":"https:\/\/api.w.org\/{rel}","templated":true}]}}