{"id":49175,"date":"2021-09-27T10:24:43","date_gmt":"2021-09-27T08:24:43","guid":{"rendered":"https:\/\/miradordeatarfe.es\/?p=49175"},"modified":"2021-09-25T20:31:03","modified_gmt":"2021-09-25T18:31:03","slug":"la-universidad-de-granada-coordina-life-wood-for-future-un-proyecto-para-recuperar-las-alamedas-de-la-vega-de-granada","status":"publish","type":"post","link":"https:\/\/miradordeatarfe.es\/?p=49175","title":{"rendered":"La Universidad de Granada coordina LIFE Wood for Future, un proyecto para recuperar las alamedas de la Vega de Granada"},"content":{"rendered":"<blockquote>\n<h3 style=\"text-align: justify;\"><strong>La iniciativa tiene como objetivo la mejora del medio ambiente y la promoci\u00f3n de la econom\u00eda baja en carbono<\/strong><\/h3>\n<\/blockquote>\n<p style=\"text-align: justify;\">La rectora de la Universidad de Granada, Pilar Aranda, ha presidido el acto de lanzamiento del proyecto europeo LIFE Wood for Future, una iniciativa que trabaja en la recuperaci\u00f3n de las alamedas de la Vega de Granada para la mejora del medio ambiente, la biodiversidad y el fomento de la econom\u00eda,\u00a0 industria y construcci\u00f3n bajas en carbono. El proyecto, coordinado por la UGR, se estructura mediante el desarrollo y demostraci\u00f3n de nuevos productos con base en madera de chopo.<\/p>\n<p style=\"text-align: justify;\">El acto de presentaci\u00f3n se ha desarrollado en la Escuela T\u00e9cnica Superior de Ingenier\u00eda de Edificaci\u00f3n y ha contado tambi\u00e9n con la participaci\u00f3n del presidente de la Diputaci\u00f3n de Granada, Jos\u00e9 Entrena; el delegado territorial de Fomento, Infraestructuras, Ordenaci\u00f3n del Territorio, Cultura y Patrimonio Hist\u00f3rico de la Junta de Andaluc\u00eda, Antonio Jes\u00fas Granados; y el director de la Escuela T\u00e9cnica Superior de Ingenier\u00eda de Edificaci\u00f3n de la Universidad de Granada, Juan Manuel Santiago.<\/p>\n<p style=\"text-align: justify;\">LIFE Wood for Future cuenta entre sus socios con la Diputaci\u00f3n de Granada, la Plataforma de Ingenier\u00eda de Madera Estructural (PEMADE) de la Universidad de Santiago de Compostela (USC), la Confederaci\u00f3n de Organizaciones de Selvicultores de Espa\u00f1a (COSE) y la spin-off forestal 3edata. Adem\u00e1s, tambi\u00e9n dispone de asociados como el Instituto de Investigaci\u00f3n y Formaci\u00f3n Agraria y Pesquera de Andaluc\u00eda (IFAPA), las organizaciones no gubernamentales Salvemos la Vega \u2013 Vega Educa y la Asociaci\u00f3n \u00c1rboles contra el Cambio Clim\u00e1tico (ACCC), o la Corporaci\u00f3n Tecnol\u00f3gica de Andaluc\u00eda (CTA).<\/p>\n<p style=\"text-align: justify;\">En las jornadas de lanzamiento se han realizado charlas t\u00e9cnicas que han puesto de manifiesto la situaci\u00f3n actual del sector, la gran oportunidad de futuro en el marco del Pacto Verde Europeo, y el perfecto encaje en los planes europeos de reconstrucci\u00f3n New Generation. Estas intervenciones han sido \u201cProyecto LIFE Wood for Future\u201d, de Antolino Gallego, coordinador del proyecto y catedr\u00e1tico del Departamento de F\u00edsica Aplicada de la Universidad de Granada; \u201cEl chopo en la estrategia espa\u00f1ola de cambio clim\u00e1tico\u201d, de Marta Hern\u00e1ndez, perteneciente a la Oficina Espa\u00f1ola de Cambio Clim\u00e1tico. Ministerio de Transici\u00f3n Ecol\u00f3gica y Reto Demogr\u00e1fico; \u201cPresente y futuro de la industria de la madera de chopo en Espa\u00f1a y Europa\u201d, de Ignacio Garc\u00eda, gerente de la Asociaci\u00f3n Espa\u00f1ola de Fabricantes de Tablero Contrachapado (AEFCON); \u201cEl sector primario del chopo en Granada. Innovaciones propuestas por LIFE Wood for Future\u201d, de Patricia G\u00f3mez Agrela, gerente de la Confederaci\u00f3n de Organizaciones de Selvicultores de Espa\u00f1a (COSE); y \u201cNuevos productos estructurales propuestos por LIFE Wood for Future\u201d, de Manuel Guaita, director de la Plataforma de Ingenier\u00eda de Madera Estructural (PEMADE) de la Universidad de Santiago de Compostela.<\/p>\n<p style=\"text-align: justify;\">Entre los asistentes al acto, adem\u00e1s de los pertenecientes a las entidades socias del proyecto, se ha contado con la presencia de representantes del Ministerio para la Transici\u00f3n Ecol\u00f3gica y el Reto Demogr\u00e1fico, del sector del chopo de Granada (propietarios, agricultores y empresarios), el IFAPA, la Oficina de Transferencia de Resultados de Investigaci\u00f3n y la Oficina de Proyectos Internacionales de la UGR, la Asociaci\u00f3n de Populicultores de Granada, el Colegio Oficial de Ambient\u00f3logos de Andaluc\u00eda (COAMBA) , la Confederaci\u00f3n Hidrogr\u00e1fica del Guadalquivir, la empresa certificadora de gesti\u00f3n forestal sostenible PFEC, el Consejo Social de la Universidad de Granada, el Consejo Social de Granada, el Gobierno de Arag\u00f3n, la Confederaci\u00f3n Hidrogr\u00e1fica del Duero, el Consorcio La Vega-Sierra Elvira, Salvemos la Vega \u2013 Vega Educa, ACCC, el Colegio de Aparejadores y Arquitectos T\u00e9cnicos de Granada, el Cl\u00faster de Construcci\u00f3n Sostenible, la Delegaci\u00f3n Territorial de Turismo de Granada, la C\u00e1mara de Comercio de Granada, estudios de arquitectura, General de la Asociaci\u00f3n de Constructores y Promotores (ACP) de Granada, Ayuntamiento de G\u00f3jar y el Instituto Virgen de las Nieves.<\/p>\n<p>CANAL UGR<\/p>\n<p>FOTO: https:\/\/envasesurena.com\/madera\/noticias\/<\/p>\n","protected":false},"excerpt":{"rendered":"<p>La iniciativa tiene como objetivo la mejora del medio ambiente y la promoci\u00f3n de la&#8230;<\/p>\n","protected":false},"author":1,"featured_media":49176,"comment_status":"closed","ping_status":"closed","sticky":false,"template":"","format":"standard","meta":{"_coblocks_attr":"","_coblocks_dimensions":"","_coblocks_responsive_height":"","_coblocks_accordion_ie_support":"","jetpack_post_was_ever_published":false,"_jetpack_newsletter_access":"","_jetpack_dont_email_post_to_subs":false,"_jetpack_newsletter_tier_id":0,"_jetpack_memberships_contains_paywalled_content":false,"_jetpack_memberships_contains_paid_content":false,"footnotes":"","jetpack_publicize_message":"","jetpack_publicize_feature_enabled":true,"jetpack_social_post_already_shared":false,"jetpack_social_options":{"image_generator_settings":{"template":"highway","default_image_id":0,"enabled":false},"version":2}},"categories":[7725,1161,9,44,15,10],"tags":[8582,2213,597],"class_list":["post-49175","post","type-post","status-publish","format-standard","has-post-thumbnail","hentry","category-atarfe-sostenible","category-ciudadania","category-medio-ambiente","category-noticias-de-hoy","category-ultimas-noticias","category-salud","tag-alamedad","tag-ugr","tag-vega-de-granada"],"jetpack_publicize_connections":[],"jetpack_featured_media_url":"https:\/\/i0.wp.com\/miradordeatarfe.es\/wp-content\/uploads\/2021\/09\/foto-paisaje-chopera.jpg?fit=1024%2C538&ssl=1","jetpack_likes_enabled":true,"jetpack_sharing_enabled":true,"_links":{"self":[{"href":"https:\/\/miradordeatarfe.es\/index.php?rest_route=\/wp\/v2\/posts\/49175","targetHints":{"allow":["GET"]}}],"collection":[{"href":"https:\/\/miradordeatarfe.es\/index.php?rest_route=\/wp\/v2\/posts"}],"about":[{"href":"https:\/\/miradordeatarfe.es\/index.php?rest_route=\/wp\/v2\/types\/post"}],"author":[{"embeddable":true,"href":"https:\/\/miradordeatarfe.es\/index.php?rest_route=\/wp\/v2\/users\/1"}],"replies":[{"embeddable":true,"href":"https:\/\/miradordeatarfe.es\/index.php?rest_route=%2Fwp%2Fv2%2Fcomments&post=49175"}],"version-history":[{"count":1,"href":"https:\/\/miradordeatarfe.es\/index.php?rest_route=\/wp\/v2\/posts\/49175\/revisions"}],"predecessor-version":[{"id":49177,"href":"https:\/\/miradordeatarfe.es\/index.php?rest_route=\/wp\/v2\/posts\/49175\/revisions\/49177"}],"wp:featuredmedia":[{"embeddable":true,"href":"https:\/\/miradordeatarfe.es\/index.php?rest_route=\/wp\/v2\/media\/49176"}],"wp:attachment":[{"href":"https:\/\/miradordeatarfe.es\/index.php?rest_route=%2Fwp%2Fv2%2Fmedia&parent=49175"}],"wp:term":[{"taxonomy":"category","embeddable":true,"href":"https:\/\/miradordeatarfe.es\/index.php?rest_route=%2Fwp%2Fv2%2Fcategories&post=49175"},{"taxonomy":"post_tag","embeddable":true,"href":"https:\/\/miradordeatarfe.es\/index.php?rest_route=%2Fwp%2Fv2%2Ftags&post=49175"}],"curies":[{"name":"wp","href":"https:\/\/api.w.org\/{rel}","templated":true}]}}