{"id":49178,"date":"2021-09-28T09:35:26","date_gmt":"2021-09-28T07:35:26","guid":{"rendered":"https:\/\/miradordeatarfe.es\/?p=49178"},"modified":"2021-09-27T14:30:33","modified_gmt":"2021-09-27T12:30:33","slug":"vi-carrera-azul-por-el-autismo","status":"publish","type":"post","link":"https:\/\/miradordeatarfe.es\/?p=49178","title":{"rendered":"VI Carrera Azul por el Autismo"},"content":{"rendered":"<header>\n<h3 class=\"text-uppercase text-bold text-color-primary\"><time class=\"text-light text-color-dark-grey \"><span class=\"text-book\">FECHA: HASTA EL 03 OCTUBRE 2021<\/span><\/time><\/h3>\n<\/header>\n<div class=\"entry-content\">\n<ul>\n<li style=\"text-align: justify;\"><strong>Lugar:<\/strong>\u00a0Santa Fe (Granada)<\/li>\n<li style=\"text-align: justify;\"><strong>Fecha:<\/strong>\u00a0Domingo 3 de octubre de 2021<\/li>\n<li style=\"text-align: justify;\"><strong>Distancia<\/strong>: 5 Km<\/li>\n<li style=\"text-align: justify;\"><strong>Hora:<\/strong>\u00a011:00<\/li>\n<li style=\"text-align: justify;\"><strong>Lugar de Salida<\/strong>: Polideportivo Municipal de Santa Fe<\/li>\n<li style=\"text-align: justify;\"><strong>Organizan:<\/strong>\u00a0Asociaci\u00f3n M\u00cdRAME de Apoyo a Familias y Personas con Trastorno del Autismo de Granada, Escuela Andaluza de Salud P\u00fablica y Ayuntamiento de Santa Fe<\/li>\n<li style=\"text-align: justify;\"><strong>Colaboran:<\/strong>\u00a0Vicerrectorado de Igualdad, Inclusi\u00f3n y Sostenibilidad de la Universidad de Granada y Escuela Internacional de Protocolo de Granada.<\/li>\n<li style=\"text-align: justify;\"><strong>Informaci\u00f3n e inscripciones:<\/strong> <a href=\"https:\/\/www.cruzandolameta.es\/ver\/vi-carrera-azul-por-el-autismo---1357\/\">https:\/\/www.cruzandolameta.es\/ver\/vi-carrera-azul-por-el-autismo&#8212;1357\/<\/a><\/li>\n<\/ul>\n<p style=\"text-align: justify;\">Tras la edici\u00f3n virtual , La CARRERA AZUL, la CARRERA por el AUTISMO de GRANADA vuelve a las calles con el objeto de conmemorar el D\u00eda Europeo de Concienciaci\u00f3n sobre el Autismo. La Universidad de Granada a trav\u00e9s del Vicerrectorado de Responsabilidad Social, Igualdad e Inclusi\u00f3n, colabora un a\u00f1o m\u00e1s con la CARRERA AZUL DEL AUTISMO que organizan la ASOCIACI\u00d3N MIRAME (ASOCIACI\u00d3N DE APOYO A FAMILIAS Y PERSONAS CON TRASTORNOS DEL ESPECTRO AUTISTA DE GRANADA), la Escuela Andaluza de Salud P\u00fablica y el Ayuntamiento de Santa Fe, y que tiene por objetivo concienciar y romper falsos mitos alrededor de este trastorno y promover la plena inclusi\u00f3n de las personas con autismo en nuestra Sociedad.<\/p>\n<p style=\"text-align: justify;\">Esta carrera se ha convertido en un evento se\u00f1alado que se ha fijado en el calendario y en el coraz\u00f3n de los Granadinos. Pero no s\u00f3lo eso, son muchos los participantes que se acercan desde otras provincias de Andaluc\u00eda e, incluso, desde otras Comunidades a correr por el autismo. Es una carrera m\u00e1gica.<\/p>\n<p style=\"text-align: justify;\">En 2021 celebraremos la VI edici\u00f3n de la CARRERA AZUL POR EL AUTISMO, donde despu\u00e9s de la preciosa experiencia vivida en las cinco ediciones anteriores, el Ayuntamiento de Santa Fe, la Asociaci\u00f3n M\u00edrame y la Escuela Andaluza de Salud P\u00fablica, con la suma de la colaboraci\u00f3n de la Universidad de Granada y la Escuela Internacional de Protocolo de Granada, ponen todos los recursos necesarios, la ilusi\u00f3n y, sobre todo, su coraz\u00f3n para albergar y vestir las calles con sus mejores galas para seguir desarrollando esta magn\u00edfica carrera.<\/p>\n<p style=\"text-align: justify;\">\u00a1ESPERAMOS contar con VUESTRA COLABORACI\u00d3N en esta edici\u00f3n DIFERENTE! Estamos seguros que nos ayudar\u00e9is a que sea otro gran \u00e9xito.<\/p>\n<div class=\"tiled-gallery type-rectangular tiled-gallery-unresized\" data-original-width=\"640\" data-carousel-extra='null' itemscope itemtype=\"http:\/\/schema.org\/ImageGallery\" > <div class=\"gallery-row\" style=\"width: 640px; height: 286px;\" data-original-width=\"640\" data-original-height=\"286\" > <div class=\"gallery-group images-1\" style=\"width: 427px; height: 286px;\" data-original-width=\"427\" data-original-height=\"286\" > <div class=\"tiled-gallery-item tiled-gallery-item-large\" itemprop=\"associatedMedia\" itemscope itemtype=\"http:\/\/schema.org\/ImageObject\"> <a href=\"https:\/\/miradordeatarfe.es\/?attachment_id=49180\" border=\"0\" itemprop=\"url\"> <meta itemprop=\"width\" content=\"423\"> <meta itemprop=\"height\" content=\"282\"> <img decoding=\"async\" class=\"\" data-attachment-id=\"49180\" data-orig-file=\"https:\/\/miradordeatarfe.es\/wp-content\/uploads\/2021\/09\/C889_INFANTILES-1203-1024x682-1.jpg\" data-orig-size=\"1024,682\" data-comments-opened=\"\" data-image-meta=\"{&quot;aperture&quot;:&quot;7.1&quot;,&quot;credit&quot;:&quot;Raul Constan Rodriguez&quot;,&quot;camera&quot;:&quot;NIKON D7200&quot;,&quot;caption&quot;:&quot;&quot;,&quot;created_timestamp&quot;:&quot;1554637639&quot;,&quot;copyright&quot;:&quot;&quot;,&quot;focal_length&quot;:&quot;44&quot;,&quot;iso&quot;:&quot;320&quot;,&quot;shutter_speed&quot;:&quot;0.003125&quot;,&quot;title&quot;:&quot;&quot;,&quot;orientation&quot;:&quot;0&quot;}\" data-image-title=\"C889_INFANTILES-1203-1024&amp;#215;682\" data-image-description=\"\" data-medium-file=\"https:\/\/i0.wp.com\/miradordeatarfe.es\/wp-content\/uploads\/2021\/09\/C889_INFANTILES-1203-1024x682-1.jpg?fit=300%2C200&#038;ssl=1\" data-large-file=\"https:\/\/i0.wp.com\/miradordeatarfe.es\/wp-content\/uploads\/2021\/09\/C889_INFANTILES-1203-1024x682-1.jpg?fit=640%2C426&#038;ssl=1\" src=\"https:\/\/i0.wp.com\/miradordeatarfe.es\/wp-content\/uploads\/2021\/09\/C889_INFANTILES-1203-1024x682-1.jpg?w=423&#038;h=282&#038;ssl=1\" srcset=\"https:\/\/i0.wp.com\/miradordeatarfe.es\/wp-content\/uploads\/2021\/09\/C889_INFANTILES-1203-1024x682-1.jpg?w=1024&amp;ssl=1 1024w, https:\/\/i0.wp.com\/miradordeatarfe.es\/wp-content\/uploads\/2021\/09\/C889_INFANTILES-1203-1024x682-1.jpg?resize=300%2C200&amp;ssl=1 300w, https:\/\/i0.wp.com\/miradordeatarfe.es\/wp-content\/uploads\/2021\/09\/C889_INFANTILES-1203-1024x682-1.jpg?resize=768%2C512&amp;ssl=1 768w\" width=\"423\" height=\"282\" loading=\"lazy\" data-original-width=\"423\" data-original-height=\"282\" itemprop=\"http:\/\/schema.org\/image\" title=\"C889_INFANTILES-1203-1024x682\" alt=\"C889_INFANTILES-1203-1024x682\" style=\"width: 423px; height: 282px;\" \/> <\/a> <\/div> <\/div> <!-- close group --> <div class=\"gallery-group images-2\" style=\"width: 213px; height: 286px;\" data-original-width=\"213\" data-original-height=\"286\" > <div class=\"tiled-gallery-item tiled-gallery-item-small\" itemprop=\"associatedMedia\" itemscope itemtype=\"http:\/\/schema.org\/ImageObject\"> <a href=\"https:\/\/miradordeatarfe.es\/?attachment_id=49181\" border=\"0\" itemprop=\"url\"> <meta itemprop=\"width\" content=\"209\"> <meta itemprop=\"height\" content=\"139\"> <img decoding=\"async\" class=\"\" data-attachment-id=\"49181\" data-orig-file=\"https:\/\/miradordeatarfe.es\/wp-content\/uploads\/2021\/09\/C889_INFANTILES-1230-1024x682-1.jpg\" data-orig-size=\"1024,682\" data-comments-opened=\"\" data-image-meta=\"{&quot;aperture&quot;:&quot;7.1&quot;,&quot;credit&quot;:&quot;Raul Constan Rodriguez&quot;,&quot;camera&quot;:&quot;NIKON D7200&quot;,&quot;caption&quot;:&quot;&quot;,&quot;created_timestamp&quot;:&quot;1554637730&quot;,&quot;copyright&quot;:&quot;&quot;,&quot;focal_length&quot;:&quot;90&quot;,&quot;iso&quot;:&quot;320&quot;,&quot;shutter_speed&quot;:&quot;0.003125&quot;,&quot;title&quot;:&quot;&quot;,&quot;orientation&quot;:&quot;0&quot;}\" data-image-title=\"C889_INFANTILES-1230-1024&amp;#215;682\" data-image-description=\"\" data-medium-file=\"https:\/\/i0.wp.com\/miradordeatarfe.es\/wp-content\/uploads\/2021\/09\/C889_INFANTILES-1230-1024x682-1.jpg?fit=300%2C200&#038;ssl=1\" data-large-file=\"https:\/\/i0.wp.com\/miradordeatarfe.es\/wp-content\/uploads\/2021\/09\/C889_INFANTILES-1230-1024x682-1.jpg?fit=640%2C426&#038;ssl=1\" src=\"https:\/\/i0.wp.com\/miradordeatarfe.es\/wp-content\/uploads\/2021\/09\/C889_INFANTILES-1230-1024x682-1.jpg?w=209&#038;h=139&#038;ssl=1\" srcset=\"https:\/\/i0.wp.com\/miradordeatarfe.es\/wp-content\/uploads\/2021\/09\/C889_INFANTILES-1230-1024x682-1.jpg?w=1024&amp;ssl=1 1024w, https:\/\/i0.wp.com\/miradordeatarfe.es\/wp-content\/uploads\/2021\/09\/C889_INFANTILES-1230-1024x682-1.jpg?resize=300%2C200&amp;ssl=1 300w, https:\/\/i0.wp.com\/miradordeatarfe.es\/wp-content\/uploads\/2021\/09\/C889_INFANTILES-1230-1024x682-1.jpg?resize=768%2C512&amp;ssl=1 768w\" width=\"209\" height=\"139\" loading=\"lazy\" data-original-width=\"209\" data-original-height=\"139\" itemprop=\"http:\/\/schema.org\/image\" title=\"C889_INFANTILES-1230-1024x682\" alt=\"C889_INFANTILES-1230-1024x682\" style=\"width: 209px; height: 139px;\" \/> <\/a> <\/div> <div class=\"tiled-gallery-item tiled-gallery-item-small\" itemprop=\"associatedMedia\" itemscope itemtype=\"http:\/\/schema.org\/ImageObject\"> <a href=\"https:\/\/miradordeatarfe.es\/?attachment_id=49183\" border=\"0\" itemprop=\"url\"> <meta itemprop=\"width\" content=\"209\"> <meta itemprop=\"height\" content=\"139\"> <img decoding=\"async\" class=\"\" data-attachment-id=\"49183\" data-orig-file=\"https:\/\/miradordeatarfe.es\/wp-content\/uploads\/2021\/09\/C889_META-1441-1024x682-1.jpg\" data-orig-size=\"1024,682\" data-comments-opened=\"\" data-image-meta=\"{&quot;aperture&quot;:&quot;7.1&quot;,&quot;credit&quot;:&quot;Raul Constan Rodriguez&quot;,&quot;camera&quot;:&quot;NIKON D7200&quot;,&quot;caption&quot;:&quot;&quot;,&quot;created_timestamp&quot;:&quot;1554633977&quot;,&quot;copyright&quot;:&quot;&quot;,&quot;focal_length&quot;:&quot;20&quot;,&quot;iso&quot;:&quot;360&quot;,&quot;shutter_speed&quot;:&quot;0.003125&quot;,&quot;title&quot;:&quot;&quot;,&quot;orientation&quot;:&quot;0&quot;}\" data-image-title=\"C889_META-1441-1024&amp;#215;682\" data-image-description=\"\" data-medium-file=\"https:\/\/i0.wp.com\/miradordeatarfe.es\/wp-content\/uploads\/2021\/09\/C889_META-1441-1024x682-1.jpg?fit=300%2C200&#038;ssl=1\" data-large-file=\"https:\/\/i0.wp.com\/miradordeatarfe.es\/wp-content\/uploads\/2021\/09\/C889_META-1441-1024x682-1.jpg?fit=640%2C426&#038;ssl=1\" src=\"https:\/\/i0.wp.com\/miradordeatarfe.es\/wp-content\/uploads\/2021\/09\/C889_META-1441-1024x682-1.jpg?w=209&#038;h=139&#038;ssl=1\" srcset=\"https:\/\/i0.wp.com\/miradordeatarfe.es\/wp-content\/uploads\/2021\/09\/C889_META-1441-1024x682-1.jpg?w=1024&amp;ssl=1 1024w, https:\/\/i0.wp.com\/miradordeatarfe.es\/wp-content\/uploads\/2021\/09\/C889_META-1441-1024x682-1.jpg?resize=300%2C200&amp;ssl=1 300w, https:\/\/i0.wp.com\/miradordeatarfe.es\/wp-content\/uploads\/2021\/09\/C889_META-1441-1024x682-1.jpg?resize=768%2C512&amp;ssl=1 768w\" width=\"209\" height=\"139\" loading=\"lazy\" data-original-width=\"209\" data-original-height=\"139\" itemprop=\"http:\/\/schema.org\/image\" title=\"C889_META-1441-1024x682\" alt=\"C889_META-1441-1024x682\" style=\"width: 209px; height: 139px;\" \/> <\/a> <\/div> <\/div> <!-- close group --> <\/div> <!-- close row --> <\/div>\n<\/div>\n","protected":false},"excerpt":{"rendered":"<p>FECHA: HASTA EL 03 OCTUBRE 2021 Lugar:\u00a0Santa Fe (Granada) Fecha:\u00a0Domingo 3 de octubre de 2021&#8230;<\/p>\n","protected":false},"author":1,"featured_media":49179,"comment_status":"closed","ping_status":"closed","sticky":false,"template":"","format":"standard","meta":{"_coblocks_attr":"","_coblocks_dimensions":"","_coblocks_responsive_height":"","_coblocks_accordion_ie_support":"","jetpack_post_was_ever_published":false,"_jetpack_newsletter_access":"","_jetpack_dont_email_post_to_subs":false,"_jetpack_newsletter_tier_id":0,"_jetpack_memberships_contains_paywalled_content":false,"_jetpack_memberships_contains_paid_content":false,"footnotes":"","jetpack_publicize_message":"","jetpack_publicize_feature_enabled":true,"jetpack_social_post_already_shared":false,"jetpack_social_options":{"image_generator_settings":{"template":"highway","default_image_id":0,"enabled":false},"version":2}},"categories":[1161,44,6937,15,10],"tags":[3289,1381,322],"class_list":["post-49178","post","type-post","status-publish","format-standard","has-post-thumbnail","hentry","category-ciudadania","category-noticias-de-hoy","category-sociedad","category-ultimas-noticias","category-salud","tag-autismo","tag-carrera","tag-deporte"],"jetpack_publicize_connections":[],"jetpack_featured_media_url":"https:\/\/i0.wp.com\/miradordeatarfe.es\/wp-content\/uploads\/2021\/09\/C889_META-1000-1024x682-1.jpg?fit=1024%2C682&ssl=1","jetpack_likes_enabled":true,"jetpack_sharing_enabled":true,"_links":{"self":[{"href":"https:\/\/miradordeatarfe.es\/index.php?rest_route=\/wp\/v2\/posts\/49178","targetHints":{"allow":["GET"]}}],"collection":[{"href":"https:\/\/miradordeatarfe.es\/index.php?rest_route=\/wp\/v2\/posts"}],"about":[{"href":"https:\/\/miradordeatarfe.es\/index.php?rest_route=\/wp\/v2\/types\/post"}],"author":[{"embeddable":true,"href":"https:\/\/miradordeatarfe.es\/index.php?rest_route=\/wp\/v2\/users\/1"}],"replies":[{"embeddable":true,"href":"https:\/\/miradordeatarfe.es\/index.php?rest_route=%2Fwp%2Fv2%2Fcomments&post=49178"}],"version-history":[{"count":1,"href":"https:\/\/miradordeatarfe.es\/index.php?rest_route=\/wp\/v2\/posts\/49178\/revisions"}],"predecessor-version":[{"id":49184,"href":"https:\/\/miradordeatarfe.es\/index.php?rest_route=\/wp\/v2\/posts\/49178\/revisions\/49184"}],"wp:featuredmedia":[{"embeddable":true,"href":"https:\/\/miradordeatarfe.es\/index.php?rest_route=\/wp\/v2\/media\/49179"}],"wp:attachment":[{"href":"https:\/\/miradordeatarfe.es\/index.php?rest_route=%2Fwp%2Fv2%2Fmedia&parent=49178"}],"wp:term":[{"taxonomy":"category","embeddable":true,"href":"https:\/\/miradordeatarfe.es\/index.php?rest_route=%2Fwp%2Fv2%2Fcategories&post=49178"},{"taxonomy":"post_tag","embeddable":true,"href":"https:\/\/miradordeatarfe.es\/index.php?rest_route=%2Fwp%2Fv2%2Ftags&post=49178"}],"curies":[{"name":"wp","href":"https:\/\/api.w.org\/{rel}","templated":true}]}}