{"id":49216,"date":"2021-09-30T11:18:54","date_gmt":"2021-09-30T09:18:54","guid":{"rendered":"https:\/\/miradordeatarfe.es\/?p=49216"},"modified":"2021-09-27T18:26:50","modified_gmt":"2021-09-27T16:26:50","slug":"volver-a-donde-antonio-munoz-molina-por-alberto-granados","status":"publish","type":"post","link":"https:\/\/miradordeatarfe.es\/?p=49216","title":{"rendered":"\u00abVOLVER A D\u00d3NDE ( Antonio MU\u00f1oz Molina) por Alberto Granados"},"content":{"rendered":"<h3 class=\"has-black-color has-text-color has-medium-font-size\" style=\"text-align: justify;\" data-adtags-visited=\"true\">Antonio Mu\u00f1oz Molina suele escribir notas en esos cuadernos que rellena obsesivamente y a los que ha mencionado repetidamente en sus columnas period\u00edsticas. Los usa para hacer anotaciones improvisadas en que refleja sus impresiones de la realidad inmediata.<\/h3>\n<p class=\"has-black-color has-text-color has-medium-font-size\" style=\"text-align: justify;\" data-adtags-visited=\"true\">En algunas ocasiones, estas notas se convierten en libro tras la pertinente revisi\u00f3n: al ocuparse de los j\u00f3venes concentrados en las plazas para reclamar un modelo social que no los excluyera apareci\u00f3\u00a0<em><a href=\"https:\/\/albertogranados.wordpress.com\/2013\/04\/10\/todo-lo-que-era-solido\/\">Todo lo que era s\u00f3lido<\/a><\/em>\u00a0(Seix Barral, 2013) y repiti\u00f3 f\u00f3rmula ensamblando im\u00e1genes publicitarias, sonidos, fragmentos de conversaciones o\u00eddas al paso y otros est\u00edmulos de la calle en\u00a0<em><a href=\"https:\/\/albertogranados.wordpress.com\/2018\/03\/24\/un-andar-solitario-entre-la-gente\/\">Un andar solitario entre la gente<\/a><\/em>\u00a0(Seix Barral, 2019). En septiembre de 2021 aparecen una serie de anotaciones en que refleja su an\u00e1lisis de los efectos sociales de la pandemia del Coronavirus19 (<em>Volver a d\u00f3nde<\/em>, Seix Barral, 08\/09\/2021, 343 p\u00e1ginas). En esta ocasi\u00f3n, el autor, abrumado por los efectos de la pandemia y el confinamiento, parte en busca de su tiempo perdido y elabora un magn\u00edfico libro en que desata su introspecci\u00f3n m\u00e1s descarnada y sincera.\u00a0 Ning\u00fan lector de prensa ignora lo expuesto hasta aqu\u00ed, ampliamente difundido en los \u00faltimos d\u00edas a trav\u00e9s de entrevistas y apariciones en los medios, algo que sucede cada vez que uno de los grandes publica un nuevo libro.<\/p>\n<figure class=\"wp-block-image size-large is-resized\" style=\"text-align: justify;\"><a href=\"https:\/\/albertogranados.files.wordpress.com\/2021\/09\/portada.-los-creditos-dicen-archivo-del-autor.-talve-se-trate-de-miguel-lindo.jpg\"><img data-recalc-dims=\"1\" loading=\"lazy\" decoding=\"async\" class=\"wp-image-8716\" src=\"https:\/\/albertogranados.files.wordpress.com\/2021\/09\/portada.-los-creditos-dicen-archivo-del-autor.-talve-se-trate-de-miguel-lindo.jpg?w=248&#038;resize=535%2C917\" sizes=\"auto, (max-width: 719px) 100vw, 719px\" srcset=\"https:\/\/albertogranados.files.wordpress.com\/2021\/09\/portada.-los-creditos-dicen-archivo-del-autor.-talve-se-trate-de-miguel-lindo.jpg 248w, https:\/\/albertogranados.files.wordpress.com\/2021\/09\/portada.-los-creditos-dicen-archivo-del-autor.-talve-se-trate-de-miguel-lindo.jpg?w=88 88w\" alt=\"\" width=\"535\" height=\"917\" data-attachment-id=\"8716\" data-permalink=\"https:\/\/albertogranados.wordpress.com\/portada-los-creditos-dicen-archivo-del-autor-talve-se-trate-de-miguel-lindo\/\" data-orig-file=\"https:\/\/albertogranados.files.wordpress.com\/2021\/09\/portada.-los-creditos-dicen-archivo-del-autor.-talve-se-trate-de-miguel-lindo.jpg\" data-orig-size=\"248,425\" data-comments-opened=\"1\" data-image-meta=\"{&quot;aperture&quot;:&quot;0&quot;,&quot;credit&quot;:&quot;&quot;,&quot;camera&quot;:&quot;&quot;,&quot;caption&quot;:&quot;&quot;,&quot;created_timestamp&quot;:&quot;0&quot;,&quot;copyright&quot;:&quot;&quot;,&quot;focal_length&quot;:&quot;0&quot;,&quot;iso&quot;:&quot;0&quot;,&quot;shutter_speed&quot;:&quot;0&quot;,&quot;title&quot;:&quot;&quot;,&quot;orientation&quot;:&quot;0&quot;}\" data-image-title=\"portada.-los-creditos-dicen-archivo-del-autor.-talve-se-trate-de-miguel-lindo\" data-image-description=\"\" data-image-caption=\"\" data-medium-file=\"https:\/\/albertogranados.files.wordpress.com\/2021\/09\/portada.-los-creditos-dicen-archivo-del-autor.-talve-se-trate-de-miguel-lindo.jpg?w=175\" data-large-file=\"https:\/\/albertogranados.files.wordpress.com\/2021\/09\/portada.-los-creditos-dicen-archivo-del-autor.-talve-se-trate-de-miguel-lindo.jpg?w=248\" \/><\/a><figcaption>Portada. Los cr\u00e9ditos dicen Archivo del autor. Tal vez se trate de Miguel Lindo<\/figcaption><\/figure>\n<p class=\"has-black-color has-text-color has-medium-font-size\" style=\"text-align: justify;\" data-adtags-visited=\"true\">Se trata, pues, de un libro de reflexiones y no de una novela, pese al enorme peso espec\u00edfico que alcanza lo narrativo en el libro. Son 228 anotaciones, las unas con la fecha precisa (para \u00e9stas, que se extienden desde el 26 de febrero al 6 de junio de 2020, el editor ha usado letra cursiva), frente a otras no fechadas, que aparecen en letra normal. Al leer las primeras anotaciones el lector se aventura a pensar en un libro disperso y heterog\u00e9neo en el que encontrar\u00e1 la visi\u00f3n mu\u00f1ozmoliniana de la pandemia, pero a medida que\u00a0 va devorando los breves cap\u00edtulos, esa sensaci\u00f3n de dispersi\u00f3n y abigarramiento desaparece: el simple mecanismo de la repetici\u00f3n empieza a darle a los textos un efecto unitario y empiezan a dibujarse una serie de hilos argumentales que se van afirmando y alcanzan un especial tono de confidencia, de desgarramiento interior que necesita ser compartido con los dem\u00e1s, con sus lectores fijos o coyunturales.<\/p>\n<p class=\"has-black-color has-text-color has-medium-font-size\" style=\"text-align: justify;\" data-adtags-visited=\"true\">Un Mu\u00f1oz Molina aterrado por las dimensiones del contagio, encerrado en su casa y lleno de tristeza por la muerte de algunos amigos (Jos\u00e9 Mar\u00eda Calleja, por ejemplo) o el riesgo que est\u00e1n corriendo otros (el caso de su amigo el Dr. Bouza), ve el momento de liberarse de sus compromisos profesionales (presentaciones, conferencias, vuelos, etc.) y decide dedicar sus d\u00edas a leer (Gald\u00f3s, Thomas Merton) y a o\u00edr machaconamente las Sonatas de Beethoven en la versi\u00f3n dirigida por Daniel Barenboim. Y llena sus cuadernos de recuerdos familiares, de comentarios suscitados por la actualidad, de llamadas a su madre, a sus hijos y amigos, de estados de \u00e1nimo cambiantes, de impresiones, de temores y tristezas. Y todo ese caudal narrativo va creando una atm\u00f3sfera en que la absoluta sinceridad impregna al libro y deja embobado al lector, aunque tal vez haya un tono que, en algunos pasajes, puede parecer sensiblero.<\/p>\n<p class=\"has-black-color has-text-color has-medium-font-size\" style=\"text-align: justify;\" data-adtags-visited=\"true\">Ya en la primera anotaci\u00f3n, que lleva la fecha de \u201cJunio 2020\u201d, se pregunta si verdaderamente quer\u00edamos volver a aquella nueva normalidad de despu\u00e9s de la primera ola, en que la irresponsabilidad, la negligencia en el uso de la mascarilla, el botell\u00f3n, las fiestas ilegales y otras conductas inc\u00edvicas han reproducido el contagio y el peligro. Tras este introito, se suceden las 227 anotaciones restantes.<\/p>\n<figure class=\"wp-block-image size-large is-resized\" style=\"text-align: justify;\"><a href=\"https:\/\/albertogranados.files.wordpress.com\/2021\/09\/imagen-de-javier-velasco-oliaga.jpg\"><img data-recalc-dims=\"1\" loading=\"lazy\" decoding=\"async\" class=\"wp-image-8718\" src=\"https:\/\/albertogranados.files.wordpress.com\/2021\/09\/imagen-de-javier-velasco-oliaga.jpg?w=760&#038;resize=640%2C439\" sizes=\"auto, (max-width: 836px) 100vw, 836px\" srcset=\"https:\/\/albertogranados.files.wordpress.com\/2021\/09\/imagen-de-javier-velasco-oliaga.jpg 760w, https:\/\/albertogranados.files.wordpress.com\/2021\/09\/imagen-de-javier-velasco-oliaga.jpg?w=150 150w, https:\/\/albertogranados.files.wordpress.com\/2021\/09\/imagen-de-javier-velasco-oliaga.jpg?w=300 300w\" alt=\"\" width=\"640\" height=\"439\" data-attachment-id=\"8718\" data-permalink=\"https:\/\/albertogranados.wordpress.com\/imagen-de-javier-velasco-oliaga\/\" data-orig-file=\"https:\/\/albertogranados.files.wordpress.com\/2021\/09\/imagen-de-javier-velasco-oliaga.jpg\" data-orig-size=\"760,521\" data-comments-opened=\"1\" data-image-meta=\"{&quot;aperture&quot;:&quot;0&quot;,&quot;credit&quot;:&quot;&quot;,&quot;camera&quot;:&quot;&quot;,&quot;caption&quot;:&quot;&quot;,&quot;created_timestamp&quot;:&quot;0&quot;,&quot;copyright&quot;:&quot;&quot;,&quot;focal_length&quot;:&quot;0&quot;,&quot;iso&quot;:&quot;0&quot;,&quot;shutter_speed&quot;:&quot;0&quot;,&quot;title&quot;:&quot;&quot;,&quot;orientation&quot;:&quot;0&quot;}\" data-image-title=\"imagen-de-javier-velasco-oliaga\" data-image-description=\"\" data-image-caption=\"\" data-medium-file=\"https:\/\/albertogranados.files.wordpress.com\/2021\/09\/imagen-de-javier-velasco-oliaga.jpg?w=300\" data-large-file=\"https:\/\/albertogranados.files.wordpress.com\/2021\/09\/imagen-de-javier-velasco-oliaga.jpg?w=560\" \/><\/a><figcaption>Imagen de Javier Velasco Oliaga<\/figcaption><\/figure>\n<p class=\"has-black-color has-text-color has-medium-font-size\" style=\"text-align: justify;\" data-adtags-visited=\"true\">Los hilos argumentales mencionados son:<\/p>\n<p class=\"has-black-color has-text-color has-medium-font-size\" style=\"text-align: justify;\" data-adtags-visited=\"true\">1 La propia pandemia con lo que ha conllevado (muerte y desolaci\u00f3n, junto al miedo y la soledad). Muy cr\u00edtico con la clase pol\u00edtica, se pregunta c\u00f3mo no se anticip\u00f3 nadie al desastre que nos est\u00e1 quitando la vida, la alegr\u00eda, la libertad y toda una forma de vida previa que nunca terminaremos de recuperar. La muerte de Calleja, el riesgo del Dr. Bouza y los dem\u00e1s sanitarios, los aplausos y las caceroladas, la eterna gresca pol\u00edtica, que no se suaviza ni en situaciones de emergencia\u2026 Y la presencia de una angustia depresiva que se mezcla con las pesadillas y su eterno insomnio.<\/p>\n<p class=\"has-black-color has-text-color has-medium-font-size\" style=\"text-align: justify;\" data-adtags-visited=\"true\">2 El confinamiento y los cambios de h\u00e1bitos que \u00e9ste ha tra\u00eddo aparejados: las cifras de contagios y muertes, la sensaci\u00f3n de un tiempo abolido, la imposibilidad del abrazo, el estar confinado un d\u00eda tras otro, las colas en la compra, la mascarilla y las gafas empa\u00f1adas, la hosteler\u00eda y los actos culturales prohibidos, el placebo de las llamadas telef\u00f3nicas, los saludos a trav\u00e9s de los balcones a desconocidos vecinos\u2026 Toda una realidad que vivimos todos y que el autor evoca para s\u00ed mismo y para sus lectores.\u00a0<\/p>\n<p class=\"has-black-color has-text-color has-medium-font-size\" style=\"text-align: justify;\" data-adtags-visited=\"true\">3 El extra\u00f1amiento de la familia y las llamadas telef\u00f3nicas a sus hijos y nietas, a su t\u00edo Juan, a su hermana y, muy especialmente, a su madre, que es la \u00fanica superviviente de un universo familiar en el que predominan los muertos. Ya nonagenaria, el tono inicial de su voz al tel\u00e9fono le permite al autor conocer su \u00e1nimo, su grado de despiste senil. Y a trav\u00e9s del tel\u00e9fono surge todo un universo de recuerdos y an\u00e9cdotas, a veces divertid\u00edsimas (la visita del rey Melchor al propio autor), a veces dram\u00e1ticas (el sometimiento de la madre, la relaci\u00f3n de \u00e9sta con la suegra, la triste realidad de su infancia\u2026).<\/p>\n<p class=\"has-black-color has-text-color has-medium-font-size\" style=\"text-align: justify;\" data-adtags-visited=\"true\">4 La evocaci\u00f3n de su ni\u00f1ez, en la que va apareciendo una serie de an\u00e9cdotas familiares junto a la presencia de los muertos, especialmente su padre, al que, junto al afecto y la admiraci\u00f3n por su perseverante esfuerzo en la huerta, guarda cierto resquemor: su padre, junto con su abuelo, lo acusaron siempre de ser un \u201csin sangre\u201d, alguien incapaz de poner atenci\u00f3n, ganas, determinaci\u00f3n e inter\u00e9s en aprender eficazmente el oficio de hortelano. Pese a los a\u00f1os transcurridos desde su muerte, el autor siente a\u00fan la humillaci\u00f3n de tales descalificaciones. Con todo, la huerta sirve de cord\u00f3n umbilical con su pasado, hasta el punto de que ha plantado unas tomateras y unos pimientos en su balc\u00f3n o, tan pronto queda permitido, hace visitas al Jard\u00edn Bot\u00e1nico, para reencontrarse con su pasado y con la memoria de su padre.<\/p>\n<p class=\"has-black-color has-text-color has-medium-font-size\" style=\"text-align: justify;\" data-adtags-visited=\"true\">La pandemia y el confinamiento solo son un tel\u00f3n de fondo, porque la esencia de este libro es la evocaci\u00f3n, llena de nostalgia, de su pasado, que ante una situaci\u00f3n an\u00edmica triste, le parece estimulante y casi su \u00fanica tabla de n\u00e1ufrago. Introspecci\u00f3n, nostalgia de un tiempo desaparecido para siempre, angustia depresiva, evocaci\u00f3n permanente\u2026 y un tono desgarrado, junto a la belleza de su prosa y a alg\u00fan destello de humor, hacen de este hermoso libro, uno de los m\u00e1s bellos testimonios de su propia vida. Ahora toca esperar el pr\u00f3ximo libro de ese gigante de nuestras letras que es Antonio Mu\u00f1oz Molina.<\/p>\n<p class=\"has-black-color has-text-color has-medium-font-size\" data-adtags-visited=\"true\">Alberto Granados<\/p>\n<p data-adtags-visited=\"true\">FOTO: &#8216;Volver a d\u00f3nde&#8217; de Antonio Mu\u00f1oz Molina | Planeta<\/p>\n<blockquote class=\"wp-embedded-content\" data-secret=\"qfamKOYwcs\"><p><a href=\"https:\/\/albertogranados.wordpress.com\/2021\/09\/23\/volver-a-donde-a-munoz-molina\/\">Volver a d\u00f3nde (A. Mu\u00f1oz&nbsp;Molina)<\/a><\/p><\/blockquote>\n<p><iframe loading=\"lazy\" class=\"wp-embedded-content\" sandbox=\"allow-scripts\" security=\"restricted\" style=\"position: absolute; visibility: hidden;\" title=\"\u00abVolver a d\u00f3nde (A. Mu\u00f1oz&nbsp;Molina)\u00bb \u2014 Alberto Granados\" src=\"https:\/\/albertogranados.wordpress.com\/2021\/09\/23\/volver-a-donde-a-munoz-molina\/embed\/#?secret=ortl11rdLI#?secret=qfamKOYwcs\" data-secret=\"qfamKOYwcs\" width=\"600\" height=\"338\" frameborder=\"0\" marginwidth=\"0\" marginheight=\"0\" scrolling=\"no\"><\/iframe><\/p>\n","protected":false},"excerpt":{"rendered":"<p>Antonio Mu\u00f1oz Molina suele escribir notas en esos cuadernos que rellena obsesivamente y a los&#8230;<\/p>\n","protected":false},"author":1,"featured_media":49217,"comment_status":"closed","ping_status":"closed","sticky":false,"template":"","format":"standard","meta":{"_coblocks_attr":"","_coblocks_dimensions":"","_coblocks_responsive_height":"","_coblocks_accordion_ie_support":"","jetpack_post_was_ever_published":false,"_jetpack_newsletter_access":"","_jetpack_dont_email_post_to_subs":false,"_jetpack_newsletter_tier_id":0,"_jetpack_memberships_contains_paywalled_content":false,"_jetpack_memberships_contains_paid_content":false,"footnotes":"","jetpack_publicize_message":"","jetpack_publicize_feature_enabled":true,"jetpack_social_post_already_shared":false,"jetpack_social_options":{"image_generator_settings":{"template":"highway","default_image_id":0,"enabled":false},"version":2}},"categories":[39,1161,7149,44,6937,15],"tags":[492,3572,2092],"class_list":["post-49216","post","type-post","status-publish","format-standard","has-post-thumbnail","hentry","category-opinion-de-alberto-granados","category-ciudadania","category-coronavirus","category-noticias-de-hoy","category-sociedad","category-ultimas-noticias","tag-libro","tag-pandemia","tag-reflexiones"],"jetpack_publicize_connections":[],"jetpack_featured_media_url":"https:\/\/i0.wp.com\/miradordeatarfe.es\/wp-content\/uploads\/2021\/09\/58-1.jpg?fit=1000%2C567&ssl=1","jetpack_likes_enabled":true,"jetpack_sharing_enabled":true,"_links":{"self":[{"href":"https:\/\/miradordeatarfe.es\/index.php?rest_route=\/wp\/v2\/posts\/49216","targetHints":{"allow":["GET"]}}],"collection":[{"href":"https:\/\/miradordeatarfe.es\/index.php?rest_route=\/wp\/v2\/posts"}],"about":[{"href":"https:\/\/miradordeatarfe.es\/index.php?rest_route=\/wp\/v2\/types\/post"}],"author":[{"embeddable":true,"href":"https:\/\/miradordeatarfe.es\/index.php?rest_route=\/wp\/v2\/users\/1"}],"replies":[{"embeddable":true,"href":"https:\/\/miradordeatarfe.es\/index.php?rest_route=%2Fwp%2Fv2%2Fcomments&post=49216"}],"version-history":[{"count":3,"href":"https:\/\/miradordeatarfe.es\/index.php?rest_route=\/wp\/v2\/posts\/49216\/revisions"}],"predecessor-version":[{"id":49220,"href":"https:\/\/miradordeatarfe.es\/index.php?rest_route=\/wp\/v2\/posts\/49216\/revisions\/49220"}],"wp:featuredmedia":[{"embeddable":true,"href":"https:\/\/miradordeatarfe.es\/index.php?rest_route=\/wp\/v2\/media\/49217"}],"wp:attachment":[{"href":"https:\/\/miradordeatarfe.es\/index.php?rest_route=%2Fwp%2Fv2%2Fmedia&parent=49216"}],"wp:term":[{"taxonomy":"category","embeddable":true,"href":"https:\/\/miradordeatarfe.es\/index.php?rest_route=%2Fwp%2Fv2%2Fcategories&post=49216"},{"taxonomy":"post_tag","embeddable":true,"href":"https:\/\/miradordeatarfe.es\/index.php?rest_route=%2Fwp%2Fv2%2Ftags&post=49216"}],"curies":[{"name":"wp","href":"https:\/\/api.w.org\/{rel}","templated":true}]}}