{"id":49297,"date":"2021-10-06T11:35:22","date_gmt":"2021-10-06T09:35:22","guid":{"rendered":"https:\/\/miradordeatarfe.es\/?p=49297"},"modified":"2021-10-04T13:47:58","modified_gmt":"2021-10-04T11:47:58","slug":"solidarios-con-la-palma-por-manuel-jimenez","status":"publish","type":"post","link":"https:\/\/miradordeatarfe.es\/?p=49297","title":{"rendered":"\u00abSOLIDARIOS CON LA PALMA\u00bb por Manuel Jim\u00e9nez"},"content":{"rendered":"<h3 align=\"JUSTIFY\"><span style=\"font-family: Tahoma, serif;\">Toca hoy mostrar nuestra solidaridad con los habitantes de la Isla de La Palma donde la erupci\u00f3n del volc\u00e1n de Cumbre Vieja ha aniquilado la forma de vida de muchos de sus habitantes. <\/span><\/h3>\n<p align=\"JUSTIFY\"><span style=\"font-family: Tahoma, serif;\">Es una isla que siempre ha apostado por el mundo del running, sobre todo en su modalidad de monta\u00f1a, con la famosa Transvulcania que es un ultramarat\u00f3n de m\u00e1s de 74 kms que recorre parte de la isla y que pasa por lugares hoy tan renombrados en los medios de comunicaci\u00f3n como El Paso, Tazacorte y su meta en Los Llanos de Aridane. Adem\u00e1s este pasado marzo se celebr\u00f3 en El Paso, con subida a El Revent\u00f3n, el Campeonato RFEA de Carreras de Monta\u00f1a con presencia atarfe\u00f1a. Sirva esta modesta cr\u00f3nica para desear a los palme\u00f1os el mejor de los desenlaces posibles a este fen\u00f3meno de la naturaleza. <\/span><\/p>\n<p align=\"JUSTIFY\"><span style=\"font-family: Tahoma, serif;\">Centr\u00e1ndonos en el fin de semana competitivo y buscando s\u00edmiles con la erupci\u00f3n volc\u00e1nica, han sido varias las \u201ccoladas\u201d que teniendo como boca de emisi\u00f3n el polideportivo municipal atarfe\u00f1o han llegado hasta el mar, de un lado, atravesando toda la pen\u00ednsula de sur a norte una de estas lenguas ha llegado al Atl\u00e1ntico, hasta Pontevedra, donde se ha celebrado el Campeonato de Espa\u00f1a de Triatlon modalidad Sprint. El cadete David Vill\u00e9n que compagina el triatl\u00f3n en las filas del BabySchool con el atletismo en el Ciudad Atarfe ha conseguido un gran 35\u00ba lugar con un gran parcial en carrera a pie (15) y nada menos que el mejor tiempo en la T2. Por su parte, Paula Jim\u00e9nez L\u00f3pez formada en la escuela de atletismo local y que formara parte durante varias temporadas del grupo \u201cfuertes y r\u00e1pidos\u201d, en su primer a\u00f1o en la modalidad de Triatlon ha sido la segunda en el \u2013grupo de edad Sub 23. Enorme \u00e9xito de Paula que poco a poco se va haciendo m\u00e1s fuerte en las disciplinas que le eran m\u00e1s desconocidas como la bici y la nataci\u00f3n y vuelve a retomar las sensaciones que de ni\u00f1a le hicieron una de las mejores fondistas granadinas. Completan expedici\u00f3n los monitores de la Escuela de Triatlon, Tom\u00e1s Quesada Donoso, 23 en GGEE 24-29 y Luis R\u00edos al que una ca\u00edda en bici le priv\u00f3 de dar el campanazo content\u00e1ndose con ser el 74\u00ba en la prueba \u00c9lite Masculina. <\/span><\/p>\n<p align=\"JUSTIFY\"><span style=\"font-family: Tahoma, serif;\">Otra colada ha tenido una deriva hacia el este llegando al Mediterr\u00e1neo a orillas del Turia. Hasta Valencia se ha desplazado nuestro fondista de cabecera, Jos\u00e9 Antonio Ruiz Justicia, que en los 10K ha mejorado su mejor marca personal con un tiempo real de 32.40 lo que arroja una media de 3.16 el km. Jos\u00e9 se va adentrando en competiciones de primer nivel internacional y no le pesan las zapatillas sino que las despacha con record personal lo que da idea del empaque que est\u00e1 cogiendo como atleta y que seguro que le refuerza enormemente para una temporada que se augura de los m\u00e1s brillante. <\/span><\/p>\n<p align=\"JUSTIFY\"><span style=\"font-family: Tahoma, serif;\">Sobre esta colada primigenia ha discurrido otra que ha seguido ganando terreno al mar formando una isla baja o fajana que es t\u00e9rmino palme\u00f1o para describir los terrenos ganados al mar. Tanto ha crecido esta fajana que nos ha llegado hasta la balear isla de Ibiza hasta donde se ha desplazado donde nuestro mejor mediofondista Manuel Jim\u00e9nez L\u00f3pez que ha disputado un dos en uno, primero la 37\u00aa edici\u00f3n de la Milla Urbana de Ibiza donde se ha clasificado 4\u00ba para unos minutos m\u00e1s tarde tomar la salida en los 5 K absolutos donde ha obtenido una c\u00f3moda victoria. Fin de semana de relax en el archipi\u00e9lago que debe de servirle para coger fuerza y moral para los frentes que se avecinan con el cross como primer desaf\u00edo. <\/span><\/p>\n<p align=\"JUSTIFY\"><span style=\"font-family: Tahoma, serif;\">Este domingo el volc\u00e1n ha entrado en fase \u201cefusiva\u201d que a diferencia de la \u201cexplosiva\u201d es m<\/span><span style=\"color: #202124;\"><span style=\"font-family: Arial, serif;\">enos violenta y no emite piroclastos. Los flujos de lava generados por estas erupciones\u00a0<\/span><\/span><span style=\"color: #202124;\"><span style=\"font-family: Arial, serif;\"><b>efusivas<\/b><\/span><\/span><span style=\"color: #202124;\"><span style=\"font-family: Arial, serif;\">\u00a0han sido de enorme grosor y escasa longitud llegando hasta las vecinas localidades de <\/span><\/span><span style=\"font-family: Tahoma, serif;\">Santa Fe, con la disputa de la VI edici\u00f3n de la Carrera del Autismo, y en Albolote, con el Gran Premio de Fondo. <\/span><\/p>\n<p align=\"JUSTIFY\"><span style=\"font-family: Tahoma, serif;\">En la ciudad de las Capitulaciones la atleta local en las filas del Surco Lucena, Ana Bel\u00e9n Rodr\u00edguez S\u00e1nchez, ha alcanzado la primera posici\u00f3n en la clasificaci\u00f3n absoluta. Lo de Ana Bel\u00e9n desde el verano hacia ac\u00e1 ha sido un recital sin bajarse del escal\u00f3n m\u00e1s alto del podium en una progresi\u00f3n que se barrunta espectacular y que le llevar\u00e1 a alcanzar altas cotas en el atletismo federado.<\/span><\/p>\n<p align=\"JUSTIFY\"><a href=\"https:\/\/i0.wp.com\/miradordeatarfe.es\/wp-content\/uploads\/2021\/10\/Ana-Belen-Rgz-Sanchez-VI-Carrera-Autismo-Santa-Fe-03-10-21.jpeg?ssl=1\"><img data-recalc-dims=\"1\" loading=\"lazy\" decoding=\"async\" class=\"alignnone wp-image-49299 size-full\" src=\"https:\/\/i0.wp.com\/miradordeatarfe.es\/wp-content\/uploads\/2021\/10\/Ana-Belen-Rgz-Sanchez-VI-Carrera-Autismo-Santa-Fe-03-10-21.jpeg?resize=640%2C441&#038;ssl=1\" alt=\"\" width=\"640\" height=\"441\" srcset=\"https:\/\/i0.wp.com\/miradordeatarfe.es\/wp-content\/uploads\/2021\/10\/Ana-Belen-Rgz-Sanchez-VI-Carrera-Autismo-Santa-Fe-03-10-21.jpeg?w=1024&amp;ssl=1 1024w, https:\/\/i0.wp.com\/miradordeatarfe.es\/wp-content\/uploads\/2021\/10\/Ana-Belen-Rgz-Sanchez-VI-Carrera-Autismo-Santa-Fe-03-10-21.jpeg?resize=300%2C207&amp;ssl=1 300w, https:\/\/i0.wp.com\/miradordeatarfe.es\/wp-content\/uploads\/2021\/10\/Ana-Belen-Rgz-Sanchez-VI-Carrera-Autismo-Santa-Fe-03-10-21.jpeg?resize=768%2C530&amp;ssl=1 768w\" sizes=\"auto, (max-width: 640px) 100vw, 640px\" \/><\/a>\u00a0 <a href=\"https:\/\/i0.wp.com\/miradordeatarfe.es\/wp-content\/uploads\/2021\/10\/JOSE-JUSTICIA-HUELVA-10-K-2021.jpeg?ssl=1\"><img data-recalc-dims=\"1\" loading=\"lazy\" decoding=\"async\" class=\"alignnone wp-image-49300 size-full\" src=\"https:\/\/i0.wp.com\/miradordeatarfe.es\/wp-content\/uploads\/2021\/10\/JOSE-JUSTICIA-HUELVA-10-K-2021.jpeg?resize=640%2C634&#038;ssl=1\" alt=\"\" width=\"640\" height=\"634\" srcset=\"https:\/\/i0.wp.com\/miradordeatarfe.es\/wp-content\/uploads\/2021\/10\/JOSE-JUSTICIA-HUELVA-10-K-2021.jpeg?w=1024&amp;ssl=1 1024w, https:\/\/i0.wp.com\/miradordeatarfe.es\/wp-content\/uploads\/2021\/10\/JOSE-JUSTICIA-HUELVA-10-K-2021.jpeg?resize=300%2C297&amp;ssl=1 300w, https:\/\/i0.wp.com\/miradordeatarfe.es\/wp-content\/uploads\/2021\/10\/JOSE-JUSTICIA-HUELVA-10-K-2021.jpeg?resize=150%2C150&amp;ssl=1 150w, https:\/\/i0.wp.com\/miradordeatarfe.es\/wp-content\/uploads\/2021\/10\/JOSE-JUSTICIA-HUELVA-10-K-2021.jpeg?resize=768%2C761&amp;ssl=1 768w\" sizes=\"auto, (max-width: 640px) 100vw, 640px\" \/><\/a><\/p>\n<p align=\"JUSTIFY\"><span style=\"font-family: Tahoma, serif;\">En esta prueba solidaria han sido muchos los atarfe\u00f1os en liza, destacar la tercera posici\u00f3n en Vet A de la atleta del Monta\u00f1a Atarfe Inmaculada Garc\u00eda Rodr\u00edguez o la cuarta plaza en Vet C de Rafael S\u00e1nchez Cid del mismo club. <\/span><\/p>\n<p align=\"JUSTIFY\"><span style=\"font-family: Tahoma, serif;\">Por su parte la colada que ha llegado hasta Albolote ha contado con atarfe\u00f1os representando al CA Maracena (Patricia Cecilia Vi\u00f1\u00e1n Camba, con un gran tercer puesto en Senior, sexta absolulta, 40.40), Ciudad Atarfe (Carlos Lucena ha sido 6\u00ba Vet B con un gran crono de 35.38), TriAtarfe (Sergio Granados, 32\u00ba Vet B; Marcos Granados, 42\u00ba Senior y Manuel Puertas, 19\u00ba Vet C), Granada Run Proyect (Manuel Reinosa, 21 en Vet C), SBC TEAM SILVERBACK (Miguel \u00c1ngel Montoro, 17\u00ba Vet A, 35.31).<\/span><\/p>\n<p align=\"JUSTIFY\"><a href=\"https:\/\/i0.wp.com\/miradordeatarfe.es\/wp-content\/uploads\/2021\/10\/Paula-Triatlon-Pontevedra-03-10-21.jpeg?ssl=1\"><img data-recalc-dims=\"1\" loading=\"lazy\" decoding=\"async\" class=\"alignnone wp-image-49301 size-full\" src=\"https:\/\/i0.wp.com\/miradordeatarfe.es\/wp-content\/uploads\/2021\/10\/Paula-Triatlon-Pontevedra-03-10-21.jpeg?resize=640%2C288&#038;ssl=1\" alt=\"\" width=\"640\" height=\"288\" srcset=\"https:\/\/i0.wp.com\/miradordeatarfe.es\/wp-content\/uploads\/2021\/10\/Paula-Triatlon-Pontevedra-03-10-21.jpeg?w=1600&amp;ssl=1 1600w, https:\/\/i0.wp.com\/miradordeatarfe.es\/wp-content\/uploads\/2021\/10\/Paula-Triatlon-Pontevedra-03-10-21.jpeg?resize=300%2C135&amp;ssl=1 300w, https:\/\/i0.wp.com\/miradordeatarfe.es\/wp-content\/uploads\/2021\/10\/Paula-Triatlon-Pontevedra-03-10-21.jpeg?resize=1024%2C461&amp;ssl=1 1024w, https:\/\/i0.wp.com\/miradordeatarfe.es\/wp-content\/uploads\/2021\/10\/Paula-Triatlon-Pontevedra-03-10-21.jpeg?resize=768%2C346&amp;ssl=1 768w, https:\/\/i0.wp.com\/miradordeatarfe.es\/wp-content\/uploads\/2021\/10\/Paula-Triatlon-Pontevedra-03-10-21.jpeg?resize=1536%2C691&amp;ssl=1 1536w, https:\/\/i0.wp.com\/miradordeatarfe.es\/wp-content\/uploads\/2021\/10\/Paula-Triatlon-Pontevedra-03-10-21.jpeg?resize=1320%2C594&amp;ssl=1 1320w\" sizes=\"auto, (max-width: 640px) 100vw, 640px\" \/><\/a><\/p>\n<p align=\"JUSTIFY\">\u00a0<\/p>\n","protected":false},"excerpt":{"rendered":"<p>Toca hoy mostrar nuestra solidaridad con los habitantes de la Isla de La Palma donde&#8230;<\/p>\n","protected":false},"author":1,"featured_media":49298,"comment_status":"closed","ping_status":"closed","sticky":false,"template":"","format":"standard","meta":{"_coblocks_attr":"","_coblocks_dimensions":"","_coblocks_responsive_height":"","_coblocks_accordion_ie_support":"","jetpack_post_was_ever_published":false,"_jetpack_newsletter_access":"","_jetpack_dont_email_post_to_subs":false,"_jetpack_newsletter_tier_id":0,"_jetpack_memberships_contains_paywalled_content":false,"_jetpack_memberships_contains_paid_content":false,"footnotes":"","jetpack_publicize_message":"","jetpack_publicize_feature_enabled":true,"jetpack_social_post_already_shared":false,"jetpack_social_options":{"image_generator_settings":{"template":"highway","default_image_id":0,"enabled":false},"version":2}},"categories":[2,182,6915,44,15],"tags":[81,85,123],"class_list":["post-49297","post","type-post","status-publish","format-standard","has-post-thumbnail","hentry","category-atarfe","category-deportes","category-opinion-de-manuel-jimenez","category-noticias-de-hoy","category-ultimas-noticias","tag-atarfe","tag-atletismo","tag-deportes"],"jetpack_publicize_connections":[],"jetpack_featured_media_url":"https:\/\/i0.wp.com\/miradordeatarfe.es\/wp-content\/uploads\/2021\/10\/Ana-Belen-Rgz-Sanchez-VI-Carrera-Autismo-Santa-Fe-03-10-21-podium.jpeg?fit=2048%2C1536&ssl=1","jetpack_likes_enabled":true,"jetpack_sharing_enabled":true,"_links":{"self":[{"href":"https:\/\/miradordeatarfe.es\/index.php?rest_route=\/wp\/v2\/posts\/49297","targetHints":{"allow":["GET"]}}],"collection":[{"href":"https:\/\/miradordeatarfe.es\/index.php?rest_route=\/wp\/v2\/posts"}],"about":[{"href":"https:\/\/miradordeatarfe.es\/index.php?rest_route=\/wp\/v2\/types\/post"}],"author":[{"embeddable":true,"href":"https:\/\/miradordeatarfe.es\/index.php?rest_route=\/wp\/v2\/users\/1"}],"replies":[{"embeddable":true,"href":"https:\/\/miradordeatarfe.es\/index.php?rest_route=%2Fwp%2Fv2%2Fcomments&post=49297"}],"version-history":[{"count":1,"href":"https:\/\/miradordeatarfe.es\/index.php?rest_route=\/wp\/v2\/posts\/49297\/revisions"}],"predecessor-version":[{"id":49302,"href":"https:\/\/miradordeatarfe.es\/index.php?rest_route=\/wp\/v2\/posts\/49297\/revisions\/49302"}],"wp:featuredmedia":[{"embeddable":true,"href":"https:\/\/miradordeatarfe.es\/index.php?rest_route=\/wp\/v2\/media\/49298"}],"wp:attachment":[{"href":"https:\/\/miradordeatarfe.es\/index.php?rest_route=%2Fwp%2Fv2%2Fmedia&parent=49297"}],"wp:term":[{"taxonomy":"category","embeddable":true,"href":"https:\/\/miradordeatarfe.es\/index.php?rest_route=%2Fwp%2Fv2%2Fcategories&post=49297"},{"taxonomy":"post_tag","embeddable":true,"href":"https:\/\/miradordeatarfe.es\/index.php?rest_route=%2Fwp%2Fv2%2Ftags&post=49297"}],"curies":[{"name":"wp","href":"https:\/\/api.w.org\/{rel}","templated":true}]}}