{"id":4938,"date":"2015-12-03T09:07:53","date_gmt":"2015-12-03T09:07:53","guid":{"rendered":"http:\/\/miradordeatarfe.es\/?p=4938"},"modified":"2015-12-04T23:12:44","modified_gmt":"2015-12-04T23:12:44","slug":"nace-el-boletin-informativo-entre-todos-atarfe","status":"publish","type":"post","link":"https:\/\/miradordeatarfe.es\/?p=4938","title":{"rendered":"Nace el bolet\u00edn informativo &#8216;Entre todos Atarfe&#8217;"},"content":{"rendered":"<p style=\"text-align: justify;\"><span class=\"contenidos_subtitulo\">La publicaci\u00f3n editada por el Ayuntamiento de Atarfe nace con vocaci\u00f3n de servicio p\u00fablico para informar de cuestiones de inter\u00e9s para los ciudadanos. Est\u00e1 abierta a la participaci\u00f3n ciudadana.<\/span><br \/>\n<!--more--><\/p>\n<p style=\"text-align: justify;\">Esta publicaci\u00f3n gratuita que tienen ante sus ojos, hoy en formato digital, ma\u00f1ana en papel, nace con vocaci\u00f3n de servicio p\u00fablico. Es una apuesta por el gobierno abierto, por la transparencia informativa que se inici\u00f3 en el presente mandato con<a class=\"enlaces_contenidos\" href=\"http:\/\/www.ciudadatarfe.com\/index.php?g=1&amp;c=1&amp;c2=&amp;f1=contenidos&amp;s1=see&amp;f2=&amp;s2=&amp;ob=&amp;spp=b0d756d69bd747c72331463b3caac26b\" target=\"_blank\"> <strong>la grabaci\u00f3n de los debates de los plenos municipales<\/strong><\/a>\u00a0y que se ha reforzado con el trabajo diario en la web y las redes sociales.\u00a0Pretendemos que sus p\u00e1ginas sirvan en un futuro para abrir el debate a la participaci\u00f3n ciudadana, en el que tengan cabida las distintas sensibilidades porque estamos convencidos de que \u2018entre todos\u2019 construiremos un futuro mejor para los vecinos y vecinas de Atarfe.<\/p>\n<p style=\"text-align: justify;\">En este n\u00famero <em>cero <\/em>se incluye una amplia extrevista con el alcalde <strong>Francisco Rodr\u00edguez Quesada,<\/strong> en la que se abordan distintos problemas ciudadanos y las actuaciones que se han puesto en marcha desde la toma de posesi\u00f3n del nuevo gobierno el pasado mes de julio. Tambi\u00e9n se recoge la opini\u00f3n de los portavoces de los grupos municipales <strong>Por Atarfe S\u00ed, Ciudadanos <\/strong>y<strong> Ganemos<\/strong>. No as\u00ed del <strong>PSOE <\/strong>y <strong>PP<\/strong>, a los que se les invit\u00f3 a participar. Esperamos contar con ellos en sucesivos n\u00fameros.<\/p>\n<p style=\"text-align: justify;\">Los lectores pueden acceder al estudio provisional que ha elaborado el equipo de gobierno sobre la <strong>deuda municipal<\/strong>, a los planes del gobierno para la<strong> cesi\u00f3n de suelo municipal a parados que quieran cultivar sus huertos ecol\u00f3gicos<\/strong>, al adelanto del <strong>futuro reglamenco de la bolsa de empleo<\/strong> o al <strong>plan de limpieza integral<\/strong> que se quiere poner en marcha de forma inmediata. Dedicamos la contraportada a <strong>la labor de los voluntarios de Protecci\u00f3n Civil<\/strong>, un ejemplo de compromiso social, y a las merecidas <strong>distinciones que han obtenido en los \u00faltimos meses nuestros centros educativos<\/strong>\u00a0y que tanto nos llenan de orgullo.<\/p>\n<p style=\"text-align: justify;\">La publicaci\u00f3n se puede descargar, imprimir o guardar en formato PDF en el siguiente\u00a0<a class=\"enlaces_contenidos\" href=\"http:\/\/www.ciudadatarfe.com\/ftp\/entre-todos-atarfe-diciembre-2015.pdf\" target=\"_blank\"><strong>enlace de nuestra web<\/strong><\/a>\u00a0o bien leer en el\u00a0<a class=\"enlaces_contenidos\" href=\"http:\/\/issuu.com\/ayuntamientodeatarfe\/docs\/entre_todos_atarfe-publicaci__n\/1\" target=\"_blank\"><strong>formato de visualizaci\u00f3n de revista digital<\/strong><\/a>\u00a0que ofrece la plataforma issuu.<\/p>\n<p style=\"text-align: justify;\">En los pr\u00f3ximos n\u00fameros se habilitar\u00e1 un espacio destinado a las <strong><em>Cartas ciudadanas<\/em><\/strong>, un ofrecimiento para que particip\u00e9is y nos hag\u00e1is llegar vuestras reflexiones y aportaciones. Os iremos informando en nuestras redes sociales y os invitamos a colaborar para mejorar \\\\\\\\\\&#8217;entre todos\\\\\\\\\\&#8217; nuestro querido Atarfe. \u00a1Gracias por seguirnos!<\/p>\n<p style=\"text-align: justify;\">AYUNTAMIENTO DE ATARFE<\/p>\n","protected":false},"excerpt":{"rendered":"<p>La publicaci\u00f3n editada por el Ayuntamiento de Atarfe nace con vocaci\u00f3n de servicio p\u00fablico para&#8230;<\/p>\n","protected":false},"author":1,"featured_media":4939,"comment_status":"closed","ping_status":"closed","sticky":false,"template":"","format":"standard","meta":{"_coblocks_attr":"","_coblocks_dimensions":"","_coblocks_responsive_height":"","_coblocks_accordion_ie_support":"","jetpack_post_was_ever_published":false,"_jetpack_newsletter_access":"","_jetpack_dont_email_post_to_subs":false,"_jetpack_newsletter_tier_id":0,"_jetpack_memberships_contains_paywalled_content":false,"_jetpack_memberships_contains_paid_content":false,"footnotes":"","jetpack_publicize_message":"","jetpack_publicize_feature_enabled":true,"jetpack_social_post_already_shared":false,"jetpack_social_options":{"image_generator_settings":{"template":"highway","default_image_id":0,"enabled":false},"version":2}},"categories":[2,12,1225,15],"tags":[81,1740,571],"class_list":["post-4938","post","type-post","status-publish","format-standard","has-post-thumbnail","hentry","category-atarfe","category-cultura","category-ha-de-atarfe","category-ultimas-noticias","tag-atarfe","tag-boletin-informaivo","tag-transparencia"],"jetpack_publicize_connections":[],"jetpack_featured_media_url":"https:\/\/i0.wp.com\/miradordeatarfe.es\/wp-content\/uploads\/2015\/12\/1433_1733_20151130184902.jpg?fit=442%2C567&ssl=1","jetpack_likes_enabled":true,"jetpack_sharing_enabled":true,"_links":{"self":[{"href":"https:\/\/miradordeatarfe.es\/index.php?rest_route=\/wp\/v2\/posts\/4938","targetHints":{"allow":["GET"]}}],"collection":[{"href":"https:\/\/miradordeatarfe.es\/index.php?rest_route=\/wp\/v2\/posts"}],"about":[{"href":"https:\/\/miradordeatarfe.es\/index.php?rest_route=\/wp\/v2\/types\/post"}],"author":[{"embeddable":true,"href":"https:\/\/miradordeatarfe.es\/index.php?rest_route=\/wp\/v2\/users\/1"}],"replies":[{"embeddable":true,"href":"https:\/\/miradordeatarfe.es\/index.php?rest_route=%2Fwp%2Fv2%2Fcomments&post=4938"}],"version-history":[{"count":1,"href":"https:\/\/miradordeatarfe.es\/index.php?rest_route=\/wp\/v2\/posts\/4938\/revisions"}],"predecessor-version":[{"id":4940,"href":"https:\/\/miradordeatarfe.es\/index.php?rest_route=\/wp\/v2\/posts\/4938\/revisions\/4940"}],"wp:featuredmedia":[{"embeddable":true,"href":"https:\/\/miradordeatarfe.es\/index.php?rest_route=\/wp\/v2\/media\/4939"}],"wp:attachment":[{"href":"https:\/\/miradordeatarfe.es\/index.php?rest_route=%2Fwp%2Fv2%2Fmedia&parent=4938"}],"wp:term":[{"taxonomy":"category","embeddable":true,"href":"https:\/\/miradordeatarfe.es\/index.php?rest_route=%2Fwp%2Fv2%2Fcategories&post=4938"},{"taxonomy":"post_tag","embeddable":true,"href":"https:\/\/miradordeatarfe.es\/index.php?rest_route=%2Fwp%2Fv2%2Ftags&post=4938"}],"curies":[{"name":"wp","href":"https:\/\/api.w.org\/{rel}","templated":true}]}}