{"id":49385,"date":"2021-10-09T11:51:51","date_gmt":"2021-10-09T09:51:51","guid":{"rendered":"https:\/\/miradordeatarfe.es\/?p=49385"},"modified":"2021-11-22T12:36:36","modified_gmt":"2021-11-22T11:36:36","slug":"49385","status":"publish","type":"post","link":"https:\/\/miradordeatarfe.es\/?p=49385","title":{"rendered":"\u00abEL MONUMENTO AL ATARFE\u00d1O\u00bb por Jos\u00e9 Enrique Granados"},"content":{"rendered":"<div class=\"kvgmc6g5 cxmmr5t8 oygrvhab hcukyx3x c1et5uql ii04i59q\">\n<h3 dir=\"auto\">Sabemos por la prensa que el monumento a Atarfe\u00f1o se inaugur\u00f3 el domingo 5 de septiembre de 1976. IDEAL se hizo eco de la noticia d\u00edas m\u00e1s tarde, el 7 de septiembre con una amplia cr\u00f3nica firmada por Cort\u00e9s.<\/h3>\n<div dir=\"auto\">\u00a0<\/div>\n<div dir=\"auto\">En la hemeroteca tambi\u00e9n nos encontramos con la noticia publicada en el mismo medio informativo el 2 de julio de 1961, en el que se comunica la bendici\u00f3n y colocaci\u00f3n de la primera piedra de dicho monumento. La cr\u00f3nica dice as\u00ed:<\/div>\n<div dir=\"auto\">\u00a0<\/div>\n<\/div>\n<div class=\"o9v6fnle cxmmr5t8 oygrvhab hcukyx3x c1et5uql ii04i59q\">\n<div dir=\"auto\" style=\"text-align: justify;\"><em>\u201cA las siete de la tarde se celebr\u00f3 en Atarfe el acto de la bendici\u00f3n y colocaci\u00f3n de la primera piedra del monumento a Miguel Morilla Atarfe\u00f1o\u201d que se levantar\u00e1 en la plaza de Calvo Sotelo.<\/em><\/div>\n<\/div>\n<div class=\"o9v6fnle cxmmr5t8 oygrvhab hcukyx3x c1et5uql ii04i59q\" style=\"text-align: justify;\">\n<div dir=\"auto\"><em>La presencia de las personalidades granadinas asistentes al acto fue iniciado con un repique general de campanas. Asistieron al acto el se\u00f1or vicario general de la di\u00f3cesis, doctor Cobo Gonz\u00e1lez; el rector de la universidad y presidente de la Junta provincial de lucha contra el c\u00e1ncer, doctor Mu\u00f1oz Fern\u00e1ndez; don Manuel Mej\u00edas \u201cBienvenida\u201d, se\u00f1or Biosca y se\u00f1ora, secretario nacional de la lucha contra el c\u00e1ncer, conde de Colomb\u00ed, jefe superior de polic\u00eda, se\u00f1or de la Vega Mac\u00edas y miembros de la comisi\u00f3n organizadora de la semana de exaltaci\u00f3n taurina.<\/em><\/div>\n<\/div>\n<div class=\"o9v6fnle cxmmr5t8 oygrvhab hcukyx3x c1et5uql ii04i59q\" style=\"text-align: justify;\">\n<div dir=\"auto\"><em>El alcalde de Atarfe, don Alfonso Bail\u00f3n y los miembros de la corporaci\u00f3n esperaron a los visitantes y la se\u00f1ora de Bail\u00f3n hizo entrega a la se\u00f1ora de Biosca de un hermoso ramo de flores. Acompa\u00f1ados de gran multitud de personas los visitantes pasaron a la iglesia parroquial donde se cant\u00f3 una salve solemne, a la que asistieron la totalidad de las se\u00f1oritas de la pe\u00f1a taurina femenina de Atarfe.<\/em><\/div>\n<\/div>\n<div class=\"o9v6fnle cxmmr5t8 oygrvhab hcukyx3x c1et5uql ii04i59q\" style=\"text-align: justify;\">\n<div dir=\"auto\"><em>Terminada la ceremonia religiosa se procedi\u00f3 a la bendici\u00f3n y colocaci\u00f3n de la primera piedra del monumento a Miguel Morilla \u201cAtarfe\u00f1o\u201d. En una caja se coloc\u00f3 un acta firmada por los asistentes, monedas varias y los peri\u00f3dicos del d\u00eda. En el acta firmaron con las autoridades de Atarfe, el conde de Colomb\u00ed, el se\u00f1or Biosca, don Manuel Mej\u00edas \u201cBienvenida\u201d y otros asistentes. En el acto fue recitada una emotiva poes\u00eda.<\/em><\/div>\n<\/div>\n<div class=\"o9v6fnle cxmmr5t8 oygrvhab hcukyx3x c1et5uql ii04i59q\">\n<div dir=\"auto\" style=\"text-align: justify;\"><em>Despu\u00e9s, en el Casino de Labradores de Atarfe, magn\u00edficamente adornado, pronunci\u00f3 una conferencia el se\u00f1or Palop, que fue presentado por Emilio Prieto. Tambi\u00e9n recitaron poes\u00edas los se\u00f1ores S\u00e1nchez Reina y Remis, qui\u00e9nes como el se\u00f1or Palop, fueron muy aplaudidos.<\/em><\/div>\n<div dir=\"auto\" style=\"text-align: justify;\"><em>El ayuntamiento obsequi\u00f3 despu\u00e9s a las personalidades asistentes con un vino espa\u00f1ol servido en los locales de la casa consistorial. Tambi\u00e9n el ayuntamiento hizo un donativo de 5.000 pesetas para la lucha contra el c\u00e1ncer.<\/em><\/div>\n<div dir=\"auto\" style=\"text-align: justify;\"><em>Todos los actos revistieron la mayor brillantez y Atarfe respondi\u00f3 de modo extraordinario al mejor esplendor de los actos organizados.\u201d<\/em><\/div>\n<\/div>\n<div class=\"o9v6fnle cxmmr5t8 oygrvhab hcukyx3x c1et5uql ii04i59q\">\n<div dir=\"auto\">\u00a0<\/div>\n<div dir=\"auto\">Llama la atenci\u00f3n el tiempo transcurrido en erigir el monumento, quince a\u00f1os. Desconozco si fue el mismo proyecto escult\u00f3rico o el primero se abandon\u00f3 y a\u00f1os m\u00e1s tarde se decidi\u00f3 levantar otro diferente.<\/div>\n<\/div>\n<div class=\"o9v6fnle cxmmr5t8 oygrvhab hcukyx3x c1et5uql ii04i59q\">\n<div dir=\"auto\">\u00bfAlguien podr\u00eda sacarnos de dudas?<\/div>\n<div dir=\"auto\">\u00a0<\/div>\n<div dir=\"auto\"><a href=\"https:\/\/i0.wp.com\/miradordeatarfe.es\/wp-content\/uploads\/2021\/10\/244471814_253057363494420_8172143909663406927_n.jpg?ssl=1\"><img data-recalc-dims=\"1\" loading=\"lazy\" decoding=\"async\" class=\"alignnone wp-image-49386 size-large\" src=\"https:\/\/i0.wp.com\/miradordeatarfe.es\/wp-content\/uploads\/2021\/10\/244471814_253057363494420_8172143909663406927_n.jpg?resize=618%2C762&#038;ssl=1\" alt=\"\" width=\"618\" height=\"762\" srcset=\"https:\/\/i0.wp.com\/miradordeatarfe.es\/wp-content\/uploads\/2021\/10\/244471814_253057363494420_8172143909663406927_n.jpg?resize=831%2C1024&amp;ssl=1 831w, https:\/\/i0.wp.com\/miradordeatarfe.es\/wp-content\/uploads\/2021\/10\/244471814_253057363494420_8172143909663406927_n.jpg?resize=244%2C300&amp;ssl=1 244w, https:\/\/i0.wp.com\/miradordeatarfe.es\/wp-content\/uploads\/2021\/10\/244471814_253057363494420_8172143909663406927_n.jpg?resize=768%2C946&amp;ssl=1 768w, https:\/\/i0.wp.com\/miradordeatarfe.es\/wp-content\/uploads\/2021\/10\/244471814_253057363494420_8172143909663406927_n.jpg?resize=1247%2C1536&amp;ssl=1 1247w, https:\/\/i0.wp.com\/miradordeatarfe.es\/wp-content\/uploads\/2021\/10\/244471814_253057363494420_8172143909663406927_n.jpg?resize=1320%2C1626&amp;ssl=1 1320w, https:\/\/i0.wp.com\/miradordeatarfe.es\/wp-content\/uploads\/2021\/10\/244471814_253057363494420_8172143909663406927_n.jpg?w=1617&amp;ssl=1 1617w\" sizes=\"auto, (max-width: 618px) 100vw, 618px\" \/><\/a><\/div>\n<\/div>\n<div class=\"o9v6fnle cxmmr5t8 oygrvhab hcukyx3x c1et5uql ii04i59q\">\n<div dir=\"auto\">Fotograf\u00eda del malogrado diestro, cortes\u00eda de Fernando y Laura Santamarina.<\/div>\n<\/div>\n<div class=\"o9v6fnle cxmmr5t8 oygrvhab hcukyx3x c1et5uql ii04i59q\">\n<div dir=\"auto\"><strong>Curiosidades elvirenses.<\/strong><\/div>\n<div dir=\"auto\">\u00a0<\/div>\n<\/div>\n","protected":false},"excerpt":{"rendered":"<p>Sabemos por la prensa que el monumento a Atarfe\u00f1o se inaugur\u00f3 el domingo 5 de&#8230;<\/p>\n","protected":false},"author":1,"featured_media":49390,"comment_status":"closed","ping_status":"closed","sticky":false,"template":"","format":"standard","meta":{"_coblocks_attr":"","_coblocks_dimensions":"","_coblocks_responsive_height":"","_coblocks_accordion_ie_support":"","jetpack_post_was_ever_published":false,"_jetpack_newsletter_access":"","_jetpack_dont_email_post_to_subs":false,"_jetpack_newsletter_tier_id":0,"_jetpack_memberships_contains_paywalled_content":false,"_jetpack_memberships_contains_paid_content":false,"footnotes":"","jetpack_publicize_message":"","jetpack_publicize_feature_enabled":true,"jetpack_social_post_already_shared":false,"jetpack_social_options":{"image_generator_settings":{"template":"highway","default_image_id":0,"enabled":false},"version":2}},"categories":[2,12,186,38,44,6539,15],"tags":[1114,8610],"class_list":["post-49385","post","type-post","status-publish","format-standard","has-post-thumbnail","hentry","category-atarfe","category-cultura","category-instituciones","category-opinion-de-jose-enrique-granados","category-noticias-de-hoy","category-personajes-de-ataref","category-ultimas-noticias","tag-atarfeno","tag-monumento-al-atarfeno"],"jetpack_publicize_connections":[],"jetpack_featured_media_url":"https:\/\/i0.wp.com\/miradordeatarfe.es\/wp-content\/uploads\/2021\/10\/244471814_253057363494420_8172143909663406927_n-2.jpg?fit=1617%2C1110&ssl=1","jetpack_likes_enabled":true,"jetpack_sharing_enabled":true,"_links":{"self":[{"href":"https:\/\/miradordeatarfe.es\/index.php?rest_route=\/wp\/v2\/posts\/49385","targetHints":{"allow":["GET"]}}],"collection":[{"href":"https:\/\/miradordeatarfe.es\/index.php?rest_route=\/wp\/v2\/posts"}],"about":[{"href":"https:\/\/miradordeatarfe.es\/index.php?rest_route=\/wp\/v2\/types\/post"}],"author":[{"embeddable":true,"href":"https:\/\/miradordeatarfe.es\/index.php?rest_route=\/wp\/v2\/users\/1"}],"replies":[{"embeddable":true,"href":"https:\/\/miradordeatarfe.es\/index.php?rest_route=%2Fwp%2Fv2%2Fcomments&post=49385"}],"version-history":[{"count":4,"href":"https:\/\/miradordeatarfe.es\/index.php?rest_route=\/wp\/v2\/posts\/49385\/revisions"}],"predecessor-version":[{"id":49393,"href":"https:\/\/miradordeatarfe.es\/index.php?rest_route=\/wp\/v2\/posts\/49385\/revisions\/49393"}],"wp:featuredmedia":[{"embeddable":true,"href":"https:\/\/miradordeatarfe.es\/index.php?rest_route=\/wp\/v2\/media\/49390"}],"wp:attachment":[{"href":"https:\/\/miradordeatarfe.es\/index.php?rest_route=%2Fwp%2Fv2%2Fmedia&parent=49385"}],"wp:term":[{"taxonomy":"category","embeddable":true,"href":"https:\/\/miradordeatarfe.es\/index.php?rest_route=%2Fwp%2Fv2%2Fcategories&post=49385"},{"taxonomy":"post_tag","embeddable":true,"href":"https:\/\/miradordeatarfe.es\/index.php?rest_route=%2Fwp%2Fv2%2Ftags&post=49385"}],"curies":[{"name":"wp","href":"https:\/\/api.w.org\/{rel}","templated":true}]}}