{"id":4956,"date":"2015-12-06T07:55:11","date_gmt":"2015-12-06T07:55:11","guid":{"rendered":"http:\/\/miradordeatarfe.es\/?p=4956"},"modified":"2015-12-08T17:01:36","modified_gmt":"2015-12-08T17:01:36","slug":"el-fiasco-del-black-friday-y-el-cyber-monday","status":"publish","type":"post","link":"https:\/\/miradordeatarfe.es\/?p=4956","title":{"rendered":"El fiasco del Black Friday y el Cyber Monday"},"content":{"rendered":"<div class=\"col-content\">\n<div class=\"commonBox mainHighlight\">\n<div class=\"contentHighlight\">\n<p style=\"text-align: justify;\">Ante las muchas sospechas\u00a0hechas p\u00fablicas por los consumidores, OCU ha seguido de cerca los precios de m\u00e1s de 1.500 productos durante los \u00faltimos 10 d\u00edas. El objetivo era comprobar si el Black Friday y el Cyber Monday merecen la expectaci\u00f3n generada.<\/p>\n<\/div>\n<\/div>\n<\/div>\n<p style=\"text-align: justify;\"><!--more-->El calendario del consumo (\u00bfo del consumismo?) se llena con nuevas fechas. Entre ellas destaca el Black Friday\u00a0y su resaca online, el Cyber Monday.\u00a0 Si hici\u00e9semos caso al bombardeo publicitario, creer\u00edamos estar ante dos d\u00edas ideales para comprar.\u00a0 Pero <strong>si usamos la calculadora\u00a0<\/strong>vemos que la realidad es otra.<\/p>\n<div class=\"col-content\">\n<div class=\"col-center-content\">\n<div id=\"c-ContentDetail-5\" class=\"contentDetailRoot jq-col-content\">\n<div class=\"commonBox contentDetail\">\n<h3 style=\"text-align: justify;\">Apenas hay rebajas<\/h3>\n<p style=\"text-align: justify;\">Hemos vigilado los <strong>precios de m\u00e1s de 1.500 productos<\/strong> en las principales <strong>tiendas online<\/strong>, comparando los que hab\u00eda antes de la fiebre consumista con los del Black Friday y el Cyber Monday:<\/p>\n<p style=\"text-align: justify;\"><img loading=\"lazy\" decoding=\"async\" src=\"http:\/\/www.ocu.org\/tecnologia\/internet-telefonia\/noticias\/el-fiasco-del-black-friday-y-el-cyber-monday\/download?ressourceUri=451F978038113F5AED3E0245BF5C82579488AD89\" alt=\"\" width=\"500\" height=\"340\" \/><\/p>\n<p style=\"text-align: justify;\">Aunque <strong>es posible encontrar chollos<\/strong> puntuales, los datos medios indican que <strong>las cadenas apenas hicieron rebajas<\/strong>.<\/p>\n<h3 style=\"text-align: justify;\">MediaMarkt: descuentos medios del 0%<\/h3>\n<p style=\"text-align: justify;\">Una de las tiendas m\u00e1s implicadas en el Black Friday, <strong>MediaMarkt, fue precisamente la que menos rebajas hizo<\/strong>: de media un 0%. Aunque bajaron el precio del 24% de sus productos, lo compensaron subiendo los de otro 20% de productos. Echando cuentas, <strong>el balance se queda a cero<\/strong>, como si nada hubiera pasado.<\/p>\n<p style=\"text-align: justify;\">Solo<strong> Fnac<\/strong> puede decir sin mentir que baj\u00f3 de forma generalizada sus precios (un 69% de ellos lo hicieron, frente a un 13% -casi todos de Apple- que subieron). El resto de cadenas se mueven entre rebajas medias apenas perceptibles (del 0,30%) y el 2,60% de <strong>El Corte Ingl\u00e9s<\/strong> y <strong>Worten<\/strong>. <strong>Redcoon<\/strong> fue la \u00fanica de las analizadas que no subi\u00f3 de precio ninguno de los productos monitorizados.<\/p>\n<h3 style=\"text-align: justify;\">El Cyber Monday es puro humo<\/h3>\n<p style=\"text-align: justify;\">Para el <strong>Cyber Monday\u00a0<\/strong>apenas si ha habido descuentos y de hecho 6 de las 9 tiendas analizadas subieron de media sus precios. Lejos de ser especial, en este lunes cibern\u00e9tico la mayor\u00eda de cadenas ha optado por recuperar los precios anteriores al Black Friday.<\/p>\n<p>&nbsp;<\/p>\n<div class=\"col-content\">\n<div class=\"col-center-content\">\n<div id=\"c-ContentDetail-5\" class=\"contentDetailRoot jq-col-content\">\n<div class=\"commonBox contentDetail\">\n<h3 style=\"text-align: justify;\">Para ahorrar hay que comparar<\/h3>\n<p style=\"text-align: justify;\">M\u00e1s all\u00e1 de presuntas rebajas y d\u00edas de saldos, existe una receta infalible para ahorrar en tus compras:<\/p>\n<p class=\"calltoaction\" style=\"text-align: justify;\"><a class=\"bigBtn\" href=\"http:\/\/www.ocu.org\/comparar-y-ahorrar\" target=\"_blank\">Los comparadores de OCU<\/a><\/p>\n<\/div>\n<\/div>\n<\/div>\n<\/div>\n<\/div>\n<\/div>\n<\/div>\n<\/div>\n","protected":false},"excerpt":{"rendered":"<p>Ante las muchas sospechas\u00a0hechas p\u00fablicas por los consumidores, OCU ha seguido de cerca los precios&#8230;<\/p>\n","protected":false},"author":1,"featured_media":4957,"comment_status":"closed","ping_status":"closed","sticky":false,"template":"","format":"standard","meta":{"_coblocks_attr":"","_coblocks_dimensions":"","_coblocks_responsive_height":"","_coblocks_accordion_ie_support":"","jetpack_post_was_ever_published":false,"_jetpack_newsletter_access":"","_jetpack_dont_email_post_to_subs":false,"_jetpack_newsletter_tier_id":0,"_jetpack_memberships_contains_paywalled_content":false,"_jetpack_memberships_contains_paid_content":false,"footnotes":"","jetpack_publicize_message":"","jetpack_publicize_feature_enabled":true,"jetpack_social_post_already_shared":false,"jetpack_social_options":{"image_generator_settings":{"template":"highway","default_image_id":0,"enabled":false},"version":2}},"categories":[9,15],"tags":[1748,1746,1747,1153],"class_list":["post-4956","post","type-post","status-publish","format-standard","has-post-thumbnail","hentry","category-medio-ambiente","category-ultimas-noticias","tag-comparativa","tag-comprar","tag-friday","tag-ocu"],"jetpack_publicize_connections":[],"jetpack_featured_media_url":"https:\/\/i0.wp.com\/miradordeatarfe.es\/wp-content\/uploads\/2015\/12\/el-fiasco-del-black-friday-y-el-cyber-monday.jpg?fit=250%2C114&ssl=1","jetpack_likes_enabled":true,"jetpack_sharing_enabled":true,"_links":{"self":[{"href":"https:\/\/miradordeatarfe.es\/index.php?rest_route=\/wp\/v2\/posts\/4956","targetHints":{"allow":["GET"]}}],"collection":[{"href":"https:\/\/miradordeatarfe.es\/index.php?rest_route=\/wp\/v2\/posts"}],"about":[{"href":"https:\/\/miradordeatarfe.es\/index.php?rest_route=\/wp\/v2\/types\/post"}],"author":[{"embeddable":true,"href":"https:\/\/miradordeatarfe.es\/index.php?rest_route=\/wp\/v2\/users\/1"}],"replies":[{"embeddable":true,"href":"https:\/\/miradordeatarfe.es\/index.php?rest_route=%2Fwp%2Fv2%2Fcomments&post=4956"}],"version-history":[{"count":3,"href":"https:\/\/miradordeatarfe.es\/index.php?rest_route=\/wp\/v2\/posts\/4956\/revisions"}],"predecessor-version":[{"id":4960,"href":"https:\/\/miradordeatarfe.es\/index.php?rest_route=\/wp\/v2\/posts\/4956\/revisions\/4960"}],"wp:featuredmedia":[{"embeddable":true,"href":"https:\/\/miradordeatarfe.es\/index.php?rest_route=\/wp\/v2\/media\/4957"}],"wp:attachment":[{"href":"https:\/\/miradordeatarfe.es\/index.php?rest_route=%2Fwp%2Fv2%2Fmedia&parent=4956"}],"wp:term":[{"taxonomy":"category","embeddable":true,"href":"https:\/\/miradordeatarfe.es\/index.php?rest_route=%2Fwp%2Fv2%2Fcategories&post=4956"},{"taxonomy":"post_tag","embeddable":true,"href":"https:\/\/miradordeatarfe.es\/index.php?rest_route=%2Fwp%2Fv2%2Ftags&post=4956"}],"curies":[{"name":"wp","href":"https:\/\/api.w.org\/{rel}","templated":true}]}}