{"id":4961,"date":"2015-12-07T07:01:02","date_gmt":"2015-12-07T07:01:02","guid":{"rendered":"http:\/\/miradordeatarfe.es\/?p=4961"},"modified":"2015-12-08T17:00:29","modified_gmt":"2015-12-08T17:00:29","slug":"piel-y-pelo-bonitos-sin-falsos-mitos","status":"publish","type":"post","link":"https:\/\/miradordeatarfe.es\/?p=4961","title":{"rendered":"Piel y pelo bonitos&#8230; sin falsos mitos"},"content":{"rendered":"<div class=\"col-content\">\n<div class=\"commonBox mainHighlight\">\n<div class=\"contentHighlight\">\n<p>Circulan muchos falsos mitos sobre la mejor manera de cuidar tu piel, tu cabello, tus u\u00f1as&#8230; <strong>Desmontamos 10 mentiras <\/strong>demasiado extendidas, falsos trucos de belleza que, lejos de ser efectivos, pueden ser hasta perjudiciales. Mira por qu\u00e9.<\/p>\n<\/div>\n<\/div>\n<\/div>\n<h3><!--more-->Cortarse el pelo hace que crezca m\u00e1s r\u00e1pido y m\u00e1s fuerte<\/h3>\n<div class=\"col-content\">\n<div class=\"col-center-content\">\n<div id=\"c-ContentDetail-6\" class=\"contentDetailRoot jq-col-content\">\n<div class=\"commonBox contentDetail\">\n<p><strong>El corte no influye<\/strong> en el ritmo o el ciclo de crecimiento del pelo y tampoco en la cantidad de cabellos, simplemente puede haber un efecto \u00f3ptico sobre la densidad que percibimos al cortar las puntas, que suelen estar m\u00e1s deterioradas.<\/p>\n<ul>\n<li><strong>Consejo OCU.<\/strong>\u00a0Para cuidar tu cabello lo mejor es lavarlo con agua templada, evitar peinar el pelo cuando est\u00e1 mojado (porque es m\u00e1s d\u00e9bil y se cae m\u00e1s f\u00e1cilmente), secar con una toalla sin frotar y con secador a baja temperatura.<\/li>\n<\/ul>\n<h3>Si te lavas el pelo todos los d\u00edas se engrase m\u00e1s<\/h3>\n<p>Antes los champ\u00fas conten\u00edan agentes de lavado bastante agresivos que retiraban en exceso la grasa natural, lo que pod\u00eda ocasionar que las gl\u00e1ndulas seb\u00e1ceas produjeran m\u00e1s grasa despu\u00e9s del lavado, pero ahora los champ\u00fas <strong>est\u00e1n adaptados para el lavado diario<\/strong>.<\/p>\n<ul>\n<li><strong>Consejo OCU.<\/strong>\u00a0L\u00e1vate el pelo con la frecuencia que necesites para mantenerlo limpio. Eso s\u00ed, es importante aclarar bien cualquier resto de champ\u00fa. Si tu cabello es graso, no se aconseja usar suavizante, que puede apelmazar m\u00e1s el cabello.<\/li>\n<\/ul>\n<h3>Un gel de pH neutro es m\u00e1s suave para la piel<\/h3>\n<p>El pH es una escala de 0 a 14 que se usa para medir la acidez de las sustancias, el neutro se sit\u00faa en el 7. La piel es \u00e1cida (entre 4,6 y 5,5), y por tanto los cosm\u00e9ticos deben estar ajustados a este mismo pH para ayudar a mantener las funciones de la epidermis:<strong>\u00a0lo mejor para la piel es un pH ligeramente \u00e1cido<\/strong>. \u00bfA qu\u00e9 se refiere un gel cuando dice que es \u00abneutro\u00bb? No es claro.<\/p>\n<ul>\n<li><strong>Consejo OCU.<\/strong>\u00a0Ten en cuenta que pese a los muchos ingredientes que los fabricantes incluyan y promuevan en los geles, estos productos est\u00e1n poco tiempo en contacto con la piel por lo que apenas pueden ejercer efecto. Lo que se les debe pedir es que, adem\u00e1s de cumplir su funci\u00f3n de higiene, no resequen la piel.<\/li>\n<\/ul>\n<div class=\"banner_content\"><\/div>\n<div id=\"c-ContentDetail-6\" class=\"commonBox cocRelatedToTheme\">\n<div class=\"galleryarea\">\n<div>\n<div>\n<ul class=\"paging\">\n<li>\n<div>\n<p><img data-recalc-dims=\"1\" decoding=\"async\" class=\"jq_mediagallery_picture_2\" title=\"\" src=\"https:\/\/i0.wp.com\/media1.ocu.org\/\/images\/2C0CE7F158E58905928753D27E30B507EABAD6AB\/h105-w155-c4-he\/tmpea19.jpg?w=640\" alt=\"\" \/><\/p>\n<div><img data-recalc-dims=\"1\" decoding=\"async\" class=\"jq_mediagallery_picture_2\" title=\"\" src=\"https:\/\/i0.wp.com\/media3.ocu.org\/\/images\/1B743FD00EAD747E1C2625551AB404D6ADA08E6E\/h105-w155-c4-he\/tmp86a3.jpg?w=640\" alt=\"\" \/><\/div>\n<\/div>\n<\/li>\n<li><\/li>\n<li>\n<div><img data-recalc-dims=\"1\" decoding=\"async\" class=\"jq_mediagallery_picture_2\" title=\"\" src=\"https:\/\/i0.wp.com\/media3.ocu.org\/\/images\/4A5558D8F9DE29D9D16DC5E6AB573450CE917C8C\/h105-w155-c4-he\/tmp8702.jpg?w=640\" alt=\"\" \/><\/div>\n<\/li>\n<\/ul>\n<\/div>\n<\/div>\n<\/div>\n<\/div>\n<h3>Los cacaos labiales son adictivos<\/h3>\n<p>Los protectores labiales dejan una capa grasa sobre los labios y\u00a0combaten la sensaci\u00f3n de sequedad: usarlos frecuentemente se puede convertir en h\u00e1bito en personas que no toleran esa sensaci\u00f3n y recurren constantemente a estas barras, pero sus ingredientes no son adictivos.<\/p>\n<ul>\n<li><strong>Consejo OCU. <\/strong>No es necesario aplicarse protector labial continuamente. Aunque la piel de los labios no produce grasa como el resto de la piel, se regenera r\u00e1pidamente. En <strong>climas secos, ante el fr\u00edo, en caso de viento<\/strong> o cuando hay cambios bruscos de temperatura el cacao para labios puede actuar como aislante y ayudar a mantener los labios hidratados y en buen estado.<\/li>\n<\/ul>\n<h3>El esmalte impide respirar a las u\u00f1as<\/h3>\n<p><strong>La u\u00f1a no necesita ox\u00edgeno<\/strong> y no respira: se compone de capas de queratina y seg\u00fan se van alejando de la matriz son c\u00e9lulas muertas, por eso las podemos cortar sin que nos duela. Los productos quitaesmaltes contienen disolventes, que pueden debilitar la superficie de las u\u00f1as. Los esmaltes semipermanentes son m\u00e1s da\u00f1inos que los normales.<\/p>\n<ul>\n<li><strong>Consejo OCU.<\/strong>\u00a0Utiliza una crema hidratante despu\u00e9s de retirar el esmalte de u\u00f1as. Tambi\u00e9n ayuda dejar las u\u00f1as sin pintar por un tiempo.<\/li>\n<\/ul>\n<h3>Las pomadas para las hemorroides son buenas para las bolsas y ojeras<\/h3>\n<p>Un falso \u00abtruco de belleza\u00bb sin fundamento afirma que aplicarse cremas para las hemorroides puede ser \u00fatil para reducir las bolsas y ojeras. Estas cremas contienen f\u00e1rmacos vasoconstrictores, anest\u00e9sicos locales&#8230; y no se ha demostrado su eficacia y seguridad para este uso: adem\u00e1s de no ser \u00fatiles, usarlas en la delicada zona del contorno del ojo puede ser perjudicial.<\/p>\n<ul>\n<li><strong>Consejo OCU. <\/strong>Vitaminas como la C, E y K s\u00ed son capaces de mejorar ligeramente la pigmentaci\u00f3n, la laxitud y retenci\u00f3n de l\u00edquidos propias de bolsas y ojeras: por eso puede ayudar recurrir a las rodajas de pepino, un vegetal rico en esas sustancias, as\u00ed como usar fr\u00edo, que es descongestivo.<\/li>\n<\/ul>\n<h3>La pasta de dientes seca espinillas y granos<\/h3>\n<p>Este truco<strong> no tiene ning\u00fan fundamento<\/strong>\u00a0e incluso puede empeorar la inflamaci\u00f3n de la espinilla, obstruyendo el comed\u00f3n e irritando la piel.<\/p>\n<ul>\n<li><strong>Consejo OCU.<\/strong>\u00a0Si tienes acn\u00e9, los productos con per\u00f3xido de benzoilo pueden ayudar: consulta con un dermat\u00f3logo para buscar un medicamento adecuado para ti.<\/li>\n<\/ul>\n<h3><\/h3>\n<div id=\"c-ContentDetail-6\" class=\"commonBox cocRelatedToTheme\">\n<div class=\"galleryarea\">\n<div>\n<div>\n<ul class=\"paging\">\n<li>\n<div><img data-recalc-dims=\"1\" height=\"58\" width=\"640\" decoding=\"async\" class=\"jq_mediagallery_picture_4\" title=\"\" src=\"https:\/\/i0.wp.com\/media1.ocu.org\/\/images\/15AEE714B6A29571441CA424D90CD90BE4A23214\/h105-w155-c4-he\/865d6cf7-3a86-43d8-b85e-0d6a4ba6c0falimpieza-facial-1250x114.jpg?resize=640%2C58\" alt=\"\" \/><\/div>\n<\/li>\n<li>\n<div><img data-recalc-dims=\"1\" decoding=\"async\" class=\"jq_mediagallery_picture_4\" title=\"\" src=\"https:\/\/i0.wp.com\/media3.ocu.org\/\/images\/A471EE291D2B9D55E28B2D0E94ECBF4FC43A8E16\/h105-w155-c4-he\/tmpfef2.jpg?w=640\" alt=\"Mujer ti\u00f1\u00e9ndose el pelo en una peluquer\u00eda\" \/><\/div>\n<\/li>\n<li>\n<div><img data-recalc-dims=\"1\" decoding=\"async\" class=\"jq_mediagallery_picture_4\" title=\"\" src=\"https:\/\/i0.wp.com\/media1.ocu.org\/\/images\/9E920225CF1842F5E8E27857E09C984BC1DA1D8E\/h105-w155-c4-he\/tmp38cb.jpg?w=640\" alt=\"\" \/><\/div>\n<\/li>\n<\/ul>\n<\/div>\n<\/div>\n<\/div>\n<\/div>\n<h3>Beber mucha agua mejora el aspecto de la piel<\/h3>\n<p>Mantener un grado de hidrataci\u00f3n adecuado es necesario para el buen funcionamiento de nuestro cuerpo y todos sus \u00f3rganos y tejidos, pero beber m\u00e1s de dos litros de agua no ha demostrado efectos beneficiosos sobre la piel, ni mejorar las arrugas, el grosor, o el aspecto de la piel.<\/p>\n<ul>\n<li><strong>Consejo OCU.<\/strong>\u00a0Las cremas hidratantes contienen grasas que forman una barrera que protege contra la deshidrataci\u00f3n. En verano, adem\u00e1s es<strong>\u00a0importante utilizar adem\u00e1s protecci\u00f3n solar<\/strong>.<\/li>\n<\/ul>\n<h3>Una piel sensible necesita productos hipoalerg\u00e9nicos<\/h3>\n<p>Este reclamo, que aparece en muchos cosm\u00e9ticos, lleva a pensar que ese producto no producir\u00e1 alergias y que es apto para pieles sensibles o reactivas. La realidad es que el t\u00e9rmino hipoalerg\u00e9nico <strong>no garantiza la ausencia total de reacciones <\/strong>al\u00e9rgicas. No hay definici\u00f3n legal, ni m\u00e9todos oficiales aceptados para probar esta alegaci\u00f3n, con lo que para cada fabricante puede significar una cosa diferente. Los\u00a0mayores alergenos son las fragancias, naturales o sint\u00e9ticas, as\u00ed como los\u00a0conservantes\u00a0o algunos ingredientes de los tintes.<\/p>\n<ul>\n<li><strong>Consejo OCU.\u00a0<\/strong>F\u00edjate bien en las etiquetas. Evita problemas eligiendo productos libres de perfumes, sin conservantes, etc. Busca los que no contengan tampoco sustancias irritantes (como alcohol, o algunos detergentes).<\/li>\n<\/ul>\n<h3>Las pieles maduras deben usar cremas especiales<\/h3>\n<p>El tipo de piel no est\u00e1 tan condicionado por la edad como creemos. As\u00ed, la piel madura no tiene por qu\u00e9 ser una piel seca, igual que una piel con acn\u00e9 no se da solo en adolescentes. Los tipos de piel seca o grasa los tienen mujeres de todas las edades: un buen producto se tiene que adecuar al tipo de piel y no a la edad.<\/p>\n<ul>\n<li><strong>Consejo OCU. <\/strong>Lo m\u00e1s importante es que los ingredientes que contienen las f\u00f3rmulas sean adecuados y se adapten a tu tipo de piel. Nuestro an\u00e1lisis de cremas antiarrugas mostr\u00f3 que en general todas hidratan la piel, pero solo algunas consiguen reducir levemente las arrugas.<\/li>\n<\/ul>\n<\/div>\n<div class=\"commonBox contentDetailBottom\"><\/div>\n<\/div>\n<\/div>\n<\/div>\n","protected":false},"excerpt":{"rendered":"<p>Circulan muchos falsos mitos sobre la mejor manera de cuidar tu piel, tu cabello, tus&#8230;<\/p>\n","protected":false},"author":1,"featured_media":4962,"comment_status":"closed","ping_status":"closed","sticky":false,"template":"","format":"standard","meta":{"_coblocks_attr":"","_coblocks_dimensions":"","_coblocks_responsive_height":"","_coblocks_accordion_ie_support":"","jetpack_post_was_ever_published":false,"_jetpack_newsletter_access":"","_jetpack_dont_email_post_to_subs":false,"_jetpack_newsletter_tier_id":0,"_jetpack_memberships_contains_paywalled_content":false,"_jetpack_memberships_contains_paid_content":false,"footnotes":"","jetpack_publicize_message":"","jetpack_publicize_feature_enabled":true,"jetpack_social_post_already_shared":false,"jetpack_social_options":{"image_generator_settings":{"template":"highway","default_image_id":0,"enabled":false},"version":2}},"categories":[15,10],"tags":[1750,1153,1749],"class_list":["post-4961","post","type-post","status-publish","format-standard","has-post-thumbnail","hentry","category-ultimas-noticias","category-salud","tag-cuidados","tag-ocu","tag-recetas"],"jetpack_publicize_connections":[],"jetpack_featured_media_url":"https:\/\/i0.wp.com\/miradordeatarfe.es\/wp-content\/uploads\/2015\/12\/10-mentiras-piel.jpg?fit=250%2C113&ssl=1","jetpack_likes_enabled":true,"jetpack_sharing_enabled":true,"_links":{"self":[{"href":"https:\/\/miradordeatarfe.es\/index.php?rest_route=\/wp\/v2\/posts\/4961","targetHints":{"allow":["GET"]}}],"collection":[{"href":"https:\/\/miradordeatarfe.es\/index.php?rest_route=\/wp\/v2\/posts"}],"about":[{"href":"https:\/\/miradordeatarfe.es\/index.php?rest_route=\/wp\/v2\/types\/post"}],"author":[{"embeddable":true,"href":"https:\/\/miradordeatarfe.es\/index.php?rest_route=\/wp\/v2\/users\/1"}],"replies":[{"embeddable":true,"href":"https:\/\/miradordeatarfe.es\/index.php?rest_route=%2Fwp%2Fv2%2Fcomments&post=4961"}],"version-history":[{"count":2,"href":"https:\/\/miradordeatarfe.es\/index.php?rest_route=\/wp\/v2\/posts\/4961\/revisions"}],"predecessor-version":[{"id":4964,"href":"https:\/\/miradordeatarfe.es\/index.php?rest_route=\/wp\/v2\/posts\/4961\/revisions\/4964"}],"wp:featuredmedia":[{"embeddable":true,"href":"https:\/\/miradordeatarfe.es\/index.php?rest_route=\/wp\/v2\/media\/4962"}],"wp:attachment":[{"href":"https:\/\/miradordeatarfe.es\/index.php?rest_route=%2Fwp%2Fv2%2Fmedia&parent=4961"}],"wp:term":[{"taxonomy":"category","embeddable":true,"href":"https:\/\/miradordeatarfe.es\/index.php?rest_route=%2Fwp%2Fv2%2Fcategories&post=4961"},{"taxonomy":"post_tag","embeddable":true,"href":"https:\/\/miradordeatarfe.es\/index.php?rest_route=%2Fwp%2Fv2%2Ftags&post=4961"}],"curies":[{"name":"wp","href":"https:\/\/api.w.org\/{rel}","templated":true}]}}