{"id":4965,"date":"2015-12-08T08:22:06","date_gmt":"2015-12-08T08:22:06","guid":{"rendered":"http:\/\/miradordeatarfe.es\/?p=4965"},"modified":"2015-12-09T10:05:47","modified_gmt":"2015-12-09T10:05:47","slug":"como-son-las-nuevas-bajas-laborales-y-partes-medicos","status":"publish","type":"post","link":"https:\/\/miradordeatarfe.es\/?p=4965","title":{"rendered":"\u00bfC\u00f3mo son las nuevas bajas laborales y partes m\u00e9dicos?"},"content":{"rendered":"<p>A partir de ahora habr\u00e1 cuatro partes de baja: de muy corta duraci\u00f3n (menos de cinco d\u00edas naturales); corta duraci\u00f3n (de 5 a 30 d\u00edas); duraci\u00f3n media (de 31 a 61 d\u00edas) y larga duraci\u00f3n (si el trabajador va a estar de baja m\u00e1s de 61 d\u00edas)<!--more--><\/p>\n<p>El nuevo sistema de partes m\u00e9dicos en los procesos de incapacidad laboral transitoria (bajas laborales) entr\u00f3 este martes en vigor. A partir de ahora habr\u00e1 cuatro partes de baja: de muy corta duraci\u00f3n (menos de cinco d\u00edas naturales); corta duraci\u00f3n (de 5 a 30 d\u00edas); duraci\u00f3n media (de 31 a 61 d\u00edas) y larga duraci\u00f3n (si el trabajador va a estar de baja m\u00e1s de 61 d\u00edas).<\/p>\n<aside class=\"compSumario\">Hay tablas de duraci\u00f3n \u00f3ptima de la baja basadas en el diagn\u00f3stico de la enfermedad, la ocupaci\u00f3n y la edad del enfermo<\/aside>\n<p>Se han establecido unas tablas de duraci\u00f3n \u00f3ptima de la baja basadas en el diagn\u00f3stico de la enfermedad, la ocupaci\u00f3n y la edad del enfermo, aunque la duraci\u00f3n estimada ser\u00e1 fijada por el m\u00e9dico correspondiente.<\/p>\n<p>En las bajas muy cortas no ser\u00e1 necesario que el trabajador recoja el parte de alta porque el mismo m\u00e9dico lo emitir\u00e1 al darle la baja. Si el periodo supera los cinco d\u00edas, el parte de baja indicar\u00e1 la fecha de revisi\u00f3n, que deber\u00e1 efectuarse la primera vez el s\u00e9ptimo d\u00eda del parte de baja para los casos de duraci\u00f3n corta y media, y al d\u00e9cimocuarto d\u00eda en bajas de larga duraci\u00f3n.<\/p>\n<p>El Gobierno aprob\u00f3 hace seis meses el real decreto de gesti\u00f3n y control de procesos de incapacidad temporal tras rebajar la ambici\u00f3n inicial de permitir a las mutuas emitir el alta en las ILT.En las bajas muy cortas no ser\u00e1 necesario que el trabajador recoja el parte de alta porque el mismo m\u00e9dico lo emitir\u00e1 al darle la baja<\/p>\n<p><span id=\"U30121693416628tlB\">El colectivo de los m\u00e9dicos de la sanidad p\u00fablica se opuso<\/span> y con la norma que ha entrado en vigor, los partes de alta m\u00e9dica<strong> los expide el m\u00e9dico del servicio p\u00fablico<\/strong> o el inspector del Instituto Nacional de la Seguridad Social.<\/p>\n<p>No obstante, las mutuas pueden solicitar a la Inspecci\u00f3n M\u00e9dica y al INSS el alta, si el m\u00e9dico correspondiente deniega el alta. La ministra de Empleo, F\u00e1tima B\u00e1\u00f1ez, asegur\u00f3 que con el nuevo sistema se reducir\u00e1 el absentismo. Para el secretario general de UGT, C\u00e1ndido M\u00e9ndez, el otorgamiento de bajas laborales \u00abdebe quedar en el \u00e1mbito del servicio p\u00fablico de salud\u00bb y \u00abno puede ser utilizado como un m\u00e9todo de control de los trabajadores\u00bb.<\/p>\n","protected":false},"excerpt":{"rendered":"<p>A partir de ahora habr\u00e1 cuatro partes de baja: de muy corta duraci\u00f3n (menos de&#8230;<\/p>\n","protected":false},"author":1,"featured_media":4966,"comment_status":"closed","ping_status":"closed","sticky":false,"template":"","format":"standard","meta":{"_coblocks_attr":"","_coblocks_dimensions":"","_coblocks_responsive_height":"","_coblocks_accordion_ie_support":"","jetpack_post_was_ever_published":false,"_jetpack_newsletter_access":"","_jetpack_dont_email_post_to_subs":false,"_jetpack_newsletter_tier_id":0,"_jetpack_memberships_contains_paywalled_content":false,"_jetpack_memberships_contains_paid_content":false,"footnotes":"","jetpack_publicize_message":"","jetpack_publicize_feature_enabled":true,"jetpack_social_post_already_shared":false,"jetpack_social_options":{"image_generator_settings":{"template":"highway","default_image_id":0,"enabled":false},"version":2}},"categories":[1161,15,10],"tags":[1752,1753,805],"class_list":["post-4965","post","type-post","status-publish","format-standard","has-post-thumbnail","hentry","category-ciudadania","category-ultimas-noticias","category-salud","tag-bajas","tag-ilt","tag-medicos"],"jetpack_publicize_connections":[],"jetpack_featured_media_url":"https:\/\/i0.wp.com\/miradordeatarfe.es\/wp-content\/uploads\/2015\/12\/bajas-575x323.jpg?fit=575%2C323&ssl=1","jetpack_likes_enabled":true,"jetpack_sharing_enabled":true,"_links":{"self":[{"href":"https:\/\/miradordeatarfe.es\/index.php?rest_route=\/wp\/v2\/posts\/4965","targetHints":{"allow":["GET"]}}],"collection":[{"href":"https:\/\/miradordeatarfe.es\/index.php?rest_route=\/wp\/v2\/posts"}],"about":[{"href":"https:\/\/miradordeatarfe.es\/index.php?rest_route=\/wp\/v2\/types\/post"}],"author":[{"embeddable":true,"href":"https:\/\/miradordeatarfe.es\/index.php?rest_route=\/wp\/v2\/users\/1"}],"replies":[{"embeddable":true,"href":"https:\/\/miradordeatarfe.es\/index.php?rest_route=%2Fwp%2Fv2%2Fcomments&post=4965"}],"version-history":[{"count":1,"href":"https:\/\/miradordeatarfe.es\/index.php?rest_route=\/wp\/v2\/posts\/4965\/revisions"}],"predecessor-version":[{"id":4967,"href":"https:\/\/miradordeatarfe.es\/index.php?rest_route=\/wp\/v2\/posts\/4965\/revisions\/4967"}],"wp:featuredmedia":[{"embeddable":true,"href":"https:\/\/miradordeatarfe.es\/index.php?rest_route=\/wp\/v2\/media\/4966"}],"wp:attachment":[{"href":"https:\/\/miradordeatarfe.es\/index.php?rest_route=%2Fwp%2Fv2%2Fmedia&parent=4965"}],"wp:term":[{"taxonomy":"category","embeddable":true,"href":"https:\/\/miradordeatarfe.es\/index.php?rest_route=%2Fwp%2Fv2%2Fcategories&post=4965"},{"taxonomy":"post_tag","embeddable":true,"href":"https:\/\/miradordeatarfe.es\/index.php?rest_route=%2Fwp%2Fv2%2Ftags&post=4965"}],"curies":[{"name":"wp","href":"https:\/\/api.w.org\/{rel}","templated":true}]}}