{"id":49695,"date":"2021-10-20T11:41:15","date_gmt":"2021-10-20T09:41:15","guid":{"rendered":"http:\/\/miradordeatarfe.es\/?p=49695"},"modified":"2023-10-21T18:54:50","modified_gmt":"2023-10-21T16:54:50","slug":"d-antonio-malpica-cuello-director-del-proyecto-general-de-investigacion-la-ciudad-de-madinat-ilbira-se-ha-jubilado","status":"publish","type":"post","link":"https:\/\/miradordeatarfe.es\/?p=49695","title":{"rendered":"D. ANTONIO MALPICA CUELLO Director del Proyecto General de Investigaci\u00f3n \u00abLa ciudad de Madinat Ilbira\u00bb se ha jubilado."},"content":{"rendered":"<h3 dir=\"auto\">El profesor Antonio Malpica Cuello, impulsor de los estudios arqueol\u00f3gicos en el yacimiento de Medina Elvira en el siglo XXI, se ha jubilado el pasado 30 de septiembre despu\u00e9s de m\u00e1s de cuarenta a\u00f1os de servicio universitario.<\/h3>\n<div dir=\"auto\" style=\"text-align: justify;\">El catedr\u00e1tico, a sus 70 a\u00f1os, ha decidido jubilarse despu\u00e9s de una intensa vida acad\u00e9mica, dedicada al estudio de la historia y la arqueolog\u00eda medieval. Entre sus investigaciones se encuentran lugares tan emblem\u00e1ticos como la propia Alhambra, distintos lugares de la ciudad de Granada, o los castillos de \u00cdllora o Mocl\u00edn, adem\u00e1s de otros proyectos sobre el paisaje, la producci\u00f3n de az\u00facar, la explotaci\u00f3n de la sal, la agricultura, la ganader\u00eda o la relaci\u00f3n de los seres humanos con los humedales y lagunas de Andaluc\u00eda. Pero de entre todas ellas destaca sobre todo los casi veinte a\u00f1os que ha dedicado a investigar el yacimiento de Medina Elvira, la ciudad isl\u00e1mica que se sit\u00faa en las cercan\u00edas de Atarfe, en donde ha impulsado prospecciones, excavaciones arqueol\u00f3gicas, estudios de fauna, de cer\u00e1mica, de metal e incluso ha propiciado la intervenci\u00f3n de equipos internacionales.\u00a0<\/div>\n<div dir=\"auto\" style=\"text-align: justify;\">\u00a0<\/div>\n<div dir=\"auto\" style=\"text-align: justify;\">El acto que se ha celebrado en la Facultad de Filosof\u00eda y Letras de la Universidad de Granada ha sido una entrevista dentro del ciclo \u201cVidas Maestras\u201d que rinde tributo a los profesores que han ido mucho m\u00e1s all\u00e1 de la simple dedicaci\u00f3n docente, convirti\u00e9ndose en aut\u00e9nticos maestros. Tras una presentaci\u00f3n que realiz\u00f3 el decano de la facultad, Jos\u00e9 Antonio P\u00e9rez Tapias, dos fueron las personas de entrevistar al insigne medievalista: uno de sus m\u00e1s antiguos compa\u00f1eros y colega, el catedr\u00e1tico de Antropolog\u00eda Jos\u00e9 Antonio Gonz\u00e1lez Alcantud, y uno de sus \u00faltimos disc\u00edpulos, el profesor de Arqueolog\u00eda Medieval Guillermo Garc\u00eda-Contreras. El acto, que llen\u00f3 la sala Garc\u00eda Lorca de la facultad, cont\u00f3 con la presencia de antiguos alumnos y disc\u00edpulos, profesores del que ha sido su Departamento todos estos a\u00f1os, otros profesores de la misma Facultad, as\u00ed como otros colegas, editores, arquitectos o simplemente amigos que no quisieron perderse el acto. Tambi\u00e9n hubo representantes del Ayuntamiento de Castell de Ferro, su pueblo natal donde actualmente reside, y miembros de la Asociaci\u00f3n La Cora de Ilbira que no quisieron perderse el sentido homenaje que la Universidad de Granada ha querido tener con el maestro Antonio Malpica Cuello.<\/div>\n<div dir=\"auto\" style=\"text-align: justify;\">\u00a0<\/div>\n<div dir=\"auto\"><a href=\"http:\/\/www.medinaelvira.org\/equipo\/23\/guillermo\">Guillermo Garc\u00eda-Contreras Ruiz<\/a><\/div>\n<div dir=\"auto\"><span class=\"cargo_nombre\">PROFESOR CONTRATADO DOCTOR INDEFINIDO <\/span> <br \/>\n<span class=\"cargo_entidad\"> Departamento de Historia Medieval y Ciencias y T\u00e9cnicas Historiogr\u00e1ficas<\/span><\/div>\n<div dir=\"auto\"><a href=\"https:\/\/i0.wp.com\/miradordeatarfe.es\/wp-content\/uploads\/2021\/10\/IMG-20211020-WA0007.jpg?ssl=1\"><img data-recalc-dims=\"1\" loading=\"lazy\" decoding=\"async\" class=\"alignnone wp-image-49697 size-full\" src=\"https:\/\/i0.wp.com\/miradordeatarfe.es\/wp-content\/uploads\/2021\/10\/IMG-20211020-WA0007.jpg?resize=640%2C461&#038;ssl=1\" alt=\"\" width=\"640\" height=\"461\" srcset=\"https:\/\/i0.wp.com\/miradordeatarfe.es\/wp-content\/uploads\/2021\/10\/IMG-20211020-WA0007.jpg?w=2048&amp;ssl=1 2048w, https:\/\/i0.wp.com\/miradordeatarfe.es\/wp-content\/uploads\/2021\/10\/IMG-20211020-WA0007.jpg?resize=300%2C216&amp;ssl=1 300w, https:\/\/i0.wp.com\/miradordeatarfe.es\/wp-content\/uploads\/2021\/10\/IMG-20211020-WA0007.jpg?resize=1024%2C738&amp;ssl=1 1024w, https:\/\/i0.wp.com\/miradordeatarfe.es\/wp-content\/uploads\/2021\/10\/IMG-20211020-WA0007.jpg?resize=768%2C554&amp;ssl=1 768w, https:\/\/i0.wp.com\/miradordeatarfe.es\/wp-content\/uploads\/2021\/10\/IMG-20211020-WA0007.jpg?resize=1536%2C1107&amp;ssl=1 1536w, https:\/\/i0.wp.com\/miradordeatarfe.es\/wp-content\/uploads\/2021\/10\/IMG-20211020-WA0007.jpg?resize=1320%2C951&amp;ssl=1 1320w, https:\/\/i0.wp.com\/miradordeatarfe.es\/wp-content\/uploads\/2021\/10\/IMG-20211020-WA0007.jpg?w=1920&amp;ssl=1 1920w\" sizes=\"auto, (max-width: 640px) 100vw, 640px\" \/><\/a><\/div>\n<div dir=\"auto\">\u00a0<\/div>\n<div dir=\"auto\">\u00a0<\/div>\n<div dir=\"auto\"><strong>NOTA DEL MIRADOR<\/strong>: Desde este MIRADOR DE ATARFE creemos que es un buen momento para agradecerle al profesor Malpica y Director de las excavaciones de Medina Elvira realizadas en los \u00faltimos a\u00f1os un HOMENAJE o AGRADECIMIENTO por todo lo realizado.<\/div>\n","protected":false},"excerpt":{"rendered":"<p>El profesor Antonio Malpica Cuello, impulsor de los estudios arqueol\u00f3gicos en el yacimiento de Medina&#8230;<\/p>\n","protected":false},"author":1,"featured_media":49696,"comment_status":"closed","ping_status":"closed","sticky":false,"template":"","format":"standard","meta":{"_coblocks_attr":"","_coblocks_dimensions":"","_coblocks_responsive_height":"","_coblocks_accordion_ie_support":"","jetpack_post_was_ever_published":false,"_jetpack_newsletter_access":"","_jetpack_dont_email_post_to_subs":false,"_jetpack_newsletter_tier_id":0,"_jetpack_memberships_contains_paywalled_content":false,"_jetpack_memberships_contains_paid_content":false,"footnotes":"","jetpack_publicize_message":"","jetpack_publicize_feature_enabled":true,"jetpack_social_post_already_shared":false,"jetpack_social_options":{"image_generator_settings":{"template":"highway","default_image_id":0,"enabled":false},"version":2}},"categories":[186,9029,5359,10431],"tags":[7922,5374],"class_list":["post-49695","post","type-post","status-publish","format-standard","has-post-thumbnail","hentry","category-instituciones","category-la-cora-de-ilbira","category-madinat-ilbira","category-medina-elvira-2","tag-la-cora-de-ilbira","tag-madinat-ilbira-medina-elvira"],"jetpack_publicize_connections":[],"jetpack_featured_media_url":"https:\/\/i0.wp.com\/miradordeatarfe.es\/wp-content\/uploads\/2021\/10\/1634721743435-scaled.jpg?fit=2560%2C1439&ssl=1","jetpack_likes_enabled":true,"jetpack_sharing_enabled":true,"_links":{"self":[{"href":"https:\/\/miradordeatarfe.es\/index.php?rest_route=\/wp\/v2\/posts\/49695","targetHints":{"allow":["GET"]}}],"collection":[{"href":"https:\/\/miradordeatarfe.es\/index.php?rest_route=\/wp\/v2\/posts"}],"about":[{"href":"https:\/\/miradordeatarfe.es\/index.php?rest_route=\/wp\/v2\/types\/post"}],"author":[{"embeddable":true,"href":"https:\/\/miradordeatarfe.es\/index.php?rest_route=\/wp\/v2\/users\/1"}],"replies":[{"embeddable":true,"href":"https:\/\/miradordeatarfe.es\/index.php?rest_route=%2Fwp%2Fv2%2Fcomments&post=49695"}],"version-history":[{"count":1,"href":"https:\/\/miradordeatarfe.es\/index.php?rest_route=\/wp\/v2\/posts\/49695\/revisions"}],"predecessor-version":[{"id":49699,"href":"https:\/\/miradordeatarfe.es\/index.php?rest_route=\/wp\/v2\/posts\/49695\/revisions\/49699"}],"wp:featuredmedia":[{"embeddable":true,"href":"https:\/\/miradordeatarfe.es\/index.php?rest_route=\/wp\/v2\/media\/49696"}],"wp:attachment":[{"href":"https:\/\/miradordeatarfe.es\/index.php?rest_route=%2Fwp%2Fv2%2Fmedia&parent=49695"}],"wp:term":[{"taxonomy":"category","embeddable":true,"href":"https:\/\/miradordeatarfe.es\/index.php?rest_route=%2Fwp%2Fv2%2Fcategories&post=49695"},{"taxonomy":"post_tag","embeddable":true,"href":"https:\/\/miradordeatarfe.es\/index.php?rest_route=%2Fwp%2Fv2%2Ftags&post=49695"}],"curies":[{"name":"wp","href":"https:\/\/api.w.org\/{rel}","templated":true}]}}