{"id":497,"date":"2015-03-24T08:02:29","date_gmt":"2015-03-24T08:02:29","guid":{"rendered":"http:\/\/miradordeatarfe.es\/?p=497"},"modified":"2015-03-25T09:32:20","modified_gmt":"2015-03-25T09:32:20","slug":"la-vi-feria-de-la-ciencia-continua-en-los-centros-educativos-de-atarfe","status":"publish","type":"post","link":"https:\/\/miradordeatarfe.es\/?p=497","title":{"rendered":"LA VI FERIA DE LA CIENCIA CONTINUA EN LOS CENTROS EDUCATIVOS DE ATARFE"},"content":{"rendered":"<p>Esta semana los dias 24, 25 y 26 contin\u00faan los centros educativos su SEMAN DE LA CIENCIA con talleres. Este es el programa de la semana. ESTAS ACTIVIDADES EST\u00c1N ABIERTAS A LA PARTICPACI\u00d3N DE TODOS LOS ATARFE\u00d1OS<!--more--><\/p>\n<p><strong>MARTES 24 DE MARZO<\/strong>:<\/p>\n<p>9:30 INAUGURACI\u00d3N FERIA EN EL CENTRO CULTURAL MEDINA ELVIRA<\/p>\n<p><span style=\"text-decoration: underline;\">10:00 A 13:00 :<\/span><\/p>\n<p>20\u00a0 TALLERES DEL CEIP ATALAYA<\/p>\n<p>3 TALLERES DEL IES ILIBERIS<\/p>\n<p><span style=\"text-decoration: underline;\">DE 16:00 A 18: 00<\/span><\/p>\n<p>7 TALLERES DEL CEIP ATALAYA<\/p>\n<p>&nbsp;<\/p>\n<p><strong>MI\u00c9RCOLES 25 DE MARZO:<\/strong><\/p>\n<p><span style=\"text-decoration: underline;\">DE 10:00 A 13:00<\/span><\/p>\n<p>TALLERES DEL CEIP MAR\u00cdA ZAMBRANO DE JA\u00c9N<\/p>\n<p>3 TALLERES DEL CEIP MEDINA ELVIRA<\/p>\n<p>20 TALLERES DEL CEIP DR. JIMENEZ RUEDA<\/p>\n<p><span style=\"text-decoration: underline;\">DE 16:00 A 18: 00<\/span><\/p>\n<p>5 TALLERES DEL CEIP DR. JIMENEZ RUEDA<\/p>\n<p><em><strong>17:00H CONFERENCIA : CIENCIA DE LA CONSERVACI\u00d3N\u00a0 POR D. ALBERTO REDONDO<\/strong><\/em><\/p>\n<p>&nbsp;<\/p>\n<p><strong>JUEVES 26 DE MARZO<\/strong><\/p>\n<p><span style=\"text-decoration: underline;\">DE 9:30 A 12: 00<\/span><\/p>\n<p>3 TALLERES DEL CEIP CLARA CAMPOAMOR<\/p>\n<p>8 TALLERES DEL COLEGIO SAFA<\/p>\n<p>3TALLERES DEL IES ILIBERIS<\/p>\n<p>2 TALLERES DELK CENTRO DE EDUCACI\u00d3N DE ADULTOS<\/p>\n<p>&nbsp;<\/p>\n<p><em><strong><span style=\"text-decoration: underline;\">11:30\u00a0 CLAUSURA DE LA FERIA<\/span><\/strong><\/em><\/p>\n<p>&nbsp;<\/p>\n<p>&nbsp;<\/p>\n","protected":false},"excerpt":{"rendered":"<p>Esta semana los dias 24, 25 y 26 contin\u00faan los centros educativos su SEMAN DE&#8230;<\/p>\n","protected":false},"author":1,"featured_media":498,"comment_status":"closed","ping_status":"closed","sticky":false,"template":"","format":"standard","meta":{"_coblocks_attr":"","_coblocks_dimensions":"","_coblocks_responsive_height":"","_coblocks_accordion_ie_support":"","jetpack_post_was_ever_published":false,"_jetpack_newsletter_access":"","_jetpack_dont_email_post_to_subs":false,"_jetpack_newsletter_tier_id":0,"_jetpack_memberships_contains_paywalled_content":false,"_jetpack_memberships_contains_paid_content":false,"footnotes":"","jetpack_publicize_message":"","jetpack_publicize_feature_enabled":true,"jetpack_social_post_already_shared":false,"jetpack_social_options":{"image_generator_settings":{"template":"highway","default_image_id":0,"enabled":false},"version":2}},"categories":[2,15],"tags":[54,247,248],"class_list":["post-497","post","type-post","status-publish","format-standard","has-post-thumbnail","hentry","category-atarfe","category-ultimas-noticias","tag-experimentos","tag-feria-de-la-ciencia","tag-talleres"],"jetpack_publicize_connections":[],"jetpack_featured_media_url":"https:\/\/i0.wp.com\/miradordeatarfe.es\/wp-content\/uploads\/2015\/03\/FERIAA.jpg?fit=256%2C148&ssl=1","jetpack_likes_enabled":true,"jetpack_sharing_enabled":true,"_links":{"self":[{"href":"https:\/\/miradordeatarfe.es\/index.php?rest_route=\/wp\/v2\/posts\/497","targetHints":{"allow":["GET"]}}],"collection":[{"href":"https:\/\/miradordeatarfe.es\/index.php?rest_route=\/wp\/v2\/posts"}],"about":[{"href":"https:\/\/miradordeatarfe.es\/index.php?rest_route=\/wp\/v2\/types\/post"}],"author":[{"embeddable":true,"href":"https:\/\/miradordeatarfe.es\/index.php?rest_route=\/wp\/v2\/users\/1"}],"replies":[{"embeddable":true,"href":"https:\/\/miradordeatarfe.es\/index.php?rest_route=%2Fwp%2Fv2%2Fcomments&post=497"}],"version-history":[{"count":2,"href":"https:\/\/miradordeatarfe.es\/index.php?rest_route=\/wp\/v2\/posts\/497\/revisions"}],"predecessor-version":[{"id":500,"href":"https:\/\/miradordeatarfe.es\/index.php?rest_route=\/wp\/v2\/posts\/497\/revisions\/500"}],"wp:featuredmedia":[{"embeddable":true,"href":"https:\/\/miradordeatarfe.es\/index.php?rest_route=\/wp\/v2\/media\/498"}],"wp:attachment":[{"href":"https:\/\/miradordeatarfe.es\/index.php?rest_route=%2Fwp%2Fv2%2Fmedia&parent=497"}],"wp:term":[{"taxonomy":"category","embeddable":true,"href":"https:\/\/miradordeatarfe.es\/index.php?rest_route=%2Fwp%2Fv2%2Fcategories&post=497"},{"taxonomy":"post_tag","embeddable":true,"href":"https:\/\/miradordeatarfe.es\/index.php?rest_route=%2Fwp%2Fv2%2Ftags&post=497"}],"curies":[{"name":"wp","href":"https:\/\/api.w.org\/{rel}","templated":true}]}}