{"id":49700,"date":"2021-10-21T10:43:42","date_gmt":"2021-10-21T08:43:42","guid":{"rendered":"https:\/\/miradordeatarfe.es\/?p=49700"},"modified":"2021-10-20T11:50:33","modified_gmt":"2021-10-20T09:50:33","slug":"legado-gimenez-yanguas-por-reynaldo-fernandez-manzano","status":"publish","type":"post","link":"https:\/\/miradordeatarfe.es\/?p=49700","title":{"rendered":"\u00abLegado Gim\u00e9nez Yanguas\u00bb por Reynaldo Fern\u00e1ndez Manzano"},"content":{"rendered":"<p class=\"mce capitalize-first-letter\">iguel Gim\u00e9nez Yanguas, de padres granadinos, nace en M\u00e1laga en 1939, regresando a Granada en 1943. Ingeniero industrial, profesor de la Universidad de Granada, es\u00a0<i>Medalla de Oro al m\u00e9rito por la ciudad de Granada<\/i>\u00a0(1996),\u00a0<i>Premio Andaluc\u00eda Andr\u00e9s de Vandelvira<\/i>\u00a0(2003) y P<i>remio Nacional de ingenier\u00eda industrial<\/i>\u00a0(2008). Acad\u00e9mico de la Real Academia de Bellas Artes Nuestra Se\u00f1ora de las Angustias de Granada y correspondiente de otras cuantas.<\/p>\n<p class=\"mce\">Investigador, coautor de libros como\u00a0<i>Patrimonio Industrial de Granada<\/i>,\u00a0<i>El pasado del futuro: vestigios de la industrializaci\u00f3n en la provincia de Granada<\/i>\u00a0y\u00a0<i>Proyecto de telef\u00e9rico en Sierra Nevada, Motril y el az\u00facar<\/i>.<\/p>\n<div class=\"teads-inread\">\n<div>\u00a0<\/div>\n<\/div>\n<div id=\"sm-it-main-container-1634723014873\" class=\"sm-it-main-container\" data-it=\"ab31bd4b-8504-478f-9cb5-f24e2f71b994\" data-device=\"desktop\" data-index=\"0\">\n<div id=\"sm-alternative-1634723014873\" class=\"sm-alternative\" data-device=\"desktop\" data-it=\"ab31bd4b-8504-478f-9cb5-f24e2f71b994\">Junto a Javier Pi\u00f1ar ha sido comisario de importantes exposiciones sobre la Alhambra, la electricidad, los tranv\u00edas, o los bomberos de Granada.<\/div>\n<\/div>\n<p class=\"mce\">A principios de la d\u00e9cada de 1980 la Universidad de Granada plante\u00f3 el proyecto de un Museo de la Ciencia, que no lleg\u00f3 a materializarse. En la d\u00e9cada de los 90 del siglo pasado se cre\u00f3 el &#8216;Taller de Restauraci\u00f3n del Patrimonio Cient\u00edfico e Industrial&#8217; que fue rebautizado como &#8216;Taller Miguel Jim\u00e9nez Yanguas&#8217;, y que posteriormente fue desmantelado. El Parque de las Ciencias, desde su inauguraci\u00f3n, tiene una sala denominada &#8216;Piezas de Museo&#8217; formada con un dep\u00f3sito de una peque\u00f1a parte de la colecci\u00f3n de Miguel Gim\u00e9nez Yanguas.<\/p>\n<p class=\"mce\">El legado de Miguel Gim\u00e9nez Yanguas consta de diferentes apartados. Por una parte m\u00e1s de 1.500 piezas relativas al Patrimonio Industrial vinculadas a la etapa contempor\u00e1nea de la Alhambra, Granada capital y provincia, Sierra Nevada, Motril, Salobre\u00f1a&#8230; a la memoria azucarera, tranv\u00edas, electricidad, instrumentos cient\u00edficos y topogr\u00e1ficos. La mayor\u00eda de estas piezas cuidadosamente restauradas por Miguel.<\/p>\n<p class=\"mce\">No menos importante es su archivo en donde conserva los papeles t\u00e9cnicos de las antiguas azucareras, de los tranv\u00edas de Granada y de Sierra Nevada. Tambi\u00e9n el archivo de su abuelo, el arquitecto Francisco Gim\u00e9nez Ar\u00e9valo, y de Jos\u00e9 Felipe Jim\u00e9nez Lacal, arquitecto de la Fundaci\u00f3n Rodr\u00edguez Acosta y del Palacete de Quinta Alegre. Biblioteca t\u00e9cnica de ingenier\u00eda del siglo XIX, que ha servido para realizar cinco tesis doctorales. Los planos originales de las azucareras y de los tranv\u00edas.<\/p>\n<p class=\"mce\">Por \u00faltimo mencionar el edificio de la calle San Isidro, de 1776, con un magn\u00edfico patio de columnas y m\u00e1s de 600 m\u00b2 \u00fatiles a rehabilitar. Colecci\u00f3n de piezas de museo, archivo, biblioteca y edificio, todo quiere cederlo de forma completamente gratuita, sin poner otra condici\u00f3n que el que est\u00e9 expuesta y al servicio del p\u00fablico y los investigadores. Uno de los legados de Patrimonio industrial m\u00e1s importantes de nuestro pa\u00eds.<\/p>\n<p class=\"mce\"><strong>\u00bfDejaremos perder este legado?<\/strong><\/p>\n<p>https:\/\/www.granadahoy.com\/opinion\/articulos\/Legado-Gimenez-Yanguas_0_1620738048.html?utm_source=facebook.com&#038;utm_medium=socialshare&#038;utm_campaign=desktop<\/p>\n<p>foto: https:\/\/www.elindependientedegranada.es\/cultura\/alhambra-creara-museo-ingenios-granada-hotel-reuma<\/p>\n","protected":false},"excerpt":{"rendered":"<p>iguel Gim\u00e9nez Yanguas, de padres granadinos, nace en M\u00e1laga en 1939, regresando a Granada en&#8230;<\/p>\n","protected":false},"author":1,"featured_media":49701,"comment_status":"closed","ping_status":"closed","sticky":false,"template":"","format":"standard","meta":{"_coblocks_attr":"","_coblocks_dimensions":"","_coblocks_responsive_height":"","_coblocks_accordion_ie_support":"","jetpack_post_was_ever_published":false,"_jetpack_newsletter_access":"","_jetpack_dont_email_post_to_subs":false,"_jetpack_newsletter_tier_id":0,"_jetpack_memberships_contains_paywalled_content":false,"_jetpack_memberships_contains_paid_content":false,"footnotes":"","jetpack_publicize_message":"","jetpack_publicize_feature_enabled":true,"jetpack_social_post_already_shared":false,"jetpack_social_options":{"image_generator_settings":{"template":"highway","default_image_id":0,"enabled":false},"version":2}},"categories":[1161,44,15],"tags":[8653,374],"class_list":["post-49700","post","type-post","status-publish","format-standard","has-post-thumbnail","hentry","category-ciudadania","category-noticias-de-hoy","category-ultimas-noticias","tag-gimenez-yanguas","tag-patrimonio"],"jetpack_publicize_connections":[],"jetpack_featured_media_url":"https:\/\/i0.wp.com\/miradordeatarfe.es\/wp-content\/uploads\/2021\/10\/mgyanguas3.jpg?fit=700%2C525&ssl=1","jetpack_likes_enabled":true,"jetpack_sharing_enabled":true,"_links":{"self":[{"href":"https:\/\/miradordeatarfe.es\/index.php?rest_route=\/wp\/v2\/posts\/49700","targetHints":{"allow":["GET"]}}],"collection":[{"href":"https:\/\/miradordeatarfe.es\/index.php?rest_route=\/wp\/v2\/posts"}],"about":[{"href":"https:\/\/miradordeatarfe.es\/index.php?rest_route=\/wp\/v2\/types\/post"}],"author":[{"embeddable":true,"href":"https:\/\/miradordeatarfe.es\/index.php?rest_route=\/wp\/v2\/users\/1"}],"replies":[{"embeddable":true,"href":"https:\/\/miradordeatarfe.es\/index.php?rest_route=%2Fwp%2Fv2%2Fcomments&post=49700"}],"version-history":[{"count":2,"href":"https:\/\/miradordeatarfe.es\/index.php?rest_route=\/wp\/v2\/posts\/49700\/revisions"}],"predecessor-version":[{"id":49703,"href":"https:\/\/miradordeatarfe.es\/index.php?rest_route=\/wp\/v2\/posts\/49700\/revisions\/49703"}],"wp:featuredmedia":[{"embeddable":true,"href":"https:\/\/miradordeatarfe.es\/index.php?rest_route=\/wp\/v2\/media\/49701"}],"wp:attachment":[{"href":"https:\/\/miradordeatarfe.es\/index.php?rest_route=%2Fwp%2Fv2%2Fmedia&parent=49700"}],"wp:term":[{"taxonomy":"category","embeddable":true,"href":"https:\/\/miradordeatarfe.es\/index.php?rest_route=%2Fwp%2Fv2%2Fcategories&post=49700"},{"taxonomy":"post_tag","embeddable":true,"href":"https:\/\/miradordeatarfe.es\/index.php?rest_route=%2Fwp%2Fv2%2Ftags&post=49700"}],"curies":[{"name":"wp","href":"https:\/\/api.w.org\/{rel}","templated":true}]}}