{"id":4978,"date":"2015-12-03T09:34:02","date_gmt":"2015-12-03T09:34:02","guid":{"rendered":"http:\/\/miradordeatarfe.es\/?p=4978"},"modified":"2015-12-04T23:12:33","modified_gmt":"2015-12-04T23:12:33","slug":"atarfe-quiere-ser-accesible-para-todas-las-personas","status":"publish","type":"post","link":"https:\/\/miradordeatarfe.es\/?p=4978","title":{"rendered":"ATARFE QUIERE SER ACCESIBLE PARA TODAS LAS PERSONAS"},"content":{"rendered":"<p><span class=\"contenidos_subtitulo\">Un paseo por las calles de Atarfe para mejorar su accesibilidad .Con motivo del D\u00eda de la Discapacidad, que se celebra <strong>hoy 3 de diciembre de 11:30 a 13h<\/strong> se ha organizado una gymkana para concienciar a los vecinos de las dificultades que afronta este colectivo.<br \/>\n<\/span><br \/>\n<!--more--><\/p>\n<div><img data-recalc-dims=\"1\" decoding=\"async\" src=\"https:\/\/i0.wp.com\/www.ciudadatarfe.com\/data\/fotos_contenidos_web\/1434_1734_20151202114448.jpg?w=640\" alt=\"\" border=\"0\" \/><\/div>\n<div><\/div>\n<div>Con motivo del <strong>D\u00eda del Discapacitado<\/strong>, que se celebra este jueves 3 de Diciembre, el grupo de trabajo por <em>Un Atarfe m\u00e1s accesible<\/em> ha organizado una gymkana \u00a0que recorrer\u00e1 las calles del municipio para concienciar de los problemas que afrontan a diario este colectivo ciudadano.<\/div>\n<div><\/div>\n<div>El paseo <em>Educando para un Atarfe m\u00e1s accesible<\/em> parte a las <strong>11:30 desde el Centro Cultural Medina Elvira<\/strong> y har\u00e1 una parada en la Plaza de Santa Ana. Cuenta con la colaboraci\u00f3n del <strong>Ayuntamiento de Atarfe<\/strong> y del <strong>Centro de Educaci\u00f3n Infantil y Primaria Atalaya<\/strong> a trav\u00e9s del\u00a0<a class=\"enlaces_contenidos\" href=\"https:\/\/proyectocapacitados.wordpress.com\/\" target=\"_blank\">proyecto CapaCITAdos Tecnolog\u00eda para la Ilusi\u00f3n y la Inclusi\u00f3n<\/a>.<\/div>\n<div><\/div>\n<div>Tambi\u00e9n aportan su granito de arena la <strong>Asociaci\u00f3n para la Integraci\u00f3n de Enfermos y Minusv\u00e1lidos de Atarfe<\/strong>, la <strong>Ciudad Accesible<\/strong> y la iniciativa empresarial de <strong>Ortopedia Gerardo Le\u00f3n<\/strong> y <strong>Sunrise Medical<\/strong>.<\/div>\n<div><\/div>\n<div>En los \u00faltimos meses se ha constituido un grupo ciudadano de trabajo para buscar soluciones a los problemas de accesibilidad que existen en el municipio. Por el momento se ha encargado de elaborar una\u00a0<a class=\"enlaces_contenidos\" href=\"https:\/\/docs.google.com\/forms\/d\/1dF_lAKBeWxEsYY44Pv2ZiK8A5bw7w6gIY7CV14ef88M\/viewform?c=0&amp;w=1\" target=\"_blank\">encuesta entre los vecinos<\/a>\u00a0y tambi\u00e9n quieren mantener reuniones con los t\u00e9cnicos municipales de Urbanismo, Actividades Econ\u00f3micas y la Polic\u00eda Local, e iniciar una campa\u00f1a de concienciaci\u00f3n local en los colegios. Otra de sus tareas ser\u00e1 la elaboraci\u00f3n de un censo de personas con reconocimiento de situaci\u00f3n de discapacidad.<\/div>\n<div><\/div>\n<div>Por su parte, el equipo de gobierno se ha comprometido a cumplir con las reservas de plazas para el acceso de los discapacitados f\u00edsicos, ps\u00edquicos o sensoriales a la bolsa municipal de trabajo. Tambi\u00e9n considera necesario ir eliminando barreras arquitect\u00f3nicas ya existentes y aplicar el criterio de la accesibilidad en la obra nueva, actuaciones que se llevan a cabo de forma progresiva en funci\u00f3n de la disponibilidad econ\u00f3mica.<\/div>\n","protected":false},"excerpt":{"rendered":"<p>Un paseo por las calles de Atarfe para mejorar su accesibilidad .Con motivo del D\u00eda&#8230;<\/p>\n","protected":false},"author":1,"featured_media":4979,"comment_status":"closed","ping_status":"closed","sticky":false,"template":"","format":"standard","meta":{"_coblocks_attr":"","_coblocks_dimensions":"","_coblocks_responsive_height":"","_coblocks_accordion_ie_support":"","jetpack_post_was_ever_published":false,"_jetpack_newsletter_access":"","_jetpack_dont_email_post_to_subs":false,"_jetpack_newsletter_tier_id":0,"_jetpack_memberships_contains_paywalled_content":false,"_jetpack_memberships_contains_paid_content":false,"footnotes":"","jetpack_publicize_message":"","jetpack_publicize_feature_enabled":true,"jetpack_social_post_already_shared":false,"jetpack_social_options":{"image_generator_settings":{"template":"highway","default_image_id":0,"enabled":false},"version":2}},"categories":[2,187,15],"tags":[1760,239,21],"class_list":["post-4978","post","type-post","status-publish","format-standard","has-post-thumbnail","hentry","category-atarfe","category-centros-educativos","category-ultimas-noticias","tag-diferencia","tag-discapacidad","tag-igualdad"],"jetpack_publicize_connections":[],"jetpack_featured_media_url":"https:\/\/i0.wp.com\/miradordeatarfe.es\/wp-content\/uploads\/2015\/12\/diversidad.jpg?fit=2000%2C1010&ssl=1","jetpack_likes_enabled":true,"jetpack_sharing_enabled":true,"_links":{"self":[{"href":"https:\/\/miradordeatarfe.es\/index.php?rest_route=\/wp\/v2\/posts\/4978","targetHints":{"allow":["GET"]}}],"collection":[{"href":"https:\/\/miradordeatarfe.es\/index.php?rest_route=\/wp\/v2\/posts"}],"about":[{"href":"https:\/\/miradordeatarfe.es\/index.php?rest_route=\/wp\/v2\/types\/post"}],"author":[{"embeddable":true,"href":"https:\/\/miradordeatarfe.es\/index.php?rest_route=\/wp\/v2\/users\/1"}],"replies":[{"embeddable":true,"href":"https:\/\/miradordeatarfe.es\/index.php?rest_route=%2Fwp%2Fv2%2Fcomments&post=4978"}],"version-history":[{"count":1,"href":"https:\/\/miradordeatarfe.es\/index.php?rest_route=\/wp\/v2\/posts\/4978\/revisions"}],"predecessor-version":[{"id":4980,"href":"https:\/\/miradordeatarfe.es\/index.php?rest_route=\/wp\/v2\/posts\/4978\/revisions\/4980"}],"wp:featuredmedia":[{"embeddable":true,"href":"https:\/\/miradordeatarfe.es\/index.php?rest_route=\/wp\/v2\/media\/4979"}],"wp:attachment":[{"href":"https:\/\/miradordeatarfe.es\/index.php?rest_route=%2Fwp%2Fv2%2Fmedia&parent=4978"}],"wp:term":[{"taxonomy":"category","embeddable":true,"href":"https:\/\/miradordeatarfe.es\/index.php?rest_route=%2Fwp%2Fv2%2Fcategories&post=4978"},{"taxonomy":"post_tag","embeddable":true,"href":"https:\/\/miradordeatarfe.es\/index.php?rest_route=%2Fwp%2Fv2%2Ftags&post=4978"}],"curies":[{"name":"wp","href":"https:\/\/api.w.org\/{rel}","templated":true}]}}