{"id":49809,"date":"2021-10-27T14:38:05","date_gmt":"2021-10-27T12:38:05","guid":{"rendered":"https:\/\/miradordeatarfe.es\/?p=49809"},"modified":"2022-02-12T12:20:32","modified_gmt":"2022-02-12T11:20:32","slug":"relativa-calma-antes-de-la-previsible-tormenta-por-manuel-jimenez","status":"publish","type":"post","link":"https:\/\/miradordeatarfe.es\/?p=49809","title":{"rendered":"\u00abRELATIVA CALMA ANTES DE LA PREVISIBLE TORMENTA\u00bb por Manuel Jim\u00e9nez"},"content":{"rendered":"<h3 style=\"text-align: justify;\">Fin de semana con corta pero selecta participaci\u00f3n de atarfe\u00f1os en distintos escenarios competitivos, comenzamos por los m\u00e1s peque\u00f1os que tuvieron actuaci\u00f3n en la costera localidad del levante almeriense de Garrucha donde disputaron la tercera prueba puntuable del circuito andaluz de triatl\u00f3n cross, nuestros dos representantes, Manu y Santi, y lo saldaron con excelente nota, sendos terceros puestos que vuelven a poner a la Escuela de Triatlon Atarfe negro sobre blanco en todas las publicaciones especializadas.<\/h3>\n<p style=\"text-align: justify;\">Los atletas tuvieron para elegir desde el medio fondo con la Milla de \u00d3rgiva donde Daniel Ruiz Anguiano del Ciudad Atarfe se impone en Veterano A hasta el 10 K de Salobre\u00f1a, dentro del Gran Premio de Fondo, con gran representaci\u00f3n de Ciudad Atarfe con Virginia L\u00f3pez 3\u00aa en Vet A, Lorena Quevedo, 4\u00aa en Vet B, Beatriz Quevedo, 6\u00aa en Vet A y Emi Siles, Silvano Alejo Olmos, Jacinto Ropero y Gustavo Herrera dando visibilidad a la el\u00e1stica rojiverde mientras Manuel Reinosa hac\u00eda lo propio para el Granda Run Project. \u00a0\u00a0\u00a0\u00a0<\/p>\n<p style=\"text-align: justify;\">El resto de la armada velando armas para lo que se avecina, recomiendo vivamente a los buenos aficionados se aprovisionen raudos de un buen cargamento de palomitas para evitar quedarse sin suministro en las pr\u00f3ximas semanas donde de una tacada viviremos este mismo viernes la nocturna de Atarfe, el pr\u00f3ximo s\u00e1bado aluvi\u00f3n de atarfe\u00f1os en el Campeonato Andaluz de Cross y entrados en noviembre el campeonato de Andaluc\u00eda de Duatlon con varias de las nuestras optando al p\u00f3dium por escuadras con el Run Run Data y el esperado Campeonato de Espa\u00f1a de Cross por Clubes a disputar en el circuito del cross de It\u00e1lica donde con algo de suerte ser\u00e1 r\u00e9cord la cifra de nuestros paisanos defendiendo los colores de sus respectivos clubes. \u00a0\u00a0<\/p>\n<div class=\"tiled-gallery type-rectangular tiled-gallery-unresized\" data-original-width=\"640\" data-carousel-extra='null' itemscope itemtype=\"http:\/\/schema.org\/ImageGallery\" > <div class=\"gallery-row\" style=\"width: 640px; height: 503px;\" data-original-width=\"640\" data-original-height=\"503\" > <div class=\"gallery-group images-1\" style=\"width: 285px; height: 503px;\" data-original-width=\"285\" data-original-height=\"503\" > <div class=\"tiled-gallery-item tiled-gallery-item-large\" itemprop=\"associatedMedia\" itemscope itemtype=\"http:\/\/schema.org\/ImageObject\"> <a href=\"https:\/\/miradordeatarfe.es\/?attachment_id=49811\" border=\"0\" itemprop=\"url\"> <meta itemprop=\"width\" content=\"281\"> <meta itemprop=\"height\" content=\"499\"> <img decoding=\"async\" class=\"\" data-attachment-id=\"49811\" data-orig-file=\"https:\/\/miradordeatarfe.es\/wp-content\/uploads\/2021\/10\/IMG_0397.png\" data-orig-size=\"1125,2001\" data-comments-opened=\"\" data-image-meta=\"{&quot;aperture&quot;:&quot;0&quot;,&quot;credit&quot;:&quot;&quot;,&quot;camera&quot;:&quot;&quot;,&quot;caption&quot;:&quot;&quot;,&quot;created_timestamp&quot;:&quot;0&quot;,&quot;copyright&quot;:&quot;&quot;,&quot;focal_length&quot;:&quot;0&quot;,&quot;iso&quot;:&quot;0&quot;,&quot;shutter_speed&quot;:&quot;0&quot;,&quot;title&quot;:&quot;&quot;,&quot;orientation&quot;:&quot;0&quot;}\" data-image-title=\"IMG_0397\" data-image-description=\"\" data-medium-file=\"https:\/\/i0.wp.com\/miradordeatarfe.es\/wp-content\/uploads\/2021\/10\/IMG_0397.png?fit=169%2C300&#038;ssl=1\" data-large-file=\"https:\/\/i0.wp.com\/miradordeatarfe.es\/wp-content\/uploads\/2021\/10\/IMG_0397.png?fit=576%2C1024&#038;ssl=1\" src=\"https:\/\/i0.wp.com\/miradordeatarfe.es\/wp-content\/uploads\/2021\/10\/IMG_0397.png?w=281&#038;h=499&#038;ssl=1\" srcset=\"https:\/\/i0.wp.com\/miradordeatarfe.es\/wp-content\/uploads\/2021\/10\/IMG_0397.png?w=1125&amp;ssl=1 1125w, https:\/\/i0.wp.com\/miradordeatarfe.es\/wp-content\/uploads\/2021\/10\/IMG_0397.png?resize=169%2C300&amp;ssl=1 169w, https:\/\/i0.wp.com\/miradordeatarfe.es\/wp-content\/uploads\/2021\/10\/IMG_0397.png?resize=576%2C1024&amp;ssl=1 576w, https:\/\/i0.wp.com\/miradordeatarfe.es\/wp-content\/uploads\/2021\/10\/IMG_0397.png?resize=768%2C1366&amp;ssl=1 768w, https:\/\/i0.wp.com\/miradordeatarfe.es\/wp-content\/uploads\/2021\/10\/IMG_0397.png?resize=864%2C1536&amp;ssl=1 864w\" width=\"281\" height=\"499\" loading=\"lazy\" data-original-width=\"281\" data-original-height=\"499\" itemprop=\"http:\/\/schema.org\/image\" title=\"IMG_0397\" alt=\"IMG_0397\" style=\"width: 281px; height: 499px;\" \/> <\/a> <\/div> <\/div> <!-- close group --> <div class=\"gallery-group images-1\" style=\"width: 355px; height: 503px;\" data-original-width=\"355\" data-original-height=\"503\" > <div class=\"tiled-gallery-item tiled-gallery-item-large\" itemprop=\"associatedMedia\" itemscope itemtype=\"http:\/\/schema.org\/ImageObject\"> <a href=\"https:\/\/miradordeatarfe.es\/?attachment_id=49812\" border=\"0\" itemprop=\"url\"> <meta itemprop=\"width\" content=\"351\"> <meta itemprop=\"height\" content=\"499\"> <img decoding=\"async\" class=\"\" data-attachment-id=\"49812\" data-orig-file=\"https:\/\/miradordeatarfe.es\/wp-content\/uploads\/2021\/10\/IMG_0398.jpg\" data-orig-size=\"1125,1598\" data-comments-opened=\"\" data-image-meta=\"{&quot;aperture&quot;:&quot;0&quot;,&quot;credit&quot;:&quot;&quot;,&quot;camera&quot;:&quot;&quot;,&quot;caption&quot;:&quot;&quot;,&quot;created_timestamp&quot;:&quot;0&quot;,&quot;copyright&quot;:&quot;&quot;,&quot;focal_length&quot;:&quot;0&quot;,&quot;iso&quot;:&quot;0&quot;,&quot;shutter_speed&quot;:&quot;0&quot;,&quot;title&quot;:&quot;&quot;,&quot;orientation&quot;:&quot;1&quot;}\" data-image-title=\"IMG_0398\" data-image-description=\"\" data-medium-file=\"https:\/\/i0.wp.com\/miradordeatarfe.es\/wp-content\/uploads\/2021\/10\/IMG_0398.jpg?fit=211%2C300&#038;ssl=1\" data-large-file=\"https:\/\/i0.wp.com\/miradordeatarfe.es\/wp-content\/uploads\/2021\/10\/IMG_0398.jpg?fit=640%2C909&#038;ssl=1\" src=\"https:\/\/i0.wp.com\/miradordeatarfe.es\/wp-content\/uploads\/2021\/10\/IMG_0398.jpg?w=351&#038;h=499&#038;ssl=1\" srcset=\"https:\/\/i0.wp.com\/miradordeatarfe.es\/wp-content\/uploads\/2021\/10\/IMG_0398.jpg?w=1125&amp;ssl=1 1125w, https:\/\/i0.wp.com\/miradordeatarfe.es\/wp-content\/uploads\/2021\/10\/IMG_0398.jpg?resize=211%2C300&amp;ssl=1 211w, https:\/\/i0.wp.com\/miradordeatarfe.es\/wp-content\/uploads\/2021\/10\/IMG_0398.jpg?resize=721%2C1024&amp;ssl=1 721w, https:\/\/i0.wp.com\/miradordeatarfe.es\/wp-content\/uploads\/2021\/10\/IMG_0398.jpg?resize=768%2C1091&amp;ssl=1 768w, https:\/\/i0.wp.com\/miradordeatarfe.es\/wp-content\/uploads\/2021\/10\/IMG_0398.jpg?resize=1081%2C1536&amp;ssl=1 1081w\" width=\"351\" height=\"499\" loading=\"lazy\" data-original-width=\"351\" data-original-height=\"499\" itemprop=\"http:\/\/schema.org\/image\" title=\"IMG_0398\" alt=\"IMG_0398\" style=\"width: 351px; height: 499px;\" \/> <\/a> <\/div> <\/div> <!-- close group --> <\/div> <!-- close row --> <\/div>\n","protected":false},"excerpt":{"rendered":"<p>Fin de semana con corta pero selecta participaci\u00f3n de atarfe\u00f1os en distintos escenarios competitivos, comenzamos&#8230;<\/p>\n","protected":false},"author":1,"featured_media":49810,"comment_status":"closed","ping_status":"closed","sticky":false,"template":"","format":"standard","meta":{"_coblocks_attr":"","_coblocks_dimensions":"","_coblocks_responsive_height":"","_coblocks_accordion_ie_support":"","jetpack_post_was_ever_published":false,"_jetpack_newsletter_access":"","_jetpack_dont_email_post_to_subs":false,"_jetpack_newsletter_tier_id":0,"_jetpack_memberships_contains_paywalled_content":false,"_jetpack_memberships_contains_paid_content":false,"footnotes":"","jetpack_publicize_message":"","jetpack_publicize_feature_enabled":true,"jetpack_social_post_already_shared":false,"jetpack_social_options":{"image_generator_settings":{"template":"highway","default_image_id":0,"enabled":false},"version":2}},"categories":[2,182,6915,44,15],"tags":[81,85,123],"class_list":["post-49809","post","type-post","status-publish","format-standard","has-post-thumbnail","hentry","category-atarfe","category-deportes","category-opinion-de-manuel-jimenez","category-noticias-de-hoy","category-ultimas-noticias","tag-atarfe","tag-atletismo","tag-deportes"],"jetpack_publicize_connections":[],"jetpack_featured_media_url":"https:\/\/i0.wp.com\/miradordeatarfe.es\/wp-content\/uploads\/2021\/10\/IMG_0396.jpg?fit=1125%2C1105&ssl=1","jetpack_likes_enabled":true,"jetpack_sharing_enabled":true,"_links":{"self":[{"href":"https:\/\/miradordeatarfe.es\/index.php?rest_route=\/wp\/v2\/posts\/49809","targetHints":{"allow":["GET"]}}],"collection":[{"href":"https:\/\/miradordeatarfe.es\/index.php?rest_route=\/wp\/v2\/posts"}],"about":[{"href":"https:\/\/miradordeatarfe.es\/index.php?rest_route=\/wp\/v2\/types\/post"}],"author":[{"embeddable":true,"href":"https:\/\/miradordeatarfe.es\/index.php?rest_route=\/wp\/v2\/users\/1"}],"replies":[{"embeddable":true,"href":"https:\/\/miradordeatarfe.es\/index.php?rest_route=%2Fwp%2Fv2%2Fcomments&post=49809"}],"version-history":[{"count":2,"href":"https:\/\/miradordeatarfe.es\/index.php?rest_route=\/wp\/v2\/posts\/49809\/revisions"}],"predecessor-version":[{"id":49814,"href":"https:\/\/miradordeatarfe.es\/index.php?rest_route=\/wp\/v2\/posts\/49809\/revisions\/49814"}],"wp:featuredmedia":[{"embeddable":true,"href":"https:\/\/miradordeatarfe.es\/index.php?rest_route=\/wp\/v2\/media\/49810"}],"wp:attachment":[{"href":"https:\/\/miradordeatarfe.es\/index.php?rest_route=%2Fwp%2Fv2%2Fmedia&parent=49809"}],"wp:term":[{"taxonomy":"category","embeddable":true,"href":"https:\/\/miradordeatarfe.es\/index.php?rest_route=%2Fwp%2Fv2%2Fcategories&post=49809"},{"taxonomy":"post_tag","embeddable":true,"href":"https:\/\/miradordeatarfe.es\/index.php?rest_route=%2Fwp%2Fv2%2Ftags&post=49809"}],"curies":[{"name":"wp","href":"https:\/\/api.w.org\/{rel}","templated":true}]}}