{"id":4981,"date":"2015-12-07T06:37:18","date_gmt":"2015-12-07T06:37:18","guid":{"rendered":"http:\/\/miradordeatarfe.es\/?p=4981"},"modified":"2015-12-08T17:00:39","modified_gmt":"2015-12-08T17:00:39","slug":"10-monumentos-y-lugares-de-interes-gratis-en-granada-y-su-provincia","status":"publish","type":"post","link":"https:\/\/miradordeatarfe.es\/?p=4981","title":{"rendered":"10 monumentos y lugares de inter\u00e9s gratis en Granada y su provincia"},"content":{"rendered":"<p>Existen en la provincia muchos otros atractivos a disposici\u00f3n de cualquier visitante que quiera disfrutar de la cultura, la historia y la belleza de Granada sin gastar ni un solo euro<!--more--><\/p>\n<figure class=\"photo pull-right mm video\"><figcaption><\/figcaption><\/figure>\n<p>La provincia de Granada es uno de los destinos predilectos de muchos turistas que buscan disfrutar del sur de Andaluc\u00eda, gastando lo menos posible. Es bien conocida la fama de la capital granadina, y del resto de la provincia, por el tapeo que permite cenar o almorzar por muy poco dinero.<\/p>\n<section class=\"offset1 contenido\">\n<div id=\"ccronica\">Pero existen muchos otros atractivos, como monumentos y lugares de inter\u00e9s, a disposici\u00f3n de cualquier visitante que quiera disfrutar de la cultura, la historia y la <span id=\"U307344772554140G\">belleza de Granada<\/span> sin gastar ni un solo euro.A continuaci\u00f3n, os proponemos una selecci\u00f3n de <span id=\"U3073447725541gDG\">10 de esos lugares imprescindibles que podr\u00e1s visitar de manera totalmente gratuita<\/span>.<\/p>\n<p class=\"compLadillo\"><strong>Carmen de los M\u00e1rtires<\/strong><\/p>\n<p>Junto a los bosques de la <a title=\"Alhambra de Granada\" href=\"http:\/\/www.ideal.es\/temas\/lugares\/alhambra-monumento.html\" target=\"_blank\">Alhambra<\/a> encontramos el Carmen de los M\u00e1rtires, un monasterio situado sobre el Campo de Ahabul, llamado as\u00ed por los \u00e1rabes, o Corral de los Cautivos, como le denominaron los cristianos. La Reina Isabel fund\u00f3 la ermita de los Santos M\u00e1rtires de Carmelitas Descalzos, del que fue prior San Juan de la Cruz. Seg\u00fan la tradici\u00f3n, el religioso plant\u00f3 en este lugar un cipr\u00e9s que todav\u00eda se conserva. Aunque actualmente s\u00f3lo se pueden visitar los jardines, merece la pena perderse unos minutos por este lugar, que en esta \u00e9poca se viste de colores oto\u00f1ales.<\/p>\n<p>Horario: De lunes a viernes 10:00 a 14:00 h y de 17:00 a 19:00 h. S\u00e1bados, domingos y festivos de 10:00 a 19:00 h.<\/p>\n<p class=\"compLadillo\"><strong>Museo de la Alhambra<\/strong><\/p>\n<p>En el ala sur de la planta baja del Palacio de Carlos V se encuentra el Museo de la Alhambra. En sus siete salas se distribuyen objetos y restos arquitect\u00f3nicos conservados, adem\u00e1s de hallazgos procedentes de excavaciones en la Alhambra. El fondo de este museo es coniderado como la mejor colecci\u00f3n de Arte hispanomusulm\u00e1n.<\/p>\n<p>Horario: De 8:30 a 14:30h de martes a domingo.<\/p>\n<p class=\"compLadillo\"><strong>La Cueva del Agua<\/strong><\/p>\n<p>La Cueva del Agua, situada en el Pico del Asno de Sierra Harana, a una altitud de 1730 m, es una de las grutas m\u00e1s espectaculares y mejor conservadas de Andaluc\u00eda. Se trata de una de las experiencias tur\u00edsticas m\u00e1s interesantes y misteriosas de Granada, una de las cuevas m\u00e1s extensas de la provincia y objeto tanto de atractivo tur\u00edstico, como de investigaciones cient\u00edficas y expediciones espeleol\u00f3gicas. Aunque es gratuito, es necesario solicitar la plaza con antelaci\u00f3n en el \u00c1rea de Cultura y Juventud de la Diputaci\u00f3n de Granada.<\/p>\n<p>Horario: De 10:00 a 15:00 h. (previa petici\u00f3n por escrito a la Diputaci\u00f3n de Granada).<\/p>\n<p class=\"compLadillo\"><strong>Ba\u00f1os \u00c1rabes de la Marzuela<\/strong><\/p>\n<p>Desde julio de 2009 el edificio que alberga los Ba\u00f1os del que fuera barrio de la Marzuela de Baza, hoy barrio de Santiago, se pueden visitar tras siglos de vicisitudes. El lugar fue declarado monumento Hist\u00f3rico Art\u00edstico, por acuerdo del Consejo de Ministros el 21 de febrero de 1975. Recientemente se invirti\u00f3 una importante cantidad de dinero que posibilit\u00f3 realizar excavaciones arqueol\u00f3gicas que sacaron a la luz dependencias descocidas y otros datos cient\u00edficos de gran inter\u00e9s y para, sobre todo, consolidar todo el edificio del siglo XIII.<\/p>\n<p>Horario: de 11:00 a 13:30 h y de 18:00 a 20:30 h, de martes a domingo.<\/p>\n<p class=\"compLadillo\"><strong>Bas\u00edlica de las Angustias<\/strong><\/p>\n<p>La bas\u00edlica de la Virgen de las Angustias, Patrona de la ciudad de Granada, fue construida por Juan Luis Ortega en 1617. De estilo barroco, en su fachada destacan la Piedad de Bernardo y Jos\u00e9 de Mora. En su interior, las estatuas de Pedro Duque Cornejo, lienzos de Miguel Jer\u00f3nimo de Cieza o Juan Leandro de la Fuente.<\/p>\n<p>Horario: Diarias de 12:30 h a 13:45 h y de 18:00 h a 19:30 h<\/p>\n<p class=\"compLadillo\"><strong>Iglesia de Santo Domingo<\/strong><\/p>\n<p>Fundada en el siglo XVI por los Reyes Cat\u00f3licos, la Iglesia de Santo Domingo form\u00f3 parte del Monasterio de Santa Cruz la Real, lugar donde el Tribunal de la Santa Inquisici\u00f3n celebr\u00f3 sus sesiones. Dicen que fue donde vivi\u00f3 Torquemada, uno de los primeros y m\u00e1s duros dirigentes de la Inquisici\u00f3n. Estos singulares espacios tambi\u00e9n sirvieron durante siglos como lugares de sepultura de familias nobles granadinas.<\/p>\n<p>Horario Visita Gratuita: Domingos de 9:00 a 14:00<\/p>\n<p class=\"compLadillo\"><strong>Centro Jos\u00e9 Guerrero<\/strong><\/p>\n<p>El propio Jos\u00e9 Guerrero fue quien expres\u00f3 su deseo de que fuese en Granada, su ciudad natal, donde se conservara la colecci\u00f3n personal de aquellos cuadros que el pintor consider\u00f3 esenciales. De esta colecci\u00f3n, cedida por la familia, se seleccion\u00f3 un conjunto de obras que representan las etapas m\u00e1s importantes del autor. El Centro Jos\u00e9 Guerrero, adem\u00e1s, es un espacio p\u00fablico en el que se organizan exposiciones temporales y actividades culturales.<\/p>\n<p class=\"compLadillo\"><strong>Museo Casa de los Tiros<\/strong><\/p>\n<p>En la Casa de los Tiros, ubicada en el barrio granadino de El Realejo, en la calle Pavaneras, se encuentra este museo que alberga obras como dibujos, grabados, litograf\u00edas, fotograf\u00edas, planos, piezas de artesan\u00eda local como barros, faroles, tejidos, fondos bibliogr\u00e1ficos de tem\u00e1tica granadina, de viajes, publicaciones seriadas, folletos, carteles o peri\u00f3dicos, todos ellos donados por particulares, cuya generosidad ha permitido un crecimiento considerable del fondo de este peculiar museo. Para los ciudadanos de la UE, la entrada es gratuita y para el resto de pa\u00edses el precio es de 1,50 \u20ac.<\/p>\n<p>Horario de invierno: De martes a s\u00e1bado, de 9:00 a 19:30 horas; domingos, festivos y v\u00edsperas de festivo, de 9:00 a 15:30 horas. Lunes cerrado<\/p>\n<p class=\"compLadillo\"><strong>Corral del Carb\u00f3n<\/strong><\/p>\n<p>El Corral del Carb\u00f3n es el monumento m\u00e1s antiguo que nos dejaron los \u00e1rabes y la alh\u00f3ndiga mejor conservada de la pen\u00ednsula. Este edificio, construido en el siglo XIV, sirvi\u00f3 de almac\u00e9n de mercanc\u00edas y de albergue para los mercaderes que visitaban la ciudad. Posteriormente, los cristianos la adaptaron para sus representaciones teatrales. En la actualidad, alberga una oficina de informaci\u00f3n tur\u00edstica, una librer\u00eda del Legado Andalus\u00ed y un espacio dedicado a conciertos y actuaciones.<\/p>\n<p>Horario: de lunes a viernes de 9:00 a 19:00 horas, s\u00e1bado y domingo de 10:00 a 14:00 horas<\/p>\n<p class=\"compLadillo\"><strong>Parque Bot\u00e1nico el Majuelo de Almu\u00f1\u00e9car<\/strong><\/p>\n<p>En El Majuelo los visitantes pueden contemplar una selecci\u00f3n de plantas representativas de todas las zonas tropicales del mundo como el Centro y Sur de Am\u00e9rica, \u00c1frica, Filipinas o Nueva Zelanda. Adem\u00e1s, el Parque Bot\u00e1nico el Majuelo est\u00e1 situado en pleno casco hist\u00f3rico de Almu\u00f1\u00e9car, justo al lado de la antigua factor\u00eda de salazones romana y del Castillo de San Miguel.<\/p>\n<p>Horario: Todos los d\u00edas de 8:00 h a 10:00<\/p>\n<\/div>\n<\/section>\n","protected":false},"excerpt":{"rendered":"<p>Existen en la provincia muchos otros atractivos a disposici\u00f3n de cualquier visitante que quiera disfrutar&#8230;<\/p>\n","protected":false},"author":1,"featured_media":4982,"comment_status":"closed","ping_status":"closed","sticky":false,"template":"","format":"standard","meta":{"_coblocks_attr":"","_coblocks_dimensions":"","_coblocks_responsive_height":"","_coblocks_accordion_ie_support":"","jetpack_post_was_ever_published":false,"_jetpack_newsletter_access":"","_jetpack_dont_email_post_to_subs":false,"_jetpack_newsletter_tier_id":0,"_jetpack_memberships_contains_paywalled_content":false,"_jetpack_memberships_contains_paid_content":false,"footnotes":"","jetpack_publicize_message":"","jetpack_publicize_feature_enabled":true,"jetpack_social_post_already_shared":false,"jetpack_social_options":{"image_generator_settings":{"template":"highway","default_image_id":0,"enabled":false},"version":2}},"categories":[12,186,15],"tags":[1761,129,56],"class_list":["post-4981","post","type-post","status-publish","format-standard","has-post-thumbnail","hentry","category-cultura","category-instituciones","category-ultimas-noticias","tag-centros-turisticos","tag-granada","tag-turismo"],"jetpack_publicize_connections":[],"jetpack_featured_media_url":"https:\/\/i0.wp.com\/miradordeatarfe.es\/wp-content\/uploads\/2015\/12\/TU.jpg?fit=376%2C134&ssl=1","jetpack_likes_enabled":true,"jetpack_sharing_enabled":true,"_links":{"self":[{"href":"https:\/\/miradordeatarfe.es\/index.php?rest_route=\/wp\/v2\/posts\/4981","targetHints":{"allow":["GET"]}}],"collection":[{"href":"https:\/\/miradordeatarfe.es\/index.php?rest_route=\/wp\/v2\/posts"}],"about":[{"href":"https:\/\/miradordeatarfe.es\/index.php?rest_route=\/wp\/v2\/types\/post"}],"author":[{"embeddable":true,"href":"https:\/\/miradordeatarfe.es\/index.php?rest_route=\/wp\/v2\/users\/1"}],"replies":[{"embeddable":true,"href":"https:\/\/miradordeatarfe.es\/index.php?rest_route=%2Fwp%2Fv2%2Fcomments&post=4981"}],"version-history":[{"count":1,"href":"https:\/\/miradordeatarfe.es\/index.php?rest_route=\/wp\/v2\/posts\/4981\/revisions"}],"predecessor-version":[{"id":4983,"href":"https:\/\/miradordeatarfe.es\/index.php?rest_route=\/wp\/v2\/posts\/4981\/revisions\/4983"}],"wp:featuredmedia":[{"embeddable":true,"href":"https:\/\/miradordeatarfe.es\/index.php?rest_route=\/wp\/v2\/media\/4982"}],"wp:attachment":[{"href":"https:\/\/miradordeatarfe.es\/index.php?rest_route=%2Fwp%2Fv2%2Fmedia&parent=4981"}],"wp:term":[{"taxonomy":"category","embeddable":true,"href":"https:\/\/miradordeatarfe.es\/index.php?rest_route=%2Fwp%2Fv2%2Fcategories&post=4981"},{"taxonomy":"post_tag","embeddable":true,"href":"https:\/\/miradordeatarfe.es\/index.php?rest_route=%2Fwp%2Fv2%2Ftags&post=4981"}],"curies":[{"name":"wp","href":"https:\/\/api.w.org\/{rel}","templated":true}]}}