{"id":4984,"date":"2015-12-04T09:42:46","date_gmt":"2015-12-04T09:42:46","guid":{"rendered":"http:\/\/miradordeatarfe.es\/?p=4984"},"modified":"2015-12-05T09:42:45","modified_gmt":"2015-12-05T09:42:45","slug":"en-este-puente-cuales-son-los-horarios-y-precios-de-los-monumentos-y-museos-de-granada","status":"publish","type":"post","link":"https:\/\/miradordeatarfe.es\/?p=4984","title":{"rendered":"EN ESTE PUENTE \u00bfCu\u00e1les son los horarios y precios de los monumentos y museos de Granada?"},"content":{"rendered":"<div class=\"span12 publiBloqueStory\">\u00a0Amplio repaso en el que damos a conocer informaci\u00f3n de utilidad para todo aquel que desee visitar los principales atractivos de la capital granadina<\/div>\n<p><!--more--><\/p>\n<article class=\"story noticia\">\n<div class=\"row\">\n<div class=\"span12\">Como potente ciudad tur\u00edstica que es, Granada alberga una amplia y diversa oferta cultural que atrae a millones de curiosos cada a\u00f1o. Desde Ideal.es ofrecemos un detallado repaso de los horarios y precios de los principales monumentos y museos de la capital granadina.<\/p>\n<section class=\"offset1 contenido\">\n<div id=\"ccronica\">\n<p class=\"compLadillo\">MONUMENTOS<\/p>\n<p><span id=\"U3073447725541xZF\">1<strong>. La <a title=\"Alhambra de Granada\" href=\"http:\/\/www.ideal.es\/temas\/lugares\/alhambra-monumento.html\" target=\"_blank\">Alhambra<\/a><\/strong><\/span>: la construcci\u00f3n \u00e1rabe m\u00e1s espectacular y famosa del mundo es el principal reclamo de Granada:<\/p>\n<p id=\"U3073447725541uqE\">HORARIOS<\/p>\n<p>Del 15 de octubre al 14 de marzo<\/p>\n<p>Visita Diurna: de lunes a domingo, de 08:30 a 18:00 (horario de taquilla de 08:00 a 18:00)<\/p>\n<p>Visita Nocturna: viernes y s\u00e1bados, de 20:00 a 21:30 (horario de taquilla de19:00 a 20:45)<\/p>\n<p>Del 15 de marzo al 14 de octubre<\/p>\n<p>Visita Diurna: de lunes a domingo, de 08:30 a 20:00 (horario de taquilla de 08:00 a 20:00)<\/p>\n<p>Visita Nocturna: martes, mi\u00e9rcoles, jueves, viernes y s\u00e1bado, 22:00 a 23:30, (horario de taquilla de 21:00 a 22:45<\/p>\n<p id=\"U3073447725541GRG\">PRECIOS<\/p>\n<p>Alhambra General: 14 euros.<\/p>\n<p>Alhambra Jardines: 7 euros.<\/p>\n<p>Alhambra Nocturna: 8 euros.<\/p>\n<p>Alhambra y Fundaci\u00f3n Rodr\u00edguez-Acosta: 16 euros<\/p>\n<p><span id=\"U3073447725541rIC\">2<strong>. Carmen de los m\u00e1rtires<\/strong><\/span><strong>:<\/strong> Su nombre proviene de la leyenda que apuntaba a este emplazamiento como lugar de cautiverio para los m\u00e1rtires cristianos. Su aspecto actual corresponde al siglo XIX y sus espectaculares jardines son una mezcla acertada de modelos franceses e ingleses, junto con la est\u00e9tica de los jardines andalus\u00edes.<\/p>\n<p id=\"U3073447725541dHC\">HORARIO<\/p>\n<p>De noviembre a marzo<\/p>\n<p>Lunes a viernes, de 10.00 a 14.00 horas y de 16.00 a 18.00 horas. S\u00e1bados, Domingos y festivos de 10 a 18.00 horas<\/p>\n<p>De abril a octubre<\/p>\n<p>Lunes a s\u00e1bado de 10.00 a 14.00 y de 18.00 a 20.00 horas S\u00e1bados, Domingos y Festivos de 10.00 a 20.00 horas (agosto cerrado).<\/p>\n<p><span id=\"U3073447725541i6D\">PRECIOS<\/span> (entrada gratuita).<\/p>\n<p><span id=\"U3073447725541V6E\">3. <strong>Corral del carb\u00f3n<\/strong><\/span><strong>:<\/strong> esta antigua alh\u00f3ndiga es el monumento m\u00e1s antiguo que dejaron los musulmanes en la Pen\u00ednsula Ib\u00e9rica. Serv\u00eda de hospedaje y almac\u00e9n para los mercaderes de la \u00e9poca.<\/p>\n<p id=\"U30734477255414PB\">HORARIOS<\/p>\n<p>De lunes a viernes, de 10:30 a 13:30 horas y de 17:00 a 20:00 horas. S\u00e1bados, de 10:30 a 14:00 horas. Domingos y festivos cerrado.<\/p>\n<p id=\"U307344772554155D\">PRECIOS (entrada gratuita).<\/p>\n<p><span id=\"U3073447725541qxG\">4.<strong> Capilla real<\/strong><\/span><strong>:<\/strong> de estilo g\u00f3tico isabelino, fue mandada erigir por los Reyes Cat\u00f3licos en 1504 como lugar de enterramiento de sus cuerpos.<\/p>\n<p id=\"U3073447725541hBE\">HORARIOS<\/p>\n<p>Oto\u00f1o \/ Invierno<\/p>\n<p>Lunes a s\u00e1bado, de 10:15 a 13.30 horas y de 15:30 a 18:30 horas. Domingos de 11:00 a 13:30h y de 14:30 a 17:30h. Festivos de 11.00 a 13.30h y de 15:30 a 18:30 horas.<\/p>\n<p>Primavera \/ Verano<\/p>\n<p>Lunes a s\u00e1bado, de 10:15 a 13:30 horas y de 16:00 a 19:30 horas. Domingos de 11:00 a 13:30h y de 14:30 a 18:30 horas. Festivos de 11.00 a 13.30h y de 16:00 a 19:30 horas.<\/p>\n<p id=\"U3073447725541nYH\">PRECIOS<\/p>\n<p>Menores de 10 a\u00f1os: Gratuita.<\/p>\n<p>Previa solicitud, se hacen descuentos a grupos de estudiantes o mayores de 65 a\u00f1os.<\/p>\n<p><span id=\"U3073447725541SJD\">5.<strong> Catedral<\/strong><\/span><strong>:<\/strong> mandada construir por Isabel la Cat\u00f3lica, es uno de los edificios clave de la arquitectura espa\u00f1ola, primera renacentista de <a title=\"Espa\u00f1a\" href=\"http:\/\/www.ideal.es\/nacional\/\" target=\"_blank\">Espa\u00f1a<\/a> y la segunda m\u00e1s grande del pa\u00eds.<\/p>\n<p id=\"U3073447725541RbE\">HORARIOS<\/p>\n<p>Invierno<\/p>\n<p>Lunes a s\u00e1bado, de 10:15 a 18:45 horas. Domingos de 16:00 a 19:00 horas.<\/p>\n<p>Primavera \/ Verano<\/p>\n<p>Lunes a s\u00e1bado, de 10:15 a 13.30 horas y de 16:00 a 19:30 horas. Domingos de 11:00 a 13:30h y de 14:30 a 18:30 horas. Festivos de 11.00 a 13.30h y de 16:00 a 19:30 horas.<\/p>\n<p><span id=\"U30734477255412JE\">PRECIOS<\/span><\/p>\n<p>Entrada general: 4 euros<\/p>\n<p>Menores de 10 a\u00f1os y descapacitados: entrada gratuita<\/p>\n<p>Grupos de mayores de 65 a\u00f1os (con solicitud del organizador por fax): 2,50 euros<\/p>\n<p>Grupos de estudiantes de la UE (si lo solicita el centro por fax): 2,50 euros<\/p>\n<p>Grupos de estudiantes espa\u00f1oles (si lo solicita el director del centro por fax): 1,50 euros (noviembre, diciembre, enero y febrero); resto del a\u00f1o: 2,50 euros<\/p>\n<p>Grupos de estudiantes granadinos (si lo solicita el director del centro): gratuita (noviembre, diciembre, enero y febrero); 1,50 euros (resto del a\u00f1o)<\/p>\n<p><span id=\"U3073447725541yEI\">6. <strong>Iglesia de Santo Domingo<\/strong><\/span><strong>:<\/strong> presenta varios estilos (barroco, g\u00f3tico tard\u00edo y renacentista) y forma parte del Monasterio de Santa Cruz la Real.<\/p>\n<p id=\"U30734477255412dH\">HORARIOS<\/p>\n<p>En horario de culto. De lunes a s\u00e1bado, de 8:30 a 9:30 y de 19:30 a 20:30. Domingos de 9:30 a 14:00 horas.<\/p>\n<p id=\"U3073447725541wNB\">PRECIOS (entrada gratuita).<\/p>\n<p><span id=\"U3073447725541CGF\">7. <strong>Abad\u00eda del Sacromonte<\/strong><\/span>: ubicada en el monte Valpara\u00edso, la Abad\u00eda del Sacromonte nos muestra el pasado cultural y religioso de la ciudad y es vital para comprender la historia de Granada<\/p>\n<p id=\"U3073447725541InC\">HORARIOS<\/p>\n<p>Invierno<\/p>\n<p>Lunes a s\u00e1bado, de 10:00 a 13:00 horas y de 16:00 a 18:00 horas. Domingos de 11:00 a 13:00 y de 16:00 a 18:00 horas.<\/p>\n<p>Verano<\/p>\n<p>Lunes a s\u00e1bado, de 10:00 a 13:00 horas y de 17:00 a 19:30 horas. Domingos de 11:00 a 13:00 y de 17:00 a 19:30 horas.<\/p>\n<p id=\"U3073447725541YaC\">PRECIOS<\/p>\n<p>3\u201950 \u20ac con visita guiada.<\/p>\n<p><span id=\"U3073447725541v9D\">8.<strong> Monasterio de San Jer\u00f3nimo<\/strong><\/span>: fue el primer monasterio que se construy\u00f3 en Granada tras la conquista de la ciudad por los cristianos<\/p>\n<p id=\"U3073447725541nfE\">HORARIOS<\/p>\n<p>Invierno<\/p>\n<p>De lunes a domingo de 10:00 a 13:30, y de 15:00 a 18:30<\/p>\n<p>Verano<\/p>\n<p>De lunes a domingo de 10:00 a 13:30, y de 16:00 a 19:30<\/p>\n<p id=\"U3073447725541zDD\">PRECIOS<\/p>\n<p>3\u201950 \u20ac.<\/p>\n<p><span id=\"U3073447725541Cb\">9.<strong> Monasterio de La Cartuja<\/strong><\/span>: fue fundado por orden de El Gran Capit\u00e1n sobre un antiguo carmen \u00e1rabe llamado Aynadamar (Fuente de las L\u00e1grimas), en cumplimiento de una promesa realizada en aquel lugar tras salvar la vida tras una emboscada de los musulmanes<\/p>\n<p id=\"U3073447725541IZG\">HORARIOS<\/p>\n<p>Invierno<\/p>\n<p>De lunes a domingo de 10:00 a 13:00, y de 15:00 a 18:00<\/p>\n<p>Verano<\/p>\n<p>De lunes a domingo de 10:00 a 13:00, y de 16:00 a 20:00<\/p>\n<p id=\"U30734477255415ED\">PRECIOS<\/p>\n<p>Adultos 4 \u20ac.<\/p>\n<p>Menores de 10 a\u00f1os gratis.<\/p>\n<h3 class=\"compLadillo\"><strong>MUSEOS<\/strong><\/h3>\n<p><span id=\"U3073447725541VEF\">1. <strong>Parque de las Ciencias<\/strong><\/span><strong>:<\/strong> es el primer museo interactivo de ciencia de Andaluc\u00eda. Fue inaugurado en mayo de 1995 y en la actualidad ocupa 70.000 m\u00b2.<\/p>\n<p id=\"U3073447725541OUC\">HORARIOS<\/p>\n<p>Lunes cerrado excepto festivos y v\u00edsperas.<\/p>\n<p>De Martes a S\u00e1bado y Lunes v\u00edspera de festivo, de 10:00 a 19:00 horas.<\/p>\n<p>Domingos y festivos, de 10:00 a 15:00 horas.<\/p>\n<p id=\"U3073447725541CDB\">PRECIOS<\/p>\n<p>Museo:<\/p>\n<p>General: 7 \u20ac.<\/p>\n<p>Reducida: 6 \u20ac.<\/p>\n<p>Escolar: 5\u201950 \u20ac.<\/p>\n<p>Planetario<\/p>\n<p>General: 2\u201950 \u20ac.<\/p>\n<p>Reducida: 2 \u20ac.<\/p>\n<p>Escolar: 2 \u20ac.<\/p>\n<p>Tarifa reducida: Mayores de 65, menores de 18 y grupos organizados de m\u00e1s de 15 personas<\/p>\n<p><span id=\"U30734477255419CE\">2. <strong>Centro Jos\u00e9 Guerrero<\/strong><\/span>: situado justo enfrente de la Catedral y de la cripta que custodia los restos de los Reyes Cat\u00f3licos, el Centro de Arte Jos\u00e9 Guerrero de Granada se ha convertido en uno de los museos de arte contempor\u00e1neo m\u00e1s potentes de la regi\u00f3n.<\/p>\n<p id=\"U3073447725541QLH\">HORARIOS<\/p>\n<p>De martes a s\u00e1bado y festivos de 10:30 a 14:00 y de 16:30 a 21:00 horas.<\/p>\n<p>Domingos de 10:30 a 14:00 horas.<\/p>\n<p>Cerrado lunes y domingos por la tarde.<\/p>\n<p><span id=\"U3073447725541JjG\">PRECIOS<\/span> (entrada gratuita).<\/p>\n<p><span id=\"U30734477255412jG\">3. <strong>Casa Museo <a title=\"Federico Garc\u00eda Lorca\" href=\"http:\/\/www.ideal.es\/temas\/personajes\/federico-garcia-lorca.html\" target=\"_blank\">Federico Garc\u00eda Lorca<\/a><\/strong><\/span>: es un lugar fundamental en la vida de Federico Garc\u00eda Lorca, ya que fue su residencia de verano de la familia.<\/p>\n<p id=\"U3073447725541OlC\">HORARIOS<\/p>\n<p>Abierto de martes a domingo.<\/p>\n<p>Ma\u00f1anas de 9:15 a 14:15 horas.<\/p>\n<p>Tardes:<\/p>\n<p>Enero, febrero, marzo, octubre, noviembre, diciembre de 16:00 horas a 19:00 horas.<\/p>\n<p>Abril, mayo, del 1 al 14 junio, 16 al 30 septiembre de 17:00 horas a 20:00 horas.<\/p>\n<p>Del 15 de junio al 15 de septiembre, solo ma\u00f1anas-<\/p>\n<p id=\"U3073447725541tX\">PRECIOS<\/p>\n<p>Adultos 3\u20ac<\/p>\n<p>Ni\u00f1os y pensionistas: 1 \u20ac.<\/p>\n<p>Estudiantes: 1 \u20ac.<\/p>\n<p><span id=\"U3073447725541AsH\">4.<strong> Museo Casa de los Tiros<\/strong><\/span><strong>:<\/strong> situado en el Barrio del Realejo, en la calle Pavaneras, su nombre se debe a las piezas de artiller\u00eda que hay en sus almenas<\/p>\n<p id=\"U3073447725541ZyF\">HORARIOS<\/p>\n<p>Del 16 de septiembre al 31 de mayo:<\/p>\n<p>&#8211; De martes a s\u00e1bado, de 10:00 a 20:30 horas.<\/p>\n<p>&#8211; Domingos y festivos de apertura: de 10:00 a 17:00 horas.<\/p>\n<p>&#8211; Lunes: cerrado.<\/p>\n<p>Del 1 de junio a 15 de septiembre:<\/p>\n<p>&#8211; De martes a s\u00e1bado, de 9:00 a 15:30 horas.<\/p>\n<p>&#8211; Domingos y festivos: de 10:00 a 17:00 horas.<\/p>\n<p>&#8211; Lunes: cerrado.<\/p>\n<p id=\"U30734477255411rE\">PRECIOS<\/p>\n<p>Gratuita: ciudadanos de la Uni\u00f3n Europea, con acreditaci\u00f3n. Resto de pa\u00edses: 1,50 \u20ac.<\/p>\n<p><span id=\"U3073447725541mPB\">5. <strong>Casa Museo Manuel de Falla<\/strong><\/span><strong>:<\/strong> contiene objetos personales del m\u00fascio (su piano, su mesa de trabajo, su cama), que se quedaron all\u00ed cuando huy\u00f3 de Granada tras el asesinato de Garc\u00eda Lorca.<\/p>\n<p id=\"U3073447725541pDF\">HORARIOS<\/p>\n<p>De septiembre a junio:<\/p>\n<p>De martes a viernes de 9:30 a 18:30 horas (\u00faltima visita a las 18:00 horas).<\/p>\n<p>S\u00e1bado y domingo de 9 a 14:30 horas (\u00faltima visita a las 14:00 horas).<\/p>\n<p>Julio y agosto:<\/p>\n<p>De mi\u00e9rcoles a domingo de 9 a 14:30 horas (\u00faltima visita a las 14:00 horas).<\/p>\n<p id=\"U3073447725541p7B\">PRECIOS<\/p>\n<p>General: 3 \u20ac<\/p>\n<p>Estudiantes, pensionistas, jubilados y grupos (previa cita): 1 \u20ac<\/p>\n<p><span id=\"U30734477255415c\">6.<strong> Museo de Bellas Artes<\/strong><\/span>: ubicado en el Palacio de Carlos V, es la m\u00e1s importante pinacoteca de Granada.<\/p>\n<p id=\"U3073447725541nWH\">HORARIOS<\/p>\n<p>VERANO<\/p>\n<p>Lunes: cerrado<\/p>\n<p>Martes: 14:30-20:00 h<\/p>\n<p>Mie-Sab: 9:00-20:00 h<\/p>\n<p>Domingos y festivos: 9:00-14:30 h<\/p>\n<p id=\"U3073447725541egH\">INVIERNO<\/p>\n<p>Lunes: cerrado<\/p>\n<p>Martes: 14:30-18:00 h<\/p>\n<p>Mie-Sab: 9:00-18:00<\/p>\n<p>Domingos y Festivos: 9:00-14:30 h<\/p>\n<p id=\"U3073447725541mcE\">PRECIOS<\/p>\n<p>General: 1,5 \u20ac<\/p>\n<p>Entrada gratuita (presentando la correspondiente acreditaci\u00f3n):<\/p>\n<p>&#8211; Estudiantes<\/p>\n<p>&#8211; Ciudadanos de la Uni\u00f3n Europea<\/p>\n<p>&#8211; Miembros del ICOM<\/p>\n<\/div>\n<\/section>\n<\/div>\n<\/div>\n<\/article>\n","protected":false},"excerpt":{"rendered":"<p>\u00a0Amplio repaso en el que damos a conocer informaci\u00f3n de utilidad para todo aquel que&#8230;<\/p>\n","protected":false},"author":1,"featured_media":4985,"comment_status":"closed","ping_status":"closed","sticky":false,"template":"","format":"standard","meta":{"_coblocks_attr":"","_coblocks_dimensions":"","_coblocks_responsive_height":"","_coblocks_accordion_ie_support":"","jetpack_post_was_ever_published":false,"_jetpack_newsletter_access":"","_jetpack_dont_email_post_to_subs":false,"_jetpack_newsletter_tier_id":0,"_jetpack_memberships_contains_paywalled_content":false,"_jetpack_memberships_contains_paid_content":false,"footnotes":"","jetpack_publicize_message":"","jetpack_publicize_feature_enabled":true,"jetpack_social_post_already_shared":false,"jetpack_social_options":{"image_generator_settings":{"template":"highway","default_image_id":0,"enabled":false},"version":2}},"categories":[12,15],"tags":[1764,1762,1763],"class_list":["post-4984","post","type-post","status-publish","format-standard","has-post-thumbnail","hentry","category-cultura","category-ultimas-noticias","tag-monumentos","tag-museos","tag-visitas-turisticas"],"jetpack_publicize_connections":[],"jetpack_featured_media_url":"https:\/\/i0.wp.com\/miradordeatarfe.es\/wp-content\/uploads\/2015\/12\/CAT.jpg?fit=393%2C128&ssl=1","jetpack_likes_enabled":true,"jetpack_sharing_enabled":true,"_links":{"self":[{"href":"https:\/\/miradordeatarfe.es\/index.php?rest_route=\/wp\/v2\/posts\/4984","targetHints":{"allow":["GET"]}}],"collection":[{"href":"https:\/\/miradordeatarfe.es\/index.php?rest_route=\/wp\/v2\/posts"}],"about":[{"href":"https:\/\/miradordeatarfe.es\/index.php?rest_route=\/wp\/v2\/types\/post"}],"author":[{"embeddable":true,"href":"https:\/\/miradordeatarfe.es\/index.php?rest_route=\/wp\/v2\/users\/1"}],"replies":[{"embeddable":true,"href":"https:\/\/miradordeatarfe.es\/index.php?rest_route=%2Fwp%2Fv2%2Fcomments&post=4984"}],"version-history":[{"count":1,"href":"https:\/\/miradordeatarfe.es\/index.php?rest_route=\/wp\/v2\/posts\/4984\/revisions"}],"predecessor-version":[{"id":4986,"href":"https:\/\/miradordeatarfe.es\/index.php?rest_route=\/wp\/v2\/posts\/4984\/revisions\/4986"}],"wp:featuredmedia":[{"embeddable":true,"href":"https:\/\/miradordeatarfe.es\/index.php?rest_route=\/wp\/v2\/media\/4985"}],"wp:attachment":[{"href":"https:\/\/miradordeatarfe.es\/index.php?rest_route=%2Fwp%2Fv2%2Fmedia&parent=4984"}],"wp:term":[{"taxonomy":"category","embeddable":true,"href":"https:\/\/miradordeatarfe.es\/index.php?rest_route=%2Fwp%2Fv2%2Fcategories&post=4984"},{"taxonomy":"post_tag","embeddable":true,"href":"https:\/\/miradordeatarfe.es\/index.php?rest_route=%2Fwp%2Fv2%2Ftags&post=4984"}],"curies":[{"name":"wp","href":"https:\/\/api.w.org\/{rel}","templated":true}]}}