{"id":49860,"date":"2021-10-31T09:38:28","date_gmt":"2021-10-31T08:38:28","guid":{"rendered":"https:\/\/miradordeatarfe.es\/?p=49860"},"modified":"2021-10-28T13:01:40","modified_gmt":"2021-10-28T11:01:40","slug":"blanca-li-revoluciona-en-su-ceremonia-de-ingreso-la-academia-de-bellas-artes-francesa","status":"publish","type":"post","link":"https:\/\/miradordeatarfe.es\/?p=49860","title":{"rendered":"Blanca Li revoluciona en su ceremonia de ingreso la Academia de Bellas Artes francesa"},"content":{"rendered":"<h3 class=\"a_st\" style=\"text-align: justify;\">La bailarina espa\u00f1ola asume oficialmente su sill\u00f3n en la nueva secci\u00f3n de coreograf\u00eda con varios n\u00fameros de danza bajo la solemne c\u00fapula de la centenaria instituci\u00f3n<\/h3>\n<p class=\"\" style=\"text-align: justify;\">Tras la pompa de una ceremonia repetida desde hace m\u00e1s de dos siglos con unos ritos bien establecidos \u2014uniforme especialmente creado para ello, espada incluida, y discurso solemne bajo la majestuosa c\u00fapula del Instituto de Francia \u2014, est\u00e1 siempre la emoci\u00f3n. Una emoci\u00f3n que en el caso de\u00a0<a href=\"https:\/\/elpais.com\/noticias\/blanca-li\/\" target=\"_blank\" rel=\"noopener\" data-link-track-dtm=\"\">Blanca Li\u00a0<\/a>se multiplica: la core\u00f3grafa y bailarina espa\u00f1ola (Granada, 57 a\u00f1os) se ha convertido este mi\u00e9rcoles en la primera artista que ocupa formalmente uno de los cuatro sillones de la nueva secci\u00f3n de Coreograf\u00eda de la Academia de Bellas Artes de Francia, creada hace apenas tres a\u00f1os. Li es as\u00ed la primera core\u00f3grafa que entra de pleno derecho en este templo dedicado a promover el arte en uno de los pa\u00edses que m\u00e1s valor le dan a sus diversas expresiones, pero que hasta ahora no hab\u00eda reconocido la danza al mismo nivel que la pintura o el cine. Y lo hace con la conciencia adem\u00e1s de que es una de las pocas mujeres, y escasas extranjeras, que reciben lo que la tambi\u00e9n realizadora y artista multimedia no duda en calificar como un gran reto y responsabilidad \u201cemocionantes\u201d.<\/p>\n<p class=\"\" style=\"text-align: justify;\">Un nuevo tiempo que Li ha querido poner en evidencia rompiendo con varios n\u00fameros de danza la habitual solemnidad de las ceremonias de toma posesi\u00f3n de sus sillones por parte de los nuevos acad\u00e9micos. Para la suya, celebrada este mi\u00e9rcoles bajo la famosa c\u00fapula de la sede parisina del Instituto de Francia, que alberga a las cinco grandes academias francesas, entre ellas la de Bellas Artes o la Academia Francesa,\u00a0<a href=\"https:\/\/elpais.com\/cultura\/2021-10-15\/mario-vargas-llosa-candidato-a-ingresar-en-la-academia-francesa.html\" target=\"_blank\" rel=\"noopener\" data-link-track-dtm=\"\">a la que podr\u00eda ingresar pr\u00f3ximamente el escritor en lengua espa\u00f1ola Mario Vargas Llosa<\/a>, la core\u00f3grafa ha orquestado una selecci\u00f3n de piezas de danza cl\u00e1sica y contempor\u00e1nea entre las que ha incluido una el\u00e9ctrica coreograf\u00eda a ritmo de m\u00fasica electr\u00f3nica, ante la mirada at\u00f3nita de algunos acad\u00e9micos.<\/p>\n<figure class=\"a_m a_m-h\" style=\"text-align: justify;\"><span class=\"_db a_m_w _pr lb_btn\"><img data-recalc-dims=\"1\" loading=\"lazy\" decoding=\"async\" class=\"_re lazyload a_m-h\" src=\"https:\/\/i0.wp.com\/imagenes.elpais.com\/resizer\/SxYhcq1pah6Pxf-tPhNMQCq1v84%3D\/414x0\/cloudfront-eu-central-1.images.arcpublishing.com\/prisa\/P7T67Q4EYBFK7ENDZHVPQ754DY.jpg?resize=414%2C276&#038;ssl=1\" srcset=\"https:\/\/imagenes.elpais.com\/resizer\/SxYhcq1pah6Pxf-tPhNMQCq1v84=\/414x0\/cloudfront-eu-central-1.images.arcpublishing.com\/prisa\/P7T67Q4EYBFK7ENDZHVPQ754DY.jpg 414w,https:\/\/imagenes.elpais.com\/resizer\/L4iRDp38fISr6mD645U55cwjd88=\/828x0\/cloudfront-eu-central-1.images.arcpublishing.com\/prisa\/P7T67Q4EYBFK7ENDZHVPQ754DY.jpg 640w,https:\/\/imagenes.elpais.com\/resizer\/nDWNph2NfG4k4RWUzK92C07blVc=\/980x0\/cloudfront-eu-central-1.images.arcpublishing.com\/prisa\/P7T67Q4EYBFK7ENDZHVPQ754DY.jpg 1000w,https:\/\/imagenes.elpais.com\/resizer\/ZgLLSbLyh1ZCyK8qZE_U-66uTGc=\/1960x0\/cloudfront-eu-central-1.images.arcpublishing.com\/prisa\/P7T67Q4EYBFK7ENDZHVPQ754DY.jpg 1960w\" alt=\"Uno de los n\u00fameros de danza que acompa\u00f1aron el discurso de ingreso de Blanca Li.\" width=\"414\" height=\"276\" \/><\/span><figcaption class=\"a_m_p\">Uno de los n\u00fameros de danza que acompa\u00f1aron el discurso de ingreso de Blanca Li.<span class=\"a_m_m\">J. AGNEL (ACADEMIA DE BELLAS ARTES DE FRANCIA)<\/span><\/figcaption><\/figure>\n<div id=\"elpais_gpt-INTEXT\" style=\"text-align: justify;\" data-google-query-id=\"CLmg4bX57PMCFZWt1QodEq4NgA\">\n<div id=\"google_ads_iframe_7811748\/elpais_web\/cultura\/intext_0__container__\"><iframe id=\"google_ads_iframe_7811748\/elpais_web\/cultura\/intext_0\" title=\"3rd party ad content\" name=\"google_ads_iframe_7811748\/elpais_web\/cultura\/intext_0\" width=\"1\" height=\"1\" frameborder=\"0\" marginwidth=\"0\" marginheight=\"0\" scrolling=\"no\" data-google-container-id=\"8\" data-load-complete=\"true\" data-mce-fragment=\"1\"><\/iframe><\/div>\n<\/div>\n<p class=\"\" style=\"text-align: justify;\">\u201cEs incre\u00edble, muy emocionante, me hace mucha ilusi\u00f3n que me hayan acogido siendo una artista de origen espa\u00f1ol, y mujer y bailarina\u201d, dijo Li a EL PA\u00cdS poco antes de la ceremonia. \u201cEntrar como mujer y core\u00f3grafa es a\u00fan m\u00e1s importante, porque\u00a0<a href=\"https:\/\/smoda.elpais.com\/moda\/blanca-li-la-mujer-que-baila-la-moda\/\" target=\"_blank\" rel=\"noopener\" data-link-track-dtm=\"\">ha sido un lugar reservado para los hombres durante siglos<\/a>\u00a0y es muy importante que ahora las mujeres artistas, las creadoras, formen parte de esa academia\u201d, agreg\u00f3.<\/p>\n<p class=\"\" style=\"text-align: justify;\">La tradici\u00f3n dicta que cuando un nuevo miembro asume uno de los 63 sillones de la Academia \u2014generalmente un a\u00f1o despu\u00e9s de su nominaci\u00f3n, aunque la pandemia de coronavirus ha perturbado todos los tiempos\u2014 es presentado ante los dem\u00e1s miembros por otro integrante de la instituci\u00f3n. En el caso de Li, ha sido Fr\u00e9d\u00e9ric Mitterrand, miembro de la secci\u00f3n de cine. El exministro de Cultura franc\u00e9s y sobrino del presidente socialista Fran\u00e7ois Mitterrand destac\u00f3 el \u201ctrabajo intenso\u201d de una artista como Li, que \u201cnos sorprende, nos transporta, nos asombra, nos pierde y nos recoge, que nos reconcilia con la vida cuando nos parece demasiado dura y cuando dudamos de nosotros mismos gracias a su \u00edmpetu, su fantas\u00eda, su generosidad y su elegancia, que logran lo esencial, hacernos al menos un poco m\u00e1s felices\u201d.<\/p>\n<p class=\"\" style=\"text-align: justify;\">El nuevo miembro, por su parte, debe dedicar su discurso a su predecesor en el \u201csill\u00f3n\u201d. Al ser un asiento de creaci\u00f3n nueva, Li aprovech\u00f3 su alocuci\u00f3n para celebrar el reconocimiento de la coreograf\u00eda como un arte propio, un arte que, por tener \u201cel cuerpo como instrumento\u201d, tradicionalmente e incluso en algunos pa\u00edses hasta hoy, genera \u201cdesconfianza y anatema\u201d, lament\u00f3. \u201cLa danza tiene en s\u00ed una fuerza irresistible, puede que sea eso lo que asusta de ella\u201d, continu\u00f3 en su discurso ante acad\u00e9micos e invitados, entre ellos amigos y compa\u00f1eros artistas. La espa\u00f1ola se comprometi\u00f3 adem\u00e1s a trasladar a la Academia su concepci\u00f3n del arte \u201cprofundamente universal y transdisciplinario\u201d.<\/p>\n<p class=\"\" style=\"text-align: justify;\">Dedicada a \u201cpromover y alentar la creaci\u00f3n art\u00edstica en todas sus expresiones y vigilar la defensa del patrimonio cultural franc\u00e9s\u201d, la Academia de Bellas Artes est\u00e1 compuesta de nueve secciones, entre ellas pintura, escultura, arquitectura, cine y, solo desde octubre de 2018, tambi\u00e9n coreograf\u00eda. La creaci\u00f3n de esta \u00faltima secci\u00f3n \u201ces muy importante porque abre la puerta al arte de la danza y lo reconoce como tal en esta instituci\u00f3n tan importante\u201d, se\u00f1ala al respecto Li.\u00a0<a href=\"https:\/\/elpais.com\/elpais\/2013\/11\/13\/eps\/1384341032_042233.html\" target=\"_blank\" rel=\"noopener\" data-link-track-dtm=\"\">Francia \u201ces un pa\u00eds que ama mucho la danza\u00a0<\/a>y esto era algo que faltaba, algo que era importante para completar ese amor por el ballet y que realmente estuviera integrada con las otras artes\u201d.<\/p>\n<p class=\"\" style=\"text-align: justify;\">Junto a Blanca Li, en abril de 2019 fueron elegidos tambi\u00e9n los core\u00f3grafos franceses Thierry Malandain y Angelin Preljocaj. Un a\u00f1o m\u00e1s tarde, la estadounidense Carolyn Carlson result\u00f3 seleccionada como la cuarta integrante de la nueva secci\u00f3n. La espa\u00f1ola y la norteamericana son dos de las solo 11 mujeres que integran actualmente la Academia, que tiene a\u00fan siete sillones vacantes.<\/p>\n<figure class=\"a_m a_m-v\" style=\"text-align: justify;\"><span class=\"_db a_m_w _pr lb_btn\"><img data-recalc-dims=\"1\" loading=\"lazy\" decoding=\"async\" class=\"_re lazyload a_m-v\" src=\"https:\/\/i0.wp.com\/imagenes.elpais.com\/resizer\/gyAsOV_zDpnCYF_UdxljTluswRY%3D\/414x0\/cloudfront-eu-central-1.images.arcpublishing.com\/prisa\/U3XB4JKHLFE65FJHNQP2I4YQS4.jpg?resize=414%2C621&#038;ssl=1\" srcset=\"https:\/\/imagenes.elpais.com\/resizer\/gyAsOV_zDpnCYF_UdxljTluswRY=\/414x0\/cloudfront-eu-central-1.images.arcpublishing.com\/prisa\/U3XB4JKHLFE65FJHNQP2I4YQS4.jpg 414w,https:\/\/imagenes.elpais.com\/resizer\/6InZa4w7lx0bFmSBN4IAhYW_I4w=\/828x0\/cloudfront-eu-central-1.images.arcpublishing.com\/prisa\/U3XB4JKHLFE65FJHNQP2I4YQS4.jpg 640w,https:\/\/imagenes.elpais.com\/resizer\/EEOQAa4g2Ui18kA9oMbJTrbUAaU=\/980x0\/cloudfront-eu-central-1.images.arcpublishing.com\/prisa\/U3XB4JKHLFE65FJHNQP2I4YQS4.jpg 1000w,https:\/\/imagenes.elpais.com\/resizer\/RMsE3MVFF3OoC-C3Zk_LybcR4f8=\/1960x0\/cloudfront-eu-central-1.images.arcpublishing.com\/prisa\/U3XB4JKHLFE65FJHNQP2I4YQS4.jpg 1960w\" alt=\"Otro momento de las actuaciones de la ceremonia.\" width=\"414\" height=\"621\" \/><\/span><figcaption class=\"a_m_p\">Otro momento de las actuaciones de la ceremonia.<span class=\"a_m_m\">J. AGNEL (ACADEMIA DE BELLAS ARTES DE FRANCIA)<\/span><\/figcaption><\/figure>\n<p class=\"\" style=\"text-align: justify;\">La espa\u00f1ola, que aunque lleva desde 1992 instalada en Francia mantiene estrechos v\u00ednculos con su pa\u00eds de origen \u2014<a href=\"https:\/\/elpais.com\/ccaa\/2019\/10\/15\/madrid\/1571132454_187681.html\" target=\"_blank\" rel=\"noopener\" data-link-track-dtm=\"\">actualmente dirige los Teatros del Canal, el buque insignia de la cultura madrile\u00f1a<\/a>\u2014, espera que su nuevo estatus como miembro de la Academia le permita lograr un sue\u00f1o largamente acariciado: promover la danza desde la infancia, integr\u00e1ndola en los programas educativos.<\/p>\n<p class=\"\" style=\"text-align: justify;\">\u201cVamos a trabajar para que la danza forme tambi\u00e9n parte de la educaci\u00f3n desde ni\u00f1os, que sea algo que se estudie en la escuela como se estudia m\u00fasica o pintura\u201d, explica. Seg\u00fan Li, la danza permite una relaci\u00f3n con el cuerpo \u201cque es natural cuando eres ni\u00f1o, pero que vas perdiendo seg\u00fan te haces adulto, porque es algo que si no lo fomentas, despu\u00e9s no est\u00e1. Lo que he visto trabajando con ni\u00f1os en las escuelas es que les da much\u00edsima libertad y autoestima y les da tambi\u00e9n mucha seguridad descubrir su cuerpo y saberlo utilizar\u201d.<\/p>\n<p class=\"\" style=\"text-align: justify;\"><a href=\"https:\/\/elpais.com\/ideas\/2021-06-27\/blanca-li-la-coreografa-audaz-que-se-mueve-entre-la-farandula-y-el-mundo-del-baile.html?event_log=oklogin\" target=\"_blank\" rel=\"noopener\" data-link-track-dtm=\"\">La renombrada artista internacional<\/a>, que no olvida que tuvo que abandonar su pa\u00eds en los a\u00f1os noventa para poder explotar todo su potencial y lograr sus sue\u00f1os, espera a la par poder impulsar ahora m\u00e1s que nunca su arte tambi\u00e9n en Espa\u00f1a. \u201cYo me tuve que ir porque sab\u00eda que no iba a poder hacer mi carrera como creadora, y necesitaba un m\u00ednimo de medios para trabajar y los encontr\u00e9 en Francia\u201d, recuerda Li en su conversaci\u00f3n con este peri\u00f3dico. \u201cSer\u00eda muy importante para la danza [espa\u00f1ola] tener una verdadera pol\u00edtica cultural dedicada al desarrollo de la danza y ayudar a mantener un poco a esos creadores que viven siempre en una fragilidad que para ellos es un poco su d\u00eda a d\u00eda, y as\u00ed es muy dif\u00edcil mantener una compa\u00f1\u00eda de danza\u201d, se\u00f1ala.<\/p>\n<p class=\"\" style=\"text-align: justify;\">Porque talento no falta, subraya la polifac\u00e9tica artista, que en 2009 recibi\u00f3 en Espa\u00f1a la<a href=\"https:\/\/elpais.com\/cultura\/2009\/10\/27\/actualidad\/1256598003_850215.html\" target=\"_blank\" rel=\"noopener\" data-link-track-dtm=\"\">\u00a0Medalla de Oro al M\u00e9rito de las Bellas Artes<\/a>. \u201cAhora que dirijo los Teatros del Canal, estoy redescubriendo en Espa\u00f1a toda la danza. Y hay una cantidad de creadores incre\u00edble con un talento incre\u00edble, tenemos compa\u00f1\u00edas maravillosas. Creo que tenemos que darles m\u00e1s ayudas, porque la danza es un arte que necesita apoyo y es importante que encontremos la manera de d\u00e1rselo, para que toda nuestra danza pueda viajar y llegar tambi\u00e9n a ser conocida en otros pa\u00edses\u201d.<\/p>\n<p style=\"text-align: justify;\"><strong><a title=\"Ver todas las noticias de Silvia Ayuso\" href=\"https:\/\/elpais.com\/autor\/silvia-ayuso-determeyer\/\">SILVIA AYUSO<\/a><\/strong><\/p>\n<header class=\"a_e _g _g-xs\">\n<div class=\"a_e_m\">\n<figure class=\"a_m\"><figcaption class=\"a_m_p\">FOTO: Blanca Li, durante su discurso de toma de posesi\u00f3n en la Academia de Bellas Artes francesa. En el v\u00eddeo, baile durante la ceremonia.<span class=\"a_m_m\">S. A. \/ FOTOGRAF\u00cfA: J. AGNEL \/ ACADEMIA DE BELLAS ARTES DE FRANCIA (J. AGNEL \/ ACADEMIA DE BELLAS ARTES DE FRANCIA )<\/span><\/figcaption><\/figure>\n<\/div>\n<\/header>\n<div class=\"a_md _g _g-xs \">\n<figure class=\"a_md_i a_m-h\">https:\/\/elpais.com\/cultura\/2021-10-20\/blanca-li-revoluciona-en-su-ceremonia-de-ingreso-la-academia-de-bellas-artes-francesa.html?utm_source=Facebook&amp;ssm=FB_CM#Echobox=1634757994-1<\/figure>\n<div class=\"a_md_txt\">\n<div class=\"a_md_a\">\u00a0<\/div>\n<\/div>\n<\/div>\n","protected":false},"excerpt":{"rendered":"<p>La bailarina espa\u00f1ola asume oficialmente su sill\u00f3n en la nueva secci\u00f3n de coreograf\u00eda con varios&#8230;<\/p>\n","protected":false},"author":1,"featured_media":0,"comment_status":"closed","ping_status":"closed","sticky":false,"template":"","format":"standard","meta":{"_coblocks_attr":"","_coblocks_dimensions":"","_coblocks_responsive_height":"","_coblocks_accordion_ie_support":"","jetpack_post_was_ever_published":false,"_jetpack_newsletter_access":"","_jetpack_dont_email_post_to_subs":false,"_jetpack_newsletter_tier_id":0,"_jetpack_memberships_contains_paywalled_content":false,"_jetpack_memberships_contains_paid_content":false,"footnotes":"","jetpack_publicize_message":"","jetpack_publicize_feature_enabled":true,"jetpack_social_post_already_shared":false,"jetpack_social_options":{"image_generator_settings":{"template":"highway","default_image_id":0,"enabled":false},"version":2}},"categories":[1161,14,44,6937,15],"tags":[8667,8666,8665],"class_list":["post-49860","post","type-post","status-publish","format-standard","hentry","category-ciudadania","category-feminismo","category-noticias-de-hoy","category-sociedad","category-ultimas-noticias","tag-bailarina","tag-bellas-artes","tag-blanca-li"],"jetpack_publicize_connections":[],"jetpack_featured_media_url":"","jetpack_likes_enabled":true,"jetpack_sharing_enabled":true,"_links":{"self":[{"href":"https:\/\/miradordeatarfe.es\/index.php?rest_route=\/wp\/v2\/posts\/49860","targetHints":{"allow":["GET"]}}],"collection":[{"href":"https:\/\/miradordeatarfe.es\/index.php?rest_route=\/wp\/v2\/posts"}],"about":[{"href":"https:\/\/miradordeatarfe.es\/index.php?rest_route=\/wp\/v2\/types\/post"}],"author":[{"embeddable":true,"href":"https:\/\/miradordeatarfe.es\/index.php?rest_route=\/wp\/v2\/users\/1"}],"replies":[{"embeddable":true,"href":"https:\/\/miradordeatarfe.es\/index.php?rest_route=%2Fwp%2Fv2%2Fcomments&post=49860"}],"version-history":[{"count":1,"href":"https:\/\/miradordeatarfe.es\/index.php?rest_route=\/wp\/v2\/posts\/49860\/revisions"}],"predecessor-version":[{"id":49861,"href":"https:\/\/miradordeatarfe.es\/index.php?rest_route=\/wp\/v2\/posts\/49860\/revisions\/49861"}],"wp:attachment":[{"href":"https:\/\/miradordeatarfe.es\/index.php?rest_route=%2Fwp%2Fv2%2Fmedia&parent=49860"}],"wp:term":[{"taxonomy":"category","embeddable":true,"href":"https:\/\/miradordeatarfe.es\/index.php?rest_route=%2Fwp%2Fv2%2Fcategories&post=49860"},{"taxonomy":"post_tag","embeddable":true,"href":"https:\/\/miradordeatarfe.es\/index.php?rest_route=%2Fwp%2Fv2%2Ftags&post=49860"}],"curies":[{"name":"wp","href":"https:\/\/api.w.org\/{rel}","templated":true}]}}