{"id":49862,"date":"2021-10-31T10:30:46","date_gmt":"2021-10-31T09:30:46","guid":{"rendered":"https:\/\/miradordeatarfe.es\/?p=49862"},"modified":"2021-10-31T10:36:53","modified_gmt":"2021-10-31T09:36:53","slug":"la-anulacion-de-las-plusvalias-obliga-a-los-ayuntamientos-de-granada-a-buscar-29-millones","status":"publish","type":"post","link":"https:\/\/miradordeatarfe.es\/?p=49862","title":{"rendered":"La anulaci\u00f3n de las plusval\u00edas obliga a los ayuntamientos de Granada a &#8216;buscar&#8217; 29 millones"},"content":{"rendered":"<div class=\"voc-article-container\">\n<article class=\"voc-article voc-article--detail voc-article--detail--base voc-article--photo-bottom\">\n<div class=\"voc-info-container\">\n<h3 class=\"voc-sub-title\" style=\"text-align: justify;\">La sentencia del Constitucional obliga a reestructurar los presupuestos y los consistorios piden una respuesta r\u00e1pida. Atarfe pierde 640,000\u20ac<\/h3>\n<\/div>\n<\/article>\n<\/div>\n<div class=\"voc-detail\" data-voc-share-selection=\"\">\n<div class=\"voc-author-timesocial \" style=\"text-align: justify;\">\n<div class=\"voc-author-timesocial__social\">La sentencia del Tribunal Constitucional (TC) que revoca el impuesto sobre el incremento del valor de los terrenos de naturaleza urbana, tambi\u00e9n conocido como plusval\u00eda municipal, al considerar nulo su m\u00e9todo de c\u00e1lculo actual amenaza con provocar un aut\u00e9ntico terremoto en los departamentos econ\u00f3micos de los ayuntamientos de toda Espa\u00f1a justo cuando muchos de ellos se encuentran en proceso de cerrar sus presupuestos para 2022.<\/div>\n<\/div>\n<p class=\"voc-paragraph\" style=\"text-align: justify;\">Los consistorios de mayor tama\u00f1o, en especial el de la capital, son los que se ven m\u00e1s afectados por esta merma de los ingresos. Algunos de ellos reclamaban ayer que el Ministerio de Hacienda arbitrara ya un nuevo sistema para poder mantener el cobro de este tributo; de lo contrario, ser\u00eda el Gobierno quien tendr\u00eda que poner en marcha herramientas para cubrir ese desfase. El organismo dijo que revisar\u00e1 la norma \u00abpara garantizar su constitucionalidad y la financiaci\u00f3n de los ayuntamientos\u00bb.<\/p>\n<p class=\"voc-paragraph\" style=\"text-align: justify;\">De acuerdo con la informaci\u00f3n presupuestaria que pone a disposici\u00f3n p\u00fablica el ministerio que encabeza Mar\u00eda Jes\u00fas Montero y pudo recabar este peri\u00f3dico, las plusval\u00edas municipales reportan hasta 28,8 millones de euros al a\u00f1o a las arcas granadinas, aunque no siempre se cumplen las previsiones que se marcan en las cuentas aprobadas. La mitad de todo este dinero dejar\u00e1 de recibirlo la capital granadina, cuyo \u00faltimo presupuesto cifraba esta partida en 14,4 millones, de los que se han cobrado ya pr\u00e1cticamente el noventa por ciento; en concreto, son 12,7 millones seg\u00fan la \u00faltima liquidaci\u00f3n aprobada por el pleno de la ciudad el pasado mes de julio.<\/p>\n<div class=\"voc-detail__cmp voc-detail-graphic-component voc-detail-component  cmp-grafico-desktop\" style=\"text-align: justify;\"><picture><img data-recalc-dims=\"1\" decoding=\"async\" class=\"lazy desktop\" src=\"https:\/\/i0.wp.com\/static2.ideal.es\/www\/multimedia\/202110\/27\/media\/granada\/plusvalia-01.png?w=640&#038;ssl=1\" alt=\"\" data-original=\"\/\/static2.ideal.es\/www\/multimedia\/202110\/27\/media\/granada\/plusvalia-01.png\" \/><\/picture><\/div>\n<div class=\"voc-detail__cmp voc-detail__cmp--title voc-detail__cmp--no-margin\" style=\"text-align: justify;\">\n<h3 class=\"voc-detail__title\">En los grandes ayuntamientos<\/h3>\n<\/div>\n<p class=\"voc-paragraph\" style=\"text-align: justify;\">El roto que deja en las cuentas la sentencia del TC afecta sobre todo a los municipios de mayor tama\u00f1o de la provincia granadina. La suma de la recaudaci\u00f3n por plusval\u00edas municipales de los diez consistorios con mayor volumen de poblaci\u00f3n empadronada suma pr\u00e1cticamente tres de cada cuatro euros del total provincial; en concreto, el 74,4%.<\/p>\n<p class=\"voc-paragraph\" style=\"text-align: justify;\">Por el lado contrario, muchos de los pueblos m\u00e1s peque\u00f1os ni siquiera cuentan con previsiones de cobro en este sentido en sus presupuestos aprobados al depender de la actividad en el mercado inmobiliario. Por ejemplo, de entre los 74 municipios granadinos que tienen menos de mil habitantes, algo m\u00e1s de un tercio de ellos (27) no cuentan con recibir dinero por esta causa en las \u00faltimas cuentas aprobadas, siempre seg\u00fan la informaci\u00f3n p\u00fablica del Ministerio de Hacienda. Contrasta esta proporci\u00f3n con la que ofrecen los cien ayuntamientos que superan esta cota de poblaci\u00f3n:solo seis de ellos aprobaron el presupuesto sin valorar las plusval\u00edas.<\/p>\n<div class=\"voc-detail__cmp voc-detail__cmp--summary voc-detail__cmp--pad-lr\" style=\"text-align: justify;\">\n<div class=\"voc-article-container\">\n<article class=\"voc-article voc-article--cmp-summary \">\n<div class=\"voc-info-container\">\n<h2 class=\"voc-title\">\u00abCon cada vez m\u00e1s competencias y menos capacidad de ingresos se dif\u00edcil mantener la calidad de los servicios\u00bb<\/h2>\n<div class=\"voc-article-position\">\n<p class=\"voc-article-position__name\">PACO CUENCA<\/p>\n<p class=\"voc-article-position__employ\">Alcalde de Granada<\/p>\n<\/div>\n<\/div>\n<\/article>\n<\/div>\n<\/div>\n<p class=\"voc-paragraph\" style=\"text-align: justify;\">Adem\u00e1s, en muchos casos este impuesto supone un importante volumen de ingresos. Si se tiene en cuenta exclusivamente lo que se recauda en concepto de impuestos directos, hasta el 4,64% de todo este montante en el promedio provincial se ve ahora en riesgo por la sentencia del TC. La cifra es incluso superior en hasta 12 ayuntamientos, donde m\u00e1s de uno de cada diez euros ingresados en este sentido corresponden a plusval\u00edas municipales. Con un 12,4%, la capital granadina ocupa el quinto puesto en este escalaf\u00f3n, que lidera sin embargo Torrenueva Costa, municipio de reciente creaci\u00f3n, donde este porcentaje alcanza los 20,6 puntos. Tambi\u00e9n son muy elevadas, por ejemplo, las cifras de D\u00fadar, C\u00e1jar, La Taha o Motril.<\/p>\n<div class=\"voc-detail__cmp voc-detail__cmp--title voc-detail__cmp--no-margin\" style=\"text-align: justify;\">\n<h3 class=\"voc-detail__title\">Un jarro de agua fr\u00eda<\/h3>\n<\/div>\n<p class=\"voc-paragraph\" style=\"text-align: justify;\">El teniente de alcalde de Econom\u00eda y Hacienda de la localidad motrile\u00f1a, Nicol\u00e1s Navarro, se\u00f1ala en declaraciones a IDEAL que la sentencia es un aut\u00e9ntico \u00abjarro de agua fr\u00eda\u00bb, en especial por el momento en el que llega, con la elaboraci\u00f3n del presupuesto ya \u00abmuy avanzada\u00bb y una previsi\u00f3n de recaudaci\u00f3n de 2,7 millones de euros. Si no llega una soluci\u00f3n pronto, detalla, se puede provocar un \u00abgrave perjuicio\u00bb a las arcas del municipio.<\/p>\n<p class=\"voc-paragraph\" style=\"text-align: justify;\">En t\u00e9rminos muy similares se expresa Alfonso Alles, su hom\u00f3logo en el Ayuntamiento de Baza, una de las cabeceras de comarca granadinas, que a la vista de la jurisprudencia que se iba publicando en relaci\u00f3n a las plusval\u00edas desde 2017, cuando el alto tribunal dictamin\u00f3 que no pod\u00eda devengarse en caso de p\u00e9rdida en la compraventa, dej\u00f3 desde 2018 de cobrar este tributo en el caso en que no hubiera incrementos patrimoniales derivados del mismo; es precisamente este punto el que ha provocado la anulaci\u00f3n del c\u00e1lculo por parte del Tribunal Constitucional.<\/p>\n<div class=\"voc-detail__cmp voc-detail__cmp--summary voc-detail__cmp--pad-lr\" style=\"text-align: justify;\">\n<div class=\"voc-article-container\">\n<article class=\"voc-article voc-article--cmp-summary \">\n<div class=\"voc-info-container\">\n<h2 class=\"voc-title\">\u00abEstamos a la espera de ver qu\u00e9 tipo de medidas compensatorias va a poner en marcha el Ministerio de Hacienda\u00bb<\/h2>\n<div class=\"voc-article-position\">\n<p class=\"voc-article-position__name\">NICOL\u00c1S NAVARRO<\/p>\n<p class=\"voc-article-position__employ\">Teniente de Alcalde de Econom\u00eda y Hacienda de Motril<\/p>\n<\/div>\n<\/div>\n<\/article>\n<\/div>\n<\/div>\n<p class=\"voc-paragraph\" style=\"text-align: justify;\">Pese a ello, en Baza tambi\u00e9n se han descuadrado las cuentas p\u00fablicas para 2022, que estaba ya pr\u00e1cticamente listo e iba a llevarse a pleno durante el mes de noviembre. Ahora faltan 165.000 euros para poder cuadrar las cuentas, \u00abcasi el 2% del presupuesto municipal\u00bb.<\/p>\n<p class=\"voc-paragraph\" style=\"text-align: justify;\">Tambi\u00e9n reaccion\u00f3 a la sentencia el alcalde de Granada, la ciudad m\u00e1s afectada en t\u00e9rminos absolutos por la resoluci\u00f3n. Paco Cuenca considera que esta supone \u00abun nuevo mazazo\u00bb para el consistorio. \u00abLos ayuntamientos nos vemos cada vez con m\u00e1s competencias y menos capacidad de ingresos, lo que hace dif\u00edcil mantener la calidad de los servicios\u00bb, detall\u00f3. Por ello, pidi\u00f3 una reforma del marco de aplicaci\u00f3n del tributo en el marco de una revisi\u00f3n de la financiaci\u00f3n de las entidades locales con el resto de administraciones involucradas.<\/p>\n<div class=\"voc-detail__cmp voc-detail-graphic-component voc-detail-component  cmp-grafico-desktop\" style=\"text-align: justify;\"><picture><img data-recalc-dims=\"1\" decoding=\"async\" class=\"lazy desktop\" src=\"https:\/\/i0.wp.com\/static1.ideal.es\/www\/multimedia\/202110\/27\/media\/granada\/plusvalia-02.png?w=640&#038;ssl=1\" alt=\"\" data-original=\"\/\/static1.ideal.es\/www\/multimedia\/202110\/27\/media\/granada\/plusvalia-02.png\" \/><\/picture><\/div>\n<div class=\"voc-detail__cmp voc-detail__cmp--title voc-detail__cmp--no-margin\" style=\"text-align: justify;\">\n<h3 class=\"voc-detail__title\">Comp\u00e1s de espera<\/h3>\n<\/div>\n<p class=\"voc-paragraph\" style=\"text-align: justify;\">De momento, las fuentes consultadas se encuentran a la espera de que el Gobierno anuncie acciones concretas, despu\u00e9s de que el Ministerio de Hacienda anunciase que revisar\u00e1 la norma \u00abpara garantizar su constitucionalidad y la financiaci\u00f3n de los ayuntamientos\u00bb.<\/p>\n<div class=\"voc-detail__cmp voc-detail__cmp--summary voc-detail__cmp--pad-lr\" style=\"text-align: justify;\">\n<div class=\"voc-article-container\">\n<article class=\"voc-article voc-article--cmp-summary \">\n<div class=\"voc-info-container\">\n<h2 class=\"voc-title\">\u00abQuer\u00edamos presentar y aprobar el presupuesto en noviembre y la sentencia supone una paralizaci\u00f3n\u00bb<\/h2>\n<div class=\"voc-article-position\">\n<p class=\"voc-article-position__name\">ALFREDO ALLES<\/p>\n<p class=\"voc-article-position__employ\">Concejal de Econom\u00eda de Baza<\/p>\n<\/div>\n<\/div>\n<\/article>\n<\/div>\n<\/div>\n<p class=\"voc-paragraph\" style=\"text-align: justify;\">Nicol\u00e1s Navarro confirma que la nueva situaci\u00f3n se est\u00e1 estudiando y est\u00e1 a la espera de que se anuncien cu\u00e1les ser\u00e1n las \u00abmedidas compensatorias\u00bb, si es que las hay. Alfonso Alles, por su parte, conf\u00eda en que se el Ejecutivo pueda impulsar una \u00abreformulaci\u00f3n\u00bb del impuesto que anular\u00eda la afecci\u00f3n a los ingresos. El alcalde de Granada pidi\u00f3 una \u00abreacci\u00f3n inmediata\u00bb del Ministerio de Hacienda y la Junta de Andaluc\u00eda.<\/p>\n<div class=\"voc-author-timesocial__signature\" style=\"text-align: justify;\"><\/p>\n<div class=\"voc-author-timesocial__info\">\n<div class=\"voc-author-info\"><strong><a class=\"voc-author\" title=\"JUANJO CERERO\" href=\"https:\/\/www.ideal.es\/autor\/juanjo-cerero-1525.html\">JUANJO CERERO<\/a><\/strong><\/div>\n<div>https:\/\/www.ideal.es\/granada\/anulacion-plusvalias-obliga-20211028180433-nt.html<\/div>\n<div>FOTO: EL CONFIDENCIAL<\/div>\n<div>\u00a0<\/div>\n<\/div>\n<\/div>\n<\/div>\n","protected":false},"excerpt":{"rendered":"<p>La sentencia del Constitucional obliga a reestructurar los presupuestos y los consistorios piden una respuesta&#8230;<\/p>\n","protected":false},"author":1,"featured_media":49863,"comment_status":"closed","ping_status":"closed","sticky":false,"template":"","format":"standard","meta":{"_coblocks_attr":"","_coblocks_dimensions":"","_coblocks_responsive_height":"","_coblocks_accordion_ie_support":"","jetpack_post_was_ever_published":false,"_jetpack_newsletter_access":"","_jetpack_dont_email_post_to_subs":false,"_jetpack_newsletter_tier_id":0,"_jetpack_memberships_contains_paywalled_content":false,"_jetpack_memberships_contains_paid_content":false,"footnotes":"","jetpack_publicize_message":"","jetpack_publicize_feature_enabled":true,"jetpack_social_post_already_shared":false,"jetpack_social_options":{"image_generator_settings":{"template":"highway","default_image_id":0,"enabled":false},"version":2}},"categories":[2,6916,1161,44,15],"tags":[411,129,3854],"class_list":["post-49862","post","type-post","status-publish","format-standard","has-post-thumbnail","hentry","category-atarfe","category-ayuntamiento-de-atarfe","category-ciudadania","category-noticias-de-hoy","category-ultimas-noticias","tag-ayuntamientos","tag-granada","tag-plusvalia"],"jetpack_publicize_connections":[],"jetpack_featured_media_url":"https:\/\/i0.wp.com\/miradordeatarfe.es\/wp-content\/uploads\/2021\/10\/images-2.jpg?fit=259%2C194&ssl=1","jetpack_likes_enabled":true,"jetpack_sharing_enabled":true,"_links":{"self":[{"href":"https:\/\/miradordeatarfe.es\/index.php?rest_route=\/wp\/v2\/posts\/49862","targetHints":{"allow":["GET"]}}],"collection":[{"href":"https:\/\/miradordeatarfe.es\/index.php?rest_route=\/wp\/v2\/posts"}],"about":[{"href":"https:\/\/miradordeatarfe.es\/index.php?rest_route=\/wp\/v2\/types\/post"}],"author":[{"embeddable":true,"href":"https:\/\/miradordeatarfe.es\/index.php?rest_route=\/wp\/v2\/users\/1"}],"replies":[{"embeddable":true,"href":"https:\/\/miradordeatarfe.es\/index.php?rest_route=%2Fwp%2Fv2%2Fcomments&post=49862"}],"version-history":[{"count":1,"href":"https:\/\/miradordeatarfe.es\/index.php?rest_route=\/wp\/v2\/posts\/49862\/revisions"}],"predecessor-version":[{"id":49864,"href":"https:\/\/miradordeatarfe.es\/index.php?rest_route=\/wp\/v2\/posts\/49862\/revisions\/49864"}],"wp:featuredmedia":[{"embeddable":true,"href":"https:\/\/miradordeatarfe.es\/index.php?rest_route=\/wp\/v2\/media\/49863"}],"wp:attachment":[{"href":"https:\/\/miradordeatarfe.es\/index.php?rest_route=%2Fwp%2Fv2%2Fmedia&parent=49862"}],"wp:term":[{"taxonomy":"category","embeddable":true,"href":"https:\/\/miradordeatarfe.es\/index.php?rest_route=%2Fwp%2Fv2%2Fcategories&post=49862"},{"taxonomy":"post_tag","embeddable":true,"href":"https:\/\/miradordeatarfe.es\/index.php?rest_route=%2Fwp%2Fv2%2Ftags&post=49862"}],"curies":[{"name":"wp","href":"https:\/\/api.w.org\/{rel}","templated":true}]}}