{"id":4987,"date":"2015-12-04T09:53:47","date_gmt":"2015-12-04T09:53:47","guid":{"rendered":"http:\/\/miradordeatarfe.es\/?p=4987"},"modified":"2015-12-05T09:42:34","modified_gmt":"2015-12-05T09:42:34","slug":"eventos-proximos-en-atarfe","status":"publish","type":"post","link":"https:\/\/miradordeatarfe.es\/?p=4987","title":{"rendered":"EVENTOS PR\u00d3XIMOS EN ATARFE"},"content":{"rendered":"<p>TE PONEMOS ALGUNAS ACTIVIDADES Y ACTOS QUE SE VAN A CELEBRAR EN ATARFE PR\u00d3XIMAMENTE<!--more--><strong>ATARFE ACCESIBLE<\/strong><\/p>\n<p><em>d\u00eda: 3 de Diciembre<\/em><\/p>\n<p>Lugar: Centro Cultural Medina Elvira.<\/p>\n<p>Horarios:\u00a0 11:30 &#8211; 13:00.<\/p>\n<p>Con motivo del D\u00eda del Discapacitado se ha organizado una gymkana que recorrer\u00e1 las calles para concienciar de los problemas que a diario sufren este colectivo ciudadano.<\/p>\n<p><strong>TIRO CON ARCO<\/strong><\/p>\n<p><em>d\u00edas: 5 y 6 de Diciembre.<\/em><\/p>\n<p>Lugar: Plaza de Toros<\/p>\n<p>Hora: 15 horas.<\/p>\n<p>El Trofeo RFETA Indoor 3D re\u00fane en Atarfe durante dos d\u00edas a arqueros de toda Espa\u00f1a en un evento que se quiere incorporar al calendario deportivo.<\/p>\n<p><a href=\"https:\/\/i0.wp.com\/miradordeatarfe.es\/wp-content\/uploads\/2015\/12\/TIRO.jpg?ssl=1\"><img data-recalc-dims=\"1\" loading=\"lazy\" decoding=\"async\" class=\"alignnone size-full wp-image-4989\" src=\"https:\/\/i0.wp.com\/miradordeatarfe.es\/wp-content\/uploads\/2015\/12\/TIRO.jpg?resize=272%2C185&#038;ssl=1\" alt=\"TIRO\" width=\"272\" height=\"185\" \/><\/a><\/p>\n<p><strong>ROCK EN LA ESCUELA<\/strong><\/p>\n<p>d\u00eda:\u00a0 9 de Diciembre-<\/p>\n<p>Lugar: Centro Cultural Medina Elvira<\/p>\n<p>Hora: 10 y 12 horas<\/p>\n<p>Concierto did\u00e1ctico dirigido principalmente a ni\u00f1os en el que, a trav\u00e9s del rock, se hace un divertido recorrido por la historia de la m\u00fasica y sus diferentes estilos.<\/p>\n<p><a href=\"https:\/\/i0.wp.com\/miradordeatarfe.es\/wp-content\/uploads\/2015\/12\/ROCK.jpg?ssl=1\"><img data-recalc-dims=\"1\" loading=\"lazy\" decoding=\"async\" class=\"alignnone size-full wp-image-4990\" src=\"https:\/\/i0.wp.com\/miradordeatarfe.es\/wp-content\/uploads\/2015\/12\/ROCK.jpg?resize=294%2C171&#038;ssl=1\" alt=\"ROCK\" width=\"294\" height=\"171\" \/><\/a><\/p>\n<p><strong>III TEATRO AFICIONADO<\/strong><\/p>\n<p>d\u00edas: 10,11,12 y 13 de Diciembre<\/p>\n<p>Lugar: Centro Cultural Medina Elvira<\/p>\n<p>Hora: 20 horas.<\/p>\n<p>El grupo de teatro Asociaci\u00f3n Art\u00edstica Ciudad Atarfe, el de Armilla y Los Aljibes de Granada ponen en escena varias obras de teatro<\/p>\n<p>&nbsp;<\/p>\n","protected":false},"excerpt":{"rendered":"<p>TE PONEMOS ALGUNAS ACTIVIDADES Y ACTOS QUE SE VAN A CELEBRAR EN ATARFE PR\u00d3XIMAMENTE<\/p>\n","protected":false},"author":1,"featured_media":4988,"comment_status":"closed","ping_status":"closed","sticky":false,"template":"","format":"standard","meta":{"_coblocks_attr":"","_coblocks_dimensions":"","_coblocks_responsive_height":"","_coblocks_accordion_ie_support":"","jetpack_post_was_ever_published":false,"_jetpack_newsletter_access":"","_jetpack_dont_email_post_to_subs":false,"_jetpack_newsletter_tier_id":0,"_jetpack_memberships_contains_paywalled_content":false,"_jetpack_memberships_contains_paid_content":false,"footnotes":"","jetpack_publicize_message":"","jetpack_publicize_feature_enabled":true,"jetpack_social_post_already_shared":false,"jetpack_social_options":{"image_generator_settings":{"template":"highway","default_image_id":0,"enabled":false},"version":2}},"categories":[2,12,15],"tags":[1055,1766,498,1765],"class_list":["post-4987","post","type-post","status-publish","format-standard","has-post-thumbnail","hentry","category-atarfe","category-cultura","category-ultimas-noticias","tag-escuela","tag-rock","tag-teatro","tag-tiro"],"jetpack_publicize_connections":[],"jetpack_featured_media_url":"https:\/\/i0.wp.com\/miradordeatarfe.es\/wp-content\/uploads\/2015\/12\/TE.jpg?fit=1000%2C667&ssl=1","jetpack_likes_enabled":true,"jetpack_sharing_enabled":true,"_links":{"self":[{"href":"https:\/\/miradordeatarfe.es\/index.php?rest_route=\/wp\/v2\/posts\/4987","targetHints":{"allow":["GET"]}}],"collection":[{"href":"https:\/\/miradordeatarfe.es\/index.php?rest_route=\/wp\/v2\/posts"}],"about":[{"href":"https:\/\/miradordeatarfe.es\/index.php?rest_route=\/wp\/v2\/types\/post"}],"author":[{"embeddable":true,"href":"https:\/\/miradordeatarfe.es\/index.php?rest_route=\/wp\/v2\/users\/1"}],"replies":[{"embeddable":true,"href":"https:\/\/miradordeatarfe.es\/index.php?rest_route=%2Fwp%2Fv2%2Fcomments&post=4987"}],"version-history":[{"count":1,"href":"https:\/\/miradordeatarfe.es\/index.php?rest_route=\/wp\/v2\/posts\/4987\/revisions"}],"predecessor-version":[{"id":4991,"href":"https:\/\/miradordeatarfe.es\/index.php?rest_route=\/wp\/v2\/posts\/4987\/revisions\/4991"}],"wp:featuredmedia":[{"embeddable":true,"href":"https:\/\/miradordeatarfe.es\/index.php?rest_route=\/wp\/v2\/media\/4988"}],"wp:attachment":[{"href":"https:\/\/miradordeatarfe.es\/index.php?rest_route=%2Fwp%2Fv2%2Fmedia&parent=4987"}],"wp:term":[{"taxonomy":"category","embeddable":true,"href":"https:\/\/miradordeatarfe.es\/index.php?rest_route=%2Fwp%2Fv2%2Fcategories&post=4987"},{"taxonomy":"post_tag","embeddable":true,"href":"https:\/\/miradordeatarfe.es\/index.php?rest_route=%2Fwp%2Fv2%2Ftags&post=4987"}],"curies":[{"name":"wp","href":"https:\/\/api.w.org\/{rel}","templated":true}]}}