{"id":49920,"date":"2021-11-03T11:24:35","date_gmt":"2021-11-03T10:24:35","guid":{"rendered":"https:\/\/miradordeatarfe.es\/?p=49920"},"modified":"2021-11-07T19:36:32","modified_gmt":"2021-11-07T18:36:32","slug":"fin-se-semana-de-cine-para-ls-aerobics-atarfens-por-manuel-jimenez","status":"publish","type":"post","link":"https:\/\/miradordeatarfe.es\/?p=49920","title":{"rendered":"\u00abFIN SE SEMANA DE CINE PARA L@S AER\u00d3BIC@S ATARFE\u00d1@S\u00bb por Manuel Jim\u00e9nez"},"content":{"rendered":"<h3 align=\"JUSTIFY\"><span style=\"font-family: Tahoma, serif;\">Calificamos \u201cde cine\u201d este fin de semana no por las reminiscencias cin\u00e9filas del nombre de la localidad que sirve de escenario al evento m\u00e1s destacado del fin de semana, Almod\u00f3var del R\u00edo y el Campeonato de Andaluc\u00eda de Cross por clubes en todas las categor\u00edas e individual para los Sub 12 y Sub 14, si no por las estelares participaciones protagonizadas por nuestr@s representantes que justifican el t\u00edtulo elegido para esta entrega semanal. <\/span><\/h3>\n<p align=\"JUSTIFY\"><span style=\"font-family: Tahoma, serif;\">El pre\u00e1mbulo del largo fin de semana lo hemos tenido con la celebraci\u00f3n de la tradicional Carrera Nocturna de Atarfe que llegaba a su mayor\u00eda de edad al disputar su XVIII edici\u00f3n. En esta ocasi\u00f3n se apreci\u00f3 menor cantidad de atletas corriendo por las calles de nuestra ciudad y sobre todo de pocos atletas federados, sin duda los coletazos de la pandemia y la circunstancia de celebrarse al d\u00eda siguiente el mencionado campeonato auton\u00f3mico rest\u00f3 participaci\u00f3n tambi\u00e9n entre los atletas locales. La victoria se la adjudicaron Emilio Almagro del CA Maracena (28.40) y Nieves Delgado del Huellas Las Gabias (35.12). <\/span><\/p>\n<p align=\"JUSTIFY\"><span style=\"font-family: Tahoma, serif;\">Entre los locales el primer clasificado fue un gran V\u00edctor Almohano, sexto de la general con 30.04 y T\u00e1mara Dom\u00ednguez del Il\u00edberis (37.27) fue la primera f\u00e9mina. Por clubes se vieron m\u00e1s camisetas rojinegras del Monta\u00f1a entre los primeros chicos y m\u00e1s rojiverdes del CIUDAD ATARFE entre las chicas. <\/span><\/p>\n<p align=\"JUSTIFY\"><span style=\"font-family: Tahoma, serif;\">Llam\u00f3 la atenci\u00f3n de la gran cantidad de ni\u00f1@s de corta edad corriendo, incluso con dorsal, algo que en una ciudad con varios clubes tanto de atletismo, monta\u00f1a, triatl\u00f3n, debiera hacer reflexionar tanto a directivos de los mismos como al organizador pues la distancia de la prueba est\u00e1 mas que desaconsejada para atletas de estas edades. Pienso que el organizador debe ofrecer a los m\u00e1s peque\u00f1os la oportunidad de competir en su ciudad en una prueba en ruta, incluso el mismo d\u00eda de la Nocturna, pero con distancias acordes al desarrollo evolutivo de cada tramo de edad. <\/span><\/p>\n<p align=\"JUSTIFY\"><span style=\"font-family: Tahoma, serif;\">La sesi\u00f3n Premium se celebra junto al Guadalquivir y al pie de Sierra Morena, en Almod\u00f3var del R\u00edo, con unas condiciones meteorol\u00f3gicas que hicieron aun m\u00e1s exigente el trazado dispuesto sobre un circuito de motocross para disputar el novedoso Campeonato de Andaluc\u00eda de Cross por clubes e individual para las categor\u00edas Sub 12 y Sub 14. <\/span><\/p>\n<p align=\"JUSTIFY\"><span style=\"font-family: Tahoma, serif;\">El ATLETISMO CIUDAD ATARFE presenta tres conjuntos a concurso de las cuatro categor\u00edas en liza, los chicos Sub 12 que dieron todo un recital de c\u00f3mo se compite por equipos pues llegaron todos de la mano pr\u00e1cticamente en el mismo segundo, Jorge Mesa, David Hurtado, David Aranda y Alberto Botias consiguen un destacable 10\u00ba puesto (38, 39, 40 y 43). Las chicas Sub 14 clasifican 12\u00aa con buena armon\u00eda entre ellas con Elena Lucena espectacular 26\u00aa, Alejandra Rivera 40\u00aa, Indira Ortega 44\u00aa y Elisabeth L\u00f3pez 83\u00aa. Por su parte, los chicos Sub 14 repiten d\u00edgito y quedan en 14\u00aa posici\u00f3n con Pedro Borrallo 41\u00ba, Aitor Ortega 53\u00ba, Adri\u00e1n Sierra 70\u00ba y Mohamed Rayan 73\u00ba. <\/span><\/p>\n<p align=\"JUSTIFY\"><span style=\"font-family: Tahoma, serif;\">En categor\u00eda absoluta sin clubes atarfe\u00f1os que den cobertura a nuestras mejores espadas los encontramos repartidos por clubes de toda Andaluc\u00eda. La caracter\u00edstica com\u00fan a todas nuestros representantes es que son bastiones de sus respectivas escuadras ejerciendo papeles protagonistas en todos los casos. Jos\u00e9 Antonio Justicia se configura como l\u00edder en el almeriense UNIVERSO RUNNING teniendo una actuaci\u00f3n memorable obteniendo un meritorio 18\u00ba lugar de la general y aupando a su club hasta el quinto puesto. Ya ven\u00edamos diciendo que la trayectoria de Jos\u00e9 era ascendente y en breve lo veremos reflejado en sus marcas en ruta.<\/span><\/p>\n<p align=\"JUSTIFY\"><a href=\"https:\/\/i0.wp.com\/miradordeatarfe.es\/wp-content\/uploads\/2021\/11\/chicas-RRData-Cpto-Andalucia-Cross-Clubes-Almodovar-301021.jpg?ssl=1\"><img data-recalc-dims=\"1\" loading=\"lazy\" decoding=\"async\" class=\"alignnone wp-image-49922 size-full\" src=\"https:\/\/i0.wp.com\/miradordeatarfe.es\/wp-content\/uploads\/2021\/11\/chicas-RRData-Cpto-Andalucia-Cross-Clubes-Almodovar-301021.jpg?resize=640%2C514&#038;ssl=1\" alt=\"\" width=\"640\" height=\"514\" srcset=\"https:\/\/i0.wp.com\/miradordeatarfe.es\/wp-content\/uploads\/2021\/11\/chicas-RRData-Cpto-Andalucia-Cross-Clubes-Almodovar-301021.jpg?w=719&amp;ssl=1 719w, https:\/\/i0.wp.com\/miradordeatarfe.es\/wp-content\/uploads\/2021\/11\/chicas-RRData-Cpto-Andalucia-Cross-Clubes-Almodovar-301021.jpg?resize=300%2C241&amp;ssl=1 300w\" sizes=\"auto, (max-width: 640px) 100vw, 640px\" \/><\/a><\/p>\n<p align=\"JUSTIFY\"><span style=\"font-family: Tahoma, serif;\">Las chicas compartieron estrellato en la pantalla del campeonato, Angie \u00c1vila corriendo con el ATLETISMO Y TRIATLON RUN RUN DATA siendo la 10\u00aa de la general, 9\u00ba senior y aportando unos valiosos puntos para colaborar en la 4\u00aa posici\u00f3n de su club. No contenta con ello, Angie salta de nuevo al barro para cubrir una de las postas del relevo del RUN RUN DATA y clasificando al equipo en cuarta posici\u00f3n. Lo sorprendente de Angie es que sin preparar espec\u00edficamente la carrera a pie est\u00e1 a punto de ganarse su selecci\u00f3n con la andaluza para el pr\u00f3ximo nacional de cross.<\/span><\/p>\n<p align=\"JUSTIFY\"><a href=\"https:\/\/i0.wp.com\/miradordeatarfe.es\/wp-content\/uploads\/2021\/11\/Ana-Belen-Rdgz-Sanchez-Cpto-Andalucia-Cross-Clubes-Almodovar-301021.jpg?ssl=1\"><img data-recalc-dims=\"1\" loading=\"lazy\" decoding=\"async\" class=\"wp-image-49923 size-full alignleft\" src=\"https:\/\/i0.wp.com\/miradordeatarfe.es\/wp-content\/uploads\/2021\/11\/Ana-Belen-Rdgz-Sanchez-Cpto-Andalucia-Cross-Clubes-Almodovar-301021.jpg?resize=414%2C896&#038;ssl=1\" alt=\"\" width=\"414\" height=\"896\" srcset=\"https:\/\/i0.wp.com\/miradordeatarfe.es\/wp-content\/uploads\/2021\/11\/Ana-Belen-Rdgz-Sanchez-Cpto-Andalucia-Cross-Clubes-Almodovar-301021.jpg?w=414&amp;ssl=1 414w, https:\/\/i0.wp.com\/miradordeatarfe.es\/wp-content\/uploads\/2021\/11\/Ana-Belen-Rdgz-Sanchez-Cpto-Andalucia-Cross-Clubes-Almodovar-301021.jpg?resize=139%2C300&amp;ssl=1 139w\" sizes=\"auto, (max-width: 414px) 100vw, 414px\" \/><\/a><\/p>\n<p align=\"JUSTIFY\"><span style=\"font-family: Tahoma, serif;\">Ana Mar\u00eda Rodr\u00edguez S\u00e1nchez, del SURCO LUCENA, es la 12\u00aa en meta, 11\u00aa senior y se sube al p\u00f3dium, costumbre que vemos que no abandona, con el equipo con un gran BRONCE y donde sus puntos fueron decisivos. Otro valor en alza que no ha hecho sino empezar a destapar el tarro de las esencias.<\/span><\/p>\n<p align=\"JUSTIFY\"><span style=\"font-family: Tahoma, serif;\">Entre tanto en la capital, Madrid, en el Parque de las Cruces, hemos contado con la participaci\u00f3n de Manuel Jim\u00e9nez Lopez que al estar enrolado en las filas del GO FIT ha tomado parte en el Campeonato de Cross de Madrid, su actuaci\u00f3n ha sido brillante consiguiendo el primer puesto en Sub 20 y llevando a su equipo tambi\u00e9n al escal\u00f3n m\u00e1s alto del p\u00f3dium. De esta manera Manuel hace en la capital lo que ven\u00eda haciendo a nivel andaluz donde recordemos que suma 8 t\u00edtulos de campe\u00f3n andaluz de Cross. <\/span><\/p>\n<p align=\"JUSTIFY\"><span style=\"font-family: Tahoma, serif;\">A la espera de las repescas todo apunta a que tendremos a cuatro atarfe\u00f1os disputando el pr\u00f3ximo Campeonato de Espa\u00f1a de Cross por Clubes (Manu, Angie, Ana y Jos\u00e9 Antonio) el pr\u00f3ximo 21 de noviembre en It\u00e1lica, enorme \u00e9xito.<\/span><\/p>\n<p align=\"JUSTIFY\"><span style=\"font-family: Tahoma, serif;\">Damos ahora cuenta de un reparto excepcional de actores de primer orden que viajaron hasta la orilla del atl\u00e1ntico para disfrutar del Duatlon Cross de Menores de Chiclana, nueva etapa del circuito andaluz. Vera Ramos es segunda clasificada en Alev\u00edn, Santiago N\u00fa\u00f1ez primero, Sandro Ramos quinto y Daniela Tall\u00f3n cuarta en Benjam\u00edn, mientras Abril Bar\u00f3n quinta y Manuel Torres once, con alg\u00fan problemilla en la bici que supo enmendar con gran \u201cveteran\u00eda\u201d, en prebenjam\u00edn. En estas edades lo m\u00e1s importante es la experiencia y bagaje que les reporta la competici\u00f3n aunque una semana tras otra los integrantes de la Escuela de Triatlon se empe\u00f1an en dejar constancia de su progresi\u00f3n. <\/span><\/p>\n<p align=\"JUSTIFY\"><a name=\"_GoBack\"><\/a><span style=\"font-family: Tahoma, serif;\">Para finalizar mencionar que en la Media Marat\u00f3n de Baza el atleta del Ciudad Atarfe Silvano Alejo Olmos fue el 26 de la general.<\/span><\/p>\n<div class=\"tiled-gallery type-rectangular tiled-gallery-unresized\" data-original-width=\"640\" data-carousel-extra='null' itemscope itemtype=\"http:\/\/schema.org\/ImageGallery\" > <div class=\"gallery-row\" style=\"width: 640px; height: 180px;\" data-original-width=\"640\" data-original-height=\"180\" > <div class=\"gallery-group images-1\" style=\"width: 185px; height: 180px;\" data-original-width=\"185\" data-original-height=\"180\" > <div class=\"tiled-gallery-item tiled-gallery-item-small\" itemprop=\"associatedMedia\" itemscope itemtype=\"http:\/\/schema.org\/ImageObject\"> <a href=\"https:\/\/miradordeatarfe.es\/?attachment_id=49927\" border=\"0\" itemprop=\"url\"> <meta itemprop=\"width\" content=\"181\"> <meta itemprop=\"height\" content=\"176\"> <img decoding=\"async\" class=\"\" data-attachment-id=\"49927\" data-orig-file=\"https:\/\/miradordeatarfe.es\/wp-content\/uploads\/2021\/11\/Sandro-duatlon-cross-Chiclana-301021.jpg\" data-orig-size=\"1125,1092\" data-comments-opened=\"\" data-image-meta=\"{&quot;aperture&quot;:&quot;0&quot;,&quot;credit&quot;:&quot;&quot;,&quot;camera&quot;:&quot;&quot;,&quot;caption&quot;:&quot;&quot;,&quot;created_timestamp&quot;:&quot;0&quot;,&quot;copyright&quot;:&quot;&quot;,&quot;focal_length&quot;:&quot;0&quot;,&quot;iso&quot;:&quot;0&quot;,&quot;shutter_speed&quot;:&quot;0&quot;,&quot;title&quot;:&quot;&quot;,&quot;orientation&quot;:&quot;1&quot;}\" data-image-title=\"Sandro, duatlon cross Chiclana 301021\" data-image-description=\"\" data-medium-file=\"https:\/\/i0.wp.com\/miradordeatarfe.es\/wp-content\/uploads\/2021\/11\/Sandro-duatlon-cross-Chiclana-301021.jpg?fit=300%2C291&#038;ssl=1\" data-large-file=\"https:\/\/i0.wp.com\/miradordeatarfe.es\/wp-content\/uploads\/2021\/11\/Sandro-duatlon-cross-Chiclana-301021.jpg?fit=640%2C621&#038;ssl=1\" src=\"https:\/\/i0.wp.com\/miradordeatarfe.es\/wp-content\/uploads\/2021\/11\/Sandro-duatlon-cross-Chiclana-301021.jpg?w=181&#038;h=176&#038;ssl=1\" srcset=\"https:\/\/i0.wp.com\/miradordeatarfe.es\/wp-content\/uploads\/2021\/11\/Sandro-duatlon-cross-Chiclana-301021.jpg?w=1125&amp;ssl=1 1125w, https:\/\/i0.wp.com\/miradordeatarfe.es\/wp-content\/uploads\/2021\/11\/Sandro-duatlon-cross-Chiclana-301021.jpg?resize=300%2C291&amp;ssl=1 300w, https:\/\/i0.wp.com\/miradordeatarfe.es\/wp-content\/uploads\/2021\/11\/Sandro-duatlon-cross-Chiclana-301021.jpg?resize=1024%2C994&amp;ssl=1 1024w, https:\/\/i0.wp.com\/miradordeatarfe.es\/wp-content\/uploads\/2021\/11\/Sandro-duatlon-cross-Chiclana-301021.jpg?resize=768%2C745&amp;ssl=1 768w\" width=\"181\" height=\"176\" loading=\"lazy\" data-original-width=\"181\" data-original-height=\"176\" itemprop=\"http:\/\/schema.org\/image\" title=\"Sandro, duatlon cross Chiclana 301021\" alt=\"Sandro, duatlon cross Chiclana 301021\" style=\"width: 181px; height: 176px;\" \/> <\/a> <\/div> <\/div> <!-- close group --> <div class=\"gallery-group images-1\" style=\"width: 136px; height: 180px;\" data-original-width=\"136\" data-original-height=\"180\" > <div class=\"tiled-gallery-item tiled-gallery-item-small\" itemprop=\"associatedMedia\" itemscope itemtype=\"http:\/\/schema.org\/ImageObject\"> <a href=\"https:\/\/miradordeatarfe.es\/?attachment_id=49926\" border=\"0\" itemprop=\"url\"> <meta itemprop=\"width\" content=\"132\"> <meta itemprop=\"height\" content=\"176\"> <img decoding=\"async\" class=\"\" data-attachment-id=\"49926\" data-orig-file=\"https:\/\/miradordeatarfe.es\/wp-content\/uploads\/2021\/11\/MANU-Cpto-Madrid-Cross-Clubes-311021.jpg\" data-orig-size=\"1536,2048\" data-comments-opened=\"\" data-image-meta=\"{&quot;aperture&quot;:&quot;0&quot;,&quot;credit&quot;:&quot;&quot;,&quot;camera&quot;:&quot;&quot;,&quot;caption&quot;:&quot;&quot;,&quot;created_timestamp&quot;:&quot;0&quot;,&quot;copyright&quot;:&quot;&quot;,&quot;focal_length&quot;:&quot;0&quot;,&quot;iso&quot;:&quot;0&quot;,&quot;shutter_speed&quot;:&quot;0&quot;,&quot;title&quot;:&quot;&quot;,&quot;orientation&quot;:&quot;0&quot;}\" data-image-title=\"MANU, Cpto Madrid Cross Clubes 311021\" data-image-description=\"\" data-medium-file=\"https:\/\/i0.wp.com\/miradordeatarfe.es\/wp-content\/uploads\/2021\/11\/MANU-Cpto-Madrid-Cross-Clubes-311021.jpg?fit=225%2C300&#038;ssl=1\" data-large-file=\"https:\/\/i0.wp.com\/miradordeatarfe.es\/wp-content\/uploads\/2021\/11\/MANU-Cpto-Madrid-Cross-Clubes-311021.jpg?fit=640%2C853&#038;ssl=1\" src=\"https:\/\/i0.wp.com\/miradordeatarfe.es\/wp-content\/uploads\/2021\/11\/MANU-Cpto-Madrid-Cross-Clubes-311021.jpg?w=132&#038;h=176&#038;ssl=1\" srcset=\"https:\/\/i0.wp.com\/miradordeatarfe.es\/wp-content\/uploads\/2021\/11\/MANU-Cpto-Madrid-Cross-Clubes-311021.jpg?w=1536&amp;ssl=1 1536w, https:\/\/i0.wp.com\/miradordeatarfe.es\/wp-content\/uploads\/2021\/11\/MANU-Cpto-Madrid-Cross-Clubes-311021.jpg?resize=225%2C300&amp;ssl=1 225w, https:\/\/i0.wp.com\/miradordeatarfe.es\/wp-content\/uploads\/2021\/11\/MANU-Cpto-Madrid-Cross-Clubes-311021.jpg?resize=768%2C1024&amp;ssl=1 768w, https:\/\/i0.wp.com\/miradordeatarfe.es\/wp-content\/uploads\/2021\/11\/MANU-Cpto-Madrid-Cross-Clubes-311021.jpg?resize=1152%2C1536&amp;ssl=1 1152w, https:\/\/i0.wp.com\/miradordeatarfe.es\/wp-content\/uploads\/2021\/11\/MANU-Cpto-Madrid-Cross-Clubes-311021.jpg?resize=1320%2C1760&amp;ssl=1 1320w\" width=\"132\" height=\"176\" loading=\"lazy\" data-original-width=\"132\" data-original-height=\"176\" itemprop=\"http:\/\/schema.org\/image\" title=\"MANU, Cpto Madrid Cross Clubes 311021\" alt=\"MANU, Cpto Madrid Cross Clubes 311021\" style=\"width: 132px; height: 176px;\" \/> <\/a> <\/div> <\/div> <!-- close group --> <div class=\"gallery-group images-1\" style=\"width: 184px; height: 180px;\" data-original-width=\"184\" data-original-height=\"180\" > <div class=\"tiled-gallery-item tiled-gallery-item-small\" itemprop=\"associatedMedia\" itemscope itemtype=\"http:\/\/schema.org\/ImageObject\"> <a href=\"https:\/\/miradordeatarfe.es\/?attachment_id=49925\" border=\"0\" itemprop=\"url\"> <meta itemprop=\"width\" content=\"180\"> <meta itemprop=\"height\" content=\"176\"> <img decoding=\"async\" class=\"\" data-attachment-id=\"49925\" data-orig-file=\"https:\/\/miradordeatarfe.es\/wp-content\/uploads\/2021\/11\/Manu-Torres-duatlon-cross-Chiclana-301021.jpg\" data-orig-size=\"1125,1102\" data-comments-opened=\"\" data-image-meta=\"{&quot;aperture&quot;:&quot;0&quot;,&quot;credit&quot;:&quot;&quot;,&quot;camera&quot;:&quot;&quot;,&quot;caption&quot;:&quot;&quot;,&quot;created_timestamp&quot;:&quot;0&quot;,&quot;copyright&quot;:&quot;&quot;,&quot;focal_length&quot;:&quot;0&quot;,&quot;iso&quot;:&quot;0&quot;,&quot;shutter_speed&quot;:&quot;0&quot;,&quot;title&quot;:&quot;&quot;,&quot;orientation&quot;:&quot;1&quot;}\" data-image-title=\"Manu Torres, duatlon cross Chiclana 301021\" data-image-description=\"\" data-medium-file=\"https:\/\/i0.wp.com\/miradordeatarfe.es\/wp-content\/uploads\/2021\/11\/Manu-Torres-duatlon-cross-Chiclana-301021.jpg?fit=300%2C294&#038;ssl=1\" data-large-file=\"https:\/\/i0.wp.com\/miradordeatarfe.es\/wp-content\/uploads\/2021\/11\/Manu-Torres-duatlon-cross-Chiclana-301021.jpg?fit=640%2C627&#038;ssl=1\" src=\"https:\/\/i0.wp.com\/miradordeatarfe.es\/wp-content\/uploads\/2021\/11\/Manu-Torres-duatlon-cross-Chiclana-301021.jpg?w=180&#038;h=176&#038;ssl=1\" srcset=\"https:\/\/i0.wp.com\/miradordeatarfe.es\/wp-content\/uploads\/2021\/11\/Manu-Torres-duatlon-cross-Chiclana-301021.jpg?w=1125&amp;ssl=1 1125w, https:\/\/i0.wp.com\/miradordeatarfe.es\/wp-content\/uploads\/2021\/11\/Manu-Torres-duatlon-cross-Chiclana-301021.jpg?resize=300%2C294&amp;ssl=1 300w, https:\/\/i0.wp.com\/miradordeatarfe.es\/wp-content\/uploads\/2021\/11\/Manu-Torres-duatlon-cross-Chiclana-301021.jpg?resize=1024%2C1003&amp;ssl=1 1024w, https:\/\/i0.wp.com\/miradordeatarfe.es\/wp-content\/uploads\/2021\/11\/Manu-Torres-duatlon-cross-Chiclana-301021.jpg?resize=768%2C752&amp;ssl=1 768w\" width=\"180\" height=\"176\" loading=\"lazy\" data-original-width=\"180\" data-original-height=\"176\" itemprop=\"http:\/\/schema.org\/image\" title=\"Manu Torres, duatlon cross Chiclana 301021\" alt=\"Manu Torres, duatlon cross Chiclana 301021\" style=\"width: 180px; height: 176px;\" \/> <\/a> <\/div> <\/div> <!-- close group --> <div class=\"gallery-group images-1\" style=\"width: 135px; height: 180px;\" data-original-width=\"135\" data-original-height=\"180\" > <div class=\"tiled-gallery-item tiled-gallery-item-small\" itemprop=\"associatedMedia\" itemscope itemtype=\"http:\/\/schema.org\/ImageObject\"> <a href=\"https:\/\/miradordeatarfe.es\/?attachment_id=49924\" border=\"0\" itemprop=\"url\"> <meta itemprop=\"width\" content=\"131\"> <meta itemprop=\"height\" content=\"176\"> <img decoding=\"async\" class=\"\" data-attachment-id=\"49924\" data-orig-file=\"https:\/\/miradordeatarfe.es\/wp-content\/uploads\/2021\/11\/JOSE-JUSTICIA-Cpto-Andalucia-Cross-Clubes-Almodovar-301021.jpg\" data-orig-size=\"1196,1600\" data-comments-opened=\"\" data-image-meta=\"{&quot;aperture&quot;:&quot;0&quot;,&quot;credit&quot;:&quot;&quot;,&quot;camera&quot;:&quot;&quot;,&quot;caption&quot;:&quot;&quot;,&quot;created_timestamp&quot;:&quot;0&quot;,&quot;copyright&quot;:&quot;&quot;,&quot;focal_length&quot;:&quot;0&quot;,&quot;iso&quot;:&quot;0&quot;,&quot;shutter_speed&quot;:&quot;0&quot;,&quot;title&quot;:&quot;&quot;,&quot;orientation&quot;:&quot;0&quot;}\" data-image-title=\"JOSE JUSTICIA, Cpto Andaluc\u00eda Cross Clubes Almod\u00f3var 301021\" data-image-description=\"\" data-medium-file=\"https:\/\/i0.wp.com\/miradordeatarfe.es\/wp-content\/uploads\/2021\/11\/JOSE-JUSTICIA-Cpto-Andalucia-Cross-Clubes-Almodovar-301021.jpg?fit=224%2C300&#038;ssl=1\" data-large-file=\"https:\/\/i0.wp.com\/miradordeatarfe.es\/wp-content\/uploads\/2021\/11\/JOSE-JUSTICIA-Cpto-Andalucia-Cross-Clubes-Almodovar-301021.jpg?fit=640%2C857&#038;ssl=1\" src=\"https:\/\/i0.wp.com\/miradordeatarfe.es\/wp-content\/uploads\/2021\/11\/JOSE-JUSTICIA-Cpto-Andalucia-Cross-Clubes-Almodovar-301021.jpg?w=131&#038;h=176&#038;ssl=1\" srcset=\"https:\/\/i0.wp.com\/miradordeatarfe.es\/wp-content\/uploads\/2021\/11\/JOSE-JUSTICIA-Cpto-Andalucia-Cross-Clubes-Almodovar-301021.jpg?w=1196&amp;ssl=1 1196w, https:\/\/i0.wp.com\/miradordeatarfe.es\/wp-content\/uploads\/2021\/11\/JOSE-JUSTICIA-Cpto-Andalucia-Cross-Clubes-Almodovar-301021.jpg?resize=224%2C300&amp;ssl=1 224w, https:\/\/i0.wp.com\/miradordeatarfe.es\/wp-content\/uploads\/2021\/11\/JOSE-JUSTICIA-Cpto-Andalucia-Cross-Clubes-Almodovar-301021.jpg?resize=765%2C1024&amp;ssl=1 765w, https:\/\/i0.wp.com\/miradordeatarfe.es\/wp-content\/uploads\/2021\/11\/JOSE-JUSTICIA-Cpto-Andalucia-Cross-Clubes-Almodovar-301021.jpg?resize=768%2C1027&amp;ssl=1 768w, https:\/\/i0.wp.com\/miradordeatarfe.es\/wp-content\/uploads\/2021\/11\/JOSE-JUSTICIA-Cpto-Andalucia-Cross-Clubes-Almodovar-301021.jpg?resize=1148%2C1536&amp;ssl=1 1148w\" width=\"131\" height=\"176\" loading=\"lazy\" data-original-width=\"131\" data-original-height=\"176\" itemprop=\"http:\/\/schema.org\/image\" title=\"JOSE JUSTICIA, Cpto Andaluc\u00eda Cross Clubes Almod\u00f3var 301021\" alt=\"JOSE JUSTICIA, Cpto Andaluc\u00eda Cross Clubes Almod\u00f3var 301021\" style=\"width: 131px; height: 176px;\" \/> <\/a> <\/div> <\/div> <!-- close group --> <\/div> <!-- close row --> <\/div>\n<p>&nbsp;<\/p>\n","protected":false},"excerpt":{"rendered":"<p>Calificamos \u201cde cine\u201d este fin de semana no por las reminiscencias cin\u00e9filas del nombre de&#8230;<\/p>\n","protected":false},"author":1,"featured_media":49921,"comment_status":"closed","ping_status":"closed","sticky":false,"template":"","format":"standard","meta":{"_coblocks_attr":"","_coblocks_dimensions":"","_coblocks_responsive_height":"","_coblocks_accordion_ie_support":"","jetpack_post_was_ever_published":false,"_jetpack_newsletter_access":"","_jetpack_dont_email_post_to_subs":false,"_jetpack_newsletter_tier_id":0,"_jetpack_memberships_contains_paywalled_content":false,"_jetpack_memberships_contains_paid_content":false,"footnotes":"","jetpack_publicize_message":"","jetpack_publicize_feature_enabled":true,"jetpack_social_post_already_shared":false,"jetpack_social_options":{"image_generator_settings":{"template":"highway","default_image_id":0,"enabled":false},"version":2}},"categories":[2,1161,182,6915,44,15],"tags":[81,85,322],"class_list":["post-49920","post","type-post","status-publish","format-standard","has-post-thumbnail","hentry","category-atarfe","category-ciudadania","category-deportes","category-opinion-de-manuel-jimenez","category-noticias-de-hoy","category-ultimas-noticias","tag-atarfe","tag-atletismo","tag-deporte"],"jetpack_publicize_connections":[],"jetpack_featured_media_url":"https:\/\/i0.wp.com\/miradordeatarfe.es\/wp-content\/uploads\/2021\/11\/Equipo-duatlon-cross-Chiclana-301021.jpg?fit=869%2C886&ssl=1","jetpack_likes_enabled":true,"jetpack_sharing_enabled":true,"_links":{"self":[{"href":"https:\/\/miradordeatarfe.es\/index.php?rest_route=\/wp\/v2\/posts\/49920","targetHints":{"allow":["GET"]}}],"collection":[{"href":"https:\/\/miradordeatarfe.es\/index.php?rest_route=\/wp\/v2\/posts"}],"about":[{"href":"https:\/\/miradordeatarfe.es\/index.php?rest_route=\/wp\/v2\/types\/post"}],"author":[{"embeddable":true,"href":"https:\/\/miradordeatarfe.es\/index.php?rest_route=\/wp\/v2\/users\/1"}],"replies":[{"embeddable":true,"href":"https:\/\/miradordeatarfe.es\/index.php?rest_route=%2Fwp%2Fv2%2Fcomments&post=49920"}],"version-history":[{"count":1,"href":"https:\/\/miradordeatarfe.es\/index.php?rest_route=\/wp\/v2\/posts\/49920\/revisions"}],"predecessor-version":[{"id":49928,"href":"https:\/\/miradordeatarfe.es\/index.php?rest_route=\/wp\/v2\/posts\/49920\/revisions\/49928"}],"wp:featuredmedia":[{"embeddable":true,"href":"https:\/\/miradordeatarfe.es\/index.php?rest_route=\/wp\/v2\/media\/49921"}],"wp:attachment":[{"href":"https:\/\/miradordeatarfe.es\/index.php?rest_route=%2Fwp%2Fv2%2Fmedia&parent=49920"}],"wp:term":[{"taxonomy":"category","embeddable":true,"href":"https:\/\/miradordeatarfe.es\/index.php?rest_route=%2Fwp%2Fv2%2Fcategories&post=49920"},{"taxonomy":"post_tag","embeddable":true,"href":"https:\/\/miradordeatarfe.es\/index.php?rest_route=%2Fwp%2Fv2%2Ftags&post=49920"}],"curies":[{"name":"wp","href":"https:\/\/api.w.org\/{rel}","templated":true}]}}