{"id":50148,"date":"2021-11-13T11:55:30","date_gmt":"2021-11-13T10:55:30","guid":{"rendered":"https:\/\/miradordeatarfe.es\/?p=50148"},"modified":"2022-02-12T12:20:18","modified_gmt":"2022-02-12T11:20:18","slug":"pluralidad-y-diversidad-por-manuel-jimenez","status":"publish","type":"post","link":"https:\/\/miradordeatarfe.es\/?p=50148","title":{"rendered":"\u00abPLURALIDAD Y DIVERSIDAD\u00bb por Manuel J\u00edmenez"},"content":{"rendered":"<h3 style=\"text-align: justify;\">Otro fin de semana con aer\u00f3bic@s atarfe\u00f1@s repartidos por toda la geograf\u00eda provincial, auton\u00f3mica y nacional tomando parte en diferentes competiciones que hacen bastante dif\u00edcil no dejarse a ninguno sin mencionar.<\/h3>\n<p style=\"text-align: justify;\">El viaje m\u00e1s largo lo protagoniza la duatleta del Triclub Baby School Paula Jim\u00e9nez L\u00f3pez que march\u00f3 a orillas del Cant\u00e1brico a la ciudad de \u201cAviyes\u201d, Avil\u00e9s, para disputar el Campeonato del Mundo de Duatlon en categor\u00eda Grupos de Edad, 20-24m consiguiendo un valioso cuarto puesto, primera espa\u00f1ola, por detr\u00e1s de Louisa Marie Middleditch de Singapur que se impuso y de dos brit\u00e1nicas. M\u00e1s all\u00e1 del puesto son destacables los parciales que marc\u00f3, bajando de los 19 minutos en el primer 5 K de carrera a pie (18.58), de los 40 minutos en los 20 K de bici (39.26, a m\u00e1s de 30\/hora) y de 12 minutos en los 2.5 k finales de carrera pedestre (11.53) para totalizar un gran crono de 1h14.30.<\/p>\n<p style=\"text-align: justify;\">A nivel auton\u00f3mico el Atletismo Ciudad Atarfe env\u00edo a cuatro representantes al Campeonato de Andaluc\u00eda M\u00e1ster de PISTA CUBIERTA que se trajeron dos medallas, el m\u00edster Manuel Jim\u00e9nez Ca\u00f1adas se hizo con la plata en 60 lisos M35 con un crono de 7.57 mientras que la debutante Daiane Santiago consigui\u00f3 el bronce en 3000 marcha M50 con Emilia Siles en cuarta posici\u00f3n. Por su parte, Gustavo Adolfo Herrera dobl\u00f3 doblemente, pues corri\u00f3 el 200 en 28.03 y el 400 en 1.03.29. Es importante que nuestro club de Atletismo est\u00e9 presente en cuantas competiciones oficiales se celebren y el gran esfuerzo y dedicaci\u00f3n de directiva y atletas lo viene consiguiendo, si adem\u00e1s se suben al p\u00f3dium pues el objetivo est\u00e1 m\u00e1s que cumplido.<\/p>\n<p style=\"text-align: justify;\">Por su parte, la inagotable Elena Ferri en las filas del CA Maracena se impuso en 400 y 800 F65.<\/p>\n<p style=\"text-align: justify;\">A nivel provincial el s\u00e1bado se disputaron las carreras de menores de la 7\u00aa edici\u00f3n de la carrera Universitaria. La Escuela de Triatlon Atarfe estuvo representada con cuatro triatletas que dejaron una gran sensaci\u00f3n pues Vera Ramos se impuso en Sub 12 siendo una carrera mixta, Santi fue primero en Sub 10 con Sandro Ramos tercero mientras el Sub 14 Daniel Soriano es quinto. El Atletismo Ciudad Atarfe tambi\u00e9n estuvo muy bien representado en esta cita universitaria con David Mar\u00edn, Jorge Mesa y David Hurtado en la categor\u00eda Sub 12 y Alejandro Salas en Sub 10. Entre los m\u00e1s peque\u00f1os, los Sub 8, m\u00e1s camisetas verdirojas con Santiago Zamora, Jes\u00fas Zamora, Marcos Amigo y Carmen Zamora mientras en Chupetines Irene Mart\u00ednez y David Mesa dejaron muy alto el cach\u00e9 del Atletismo Atarfe.<\/p>\n<p style=\"text-align: justify;\">En la ma\u00f1ana del domingo se disput\u00f3 por las calles del centro de la capital la carrera de adultos con un representante del Atletismo Ciudad Atarfe pisando p\u00f3dium gracias al buen hacer de Regino Zamora, tercero M55 muy bien secundado por el atleta del Monta\u00f1a Atarfe Rafael S\u00e1nchez Cid.<\/p>\n<p style=\"text-align: justify;\">El domingo tambi\u00e9n hubo cita atl\u00e9tica en C\u00e1jar con la XXVIII CARRERA DE FONDO \u201cVILLA DE CAJAR\u201d y en Alm\u00fa\u00f1ecar con una nueva etapa del Gran Premio de Fondo. En C\u00e1jar doble p\u00f3dium para las chicas del Atletismo Ciudad Atarfe con Virginia L\u00f3pez y Beatriz Quevedo segundas en sus respectivas categor\u00edas. Jacinto Ropero y Santiago Moreno salvaron el honor de los chicos del club.<\/p>\n<p style=\"text-align: justify;\">Mientras tanto en Alm\u00fa\u00f1ecar \u00a0Patricia Cecilia Vi\u00f1\u00e1n Camba del CA Maracena fue segunda en su categor\u00eda y Carlos Lucena del Ciudad Atarfe sexto en la suya. El Triatarfe tambi\u00e9n sumo su granito de arena con Marcos Granados y Manuel Puertas, lo dicho PLURALIDAD Y DIVERSIDAD y un objetivo com\u00fan, PASI\u00d3N POR EL DEPORTE. \u00a0\u00a0\u00a0\u00a0\u00a0<\/p>\n<div class=\"tiled-gallery type-rectangular tiled-gallery-unresized\" data-original-width=\"640\" data-carousel-extra='null' itemscope itemtype=\"http:\/\/schema.org\/ImageGallery\" > <div class=\"gallery-row\" style=\"width: 640px; height: 182px;\" data-original-width=\"640\" data-original-height=\"182\" > <div class=\"gallery-group images-1\" style=\"width: 320px; height: 182px;\" data-original-width=\"320\" data-original-height=\"182\" > <div class=\"tiled-gallery-item tiled-gallery-item-large\" itemprop=\"associatedMedia\" itemscope itemtype=\"http:\/\/schema.org\/ImageObject\"> <a href=\"https:\/\/miradordeatarfe.es\/?attachment_id=50151\" border=\"0\" itemprop=\"url\"> <meta itemprop=\"width\" content=\"316\"> <meta itemprop=\"height\" content=\"178\"> <img decoding=\"async\" class=\"\" data-attachment-id=\"50151\" data-orig-file=\"https:\/\/miradordeatarfe.es\/wp-content\/uploads\/2021\/11\/Manuel-Triatarfe-Almunecar-1.jpg\" data-orig-size=\"1100,619\" data-comments-opened=\"\" data-image-meta=\"{&quot;aperture&quot;:&quot;13&quot;,&quot;credit&quot;:&quot;&quot;,&quot;camera&quot;:&quot;ILCE-6500&quot;,&quot;caption&quot;:&quot;&quot;,&quot;created_timestamp&quot;:&quot;1456090338&quot;,&quot;copyright&quot;:&quot;&quot;,&quot;focal_length&quot;:&quot;55&quot;,&quot;iso&quot;:&quot;400&quot;,&quot;shutter_speed&quot;:&quot;0.002&quot;,&quot;title&quot;:&quot;&quot;,&quot;orientation&quot;:&quot;0&quot;}\" data-image-title=\"Manuel Triatarfe Alm\u00fa\u00f1ecar\" data-image-description=\"\" data-medium-file=\"https:\/\/i0.wp.com\/miradordeatarfe.es\/wp-content\/uploads\/2021\/11\/Manuel-Triatarfe-Almunecar-1.jpg?fit=300%2C169&#038;ssl=1\" data-large-file=\"https:\/\/i0.wp.com\/miradordeatarfe.es\/wp-content\/uploads\/2021\/11\/Manuel-Triatarfe-Almunecar-1.jpg?fit=640%2C360&#038;ssl=1\" src=\"https:\/\/i0.wp.com\/miradordeatarfe.es\/wp-content\/uploads\/2021\/11\/Manuel-Triatarfe-Almunecar-1.jpg?w=316&#038;h=178&#038;ssl=1\" srcset=\"https:\/\/i0.wp.com\/miradordeatarfe.es\/wp-content\/uploads\/2021\/11\/Manuel-Triatarfe-Almunecar-1.jpg?w=1100&amp;ssl=1 1100w, https:\/\/i0.wp.com\/miradordeatarfe.es\/wp-content\/uploads\/2021\/11\/Manuel-Triatarfe-Almunecar-1.jpg?resize=300%2C169&amp;ssl=1 300w, https:\/\/i0.wp.com\/miradordeatarfe.es\/wp-content\/uploads\/2021\/11\/Manuel-Triatarfe-Almunecar-1.jpg?resize=1024%2C576&amp;ssl=1 1024w, https:\/\/i0.wp.com\/miradordeatarfe.es\/wp-content\/uploads\/2021\/11\/Manuel-Triatarfe-Almunecar-1.jpg?resize=768%2C432&amp;ssl=1 768w\" width=\"316\" height=\"178\" loading=\"lazy\" data-original-width=\"316\" data-original-height=\"178\" itemprop=\"http:\/\/schema.org\/image\" title=\"Manuel Triatarfe Alm\u00fa\u00f1ecar\" alt=\"Manuel Triatarfe Alm\u00fa\u00f1ecar\" style=\"width: 316px; height: 178px;\" \/> <\/a> <\/div> <\/div> <!-- close group --> <div class=\"gallery-group images-1\" style=\"width: 320px; height: 182px;\" data-original-width=\"320\" data-original-height=\"182\" > <div class=\"tiled-gallery-item tiled-gallery-item-large\" itemprop=\"associatedMedia\" itemscope itemtype=\"http:\/\/schema.org\/ImageObject\"> <a href=\"https:\/\/miradordeatarfe.es\/?attachment_id=50152\" border=\"0\" itemprop=\"url\"> <meta itemprop=\"width\" content=\"316\"> <meta itemprop=\"height\" content=\"178\"> <img decoding=\"async\" class=\"\" data-attachment-id=\"50152\" data-orig-file=\"https:\/\/miradordeatarfe.es\/wp-content\/uploads\/2021\/11\/Marcos-Triatarfe-Almunecar.jpg\" data-orig-size=\"1100,619\" data-comments-opened=\"\" data-image-meta=\"{&quot;aperture&quot;:&quot;13&quot;,&quot;credit&quot;:&quot;&quot;,&quot;camera&quot;:&quot;ILCE-6500&quot;,&quot;caption&quot;:&quot;&quot;,&quot;created_timestamp&quot;:&quot;1456090329&quot;,&quot;copyright&quot;:&quot;&quot;,&quot;focal_length&quot;:&quot;55&quot;,&quot;iso&quot;:&quot;400&quot;,&quot;shutter_speed&quot;:&quot;0.002&quot;,&quot;title&quot;:&quot;&quot;,&quot;orientation&quot;:&quot;0&quot;}\" data-image-title=\"Marcos Triatarfe Alm\u00fa\u00f1ecar\" data-image-description=\"\" data-medium-file=\"https:\/\/i0.wp.com\/miradordeatarfe.es\/wp-content\/uploads\/2021\/11\/Marcos-Triatarfe-Almunecar.jpg?fit=300%2C169&#038;ssl=1\" data-large-file=\"https:\/\/i0.wp.com\/miradordeatarfe.es\/wp-content\/uploads\/2021\/11\/Marcos-Triatarfe-Almunecar.jpg?fit=640%2C360&#038;ssl=1\" src=\"https:\/\/i0.wp.com\/miradordeatarfe.es\/wp-content\/uploads\/2021\/11\/Marcos-Triatarfe-Almunecar.jpg?w=316&#038;h=178&#038;ssl=1\" srcset=\"https:\/\/i0.wp.com\/miradordeatarfe.es\/wp-content\/uploads\/2021\/11\/Marcos-Triatarfe-Almunecar.jpg?w=1100&amp;ssl=1 1100w, https:\/\/i0.wp.com\/miradordeatarfe.es\/wp-content\/uploads\/2021\/11\/Marcos-Triatarfe-Almunecar.jpg?resize=300%2C169&amp;ssl=1 300w, https:\/\/i0.wp.com\/miradordeatarfe.es\/wp-content\/uploads\/2021\/11\/Marcos-Triatarfe-Almunecar.jpg?resize=1024%2C576&amp;ssl=1 1024w, https:\/\/i0.wp.com\/miradordeatarfe.es\/wp-content\/uploads\/2021\/11\/Marcos-Triatarfe-Almunecar.jpg?resize=768%2C432&amp;ssl=1 768w\" width=\"316\" height=\"178\" loading=\"lazy\" data-original-width=\"316\" data-original-height=\"178\" itemprop=\"http:\/\/schema.org\/image\" title=\"Marcos Triatarfe Alm\u00fa\u00f1ecar\" alt=\"Marcos Triatarfe Alm\u00fa\u00f1ecar\" style=\"width: 316px; height: 178px;\" \/> <\/a> <\/div> <\/div> <!-- close group --> <\/div> <!-- close row --> <div class=\"gallery-row\" style=\"width: 640px; height: 362px;\" data-original-width=\"640\" data-original-height=\"362\" > <div class=\"gallery-group images-1\" style=\"width: 640px; height: 362px;\" data-original-width=\"640\" data-original-height=\"362\" > <div class=\"tiled-gallery-item tiled-gallery-item-large\" itemprop=\"associatedMedia\" itemscope itemtype=\"http:\/\/schema.org\/ImageObject\"> <a href=\"https:\/\/miradordeatarfe.es\/?attachment_id=50153\" border=\"0\" itemprop=\"url\"> <meta itemprop=\"width\" content=\"636\"> <meta itemprop=\"height\" content=\"358\"> <img decoding=\"async\" class=\"\" data-attachment-id=\"50153\" data-orig-file=\"https:\/\/miradordeatarfe.es\/wp-content\/uploads\/2021\/11\/Patricia-cecilia-Almunecar.jpg\" data-orig-size=\"1100,619\" data-comments-opened=\"\" data-image-meta=\"{&quot;aperture&quot;:&quot;13&quot;,&quot;credit&quot;:&quot;&quot;,&quot;camera&quot;:&quot;ILCE-6500&quot;,&quot;caption&quot;:&quot;&quot;,&quot;created_timestamp&quot;:&quot;1456090315&quot;,&quot;copyright&quot;:&quot;&quot;,&quot;focal_length&quot;:&quot;55&quot;,&quot;iso&quot;:&quot;400&quot;,&quot;shutter_speed&quot;:&quot;0.002&quot;,&quot;title&quot;:&quot;&quot;,&quot;orientation&quot;:&quot;0&quot;}\" data-image-title=\"Patricia cecilia Alm\u00fa\u00f1ecar\" data-image-description=\"\" data-medium-file=\"https:\/\/i0.wp.com\/miradordeatarfe.es\/wp-content\/uploads\/2021\/11\/Patricia-cecilia-Almunecar.jpg?fit=300%2C169&#038;ssl=1\" data-large-file=\"https:\/\/i0.wp.com\/miradordeatarfe.es\/wp-content\/uploads\/2021\/11\/Patricia-cecilia-Almunecar.jpg?fit=640%2C360&#038;ssl=1\" src=\"https:\/\/i0.wp.com\/miradordeatarfe.es\/wp-content\/uploads\/2021\/11\/Patricia-cecilia-Almunecar.jpg?w=636&#038;h=358&#038;ssl=1\" srcset=\"https:\/\/i0.wp.com\/miradordeatarfe.es\/wp-content\/uploads\/2021\/11\/Patricia-cecilia-Almunecar.jpg?w=1100&amp;ssl=1 1100w, https:\/\/i0.wp.com\/miradordeatarfe.es\/wp-content\/uploads\/2021\/11\/Patricia-cecilia-Almunecar.jpg?resize=300%2C169&amp;ssl=1 300w, https:\/\/i0.wp.com\/miradordeatarfe.es\/wp-content\/uploads\/2021\/11\/Patricia-cecilia-Almunecar.jpg?resize=1024%2C576&amp;ssl=1 1024w, https:\/\/i0.wp.com\/miradordeatarfe.es\/wp-content\/uploads\/2021\/11\/Patricia-cecilia-Almunecar.jpg?resize=768%2C432&amp;ssl=1 768w\" width=\"636\" height=\"358\" loading=\"lazy\" data-original-width=\"636\" data-original-height=\"358\" itemprop=\"http:\/\/schema.org\/image\" title=\"Patricia cecilia Alm\u00fa\u00f1ecar\" alt=\"Patricia cecilia Alm\u00fa\u00f1ecar\" style=\"width: 636px; height: 358px;\" \/> <\/a> <\/div> <\/div> <!-- close group --> <\/div> <!-- close row --> <\/div>\n","protected":false},"excerpt":{"rendered":"<p>Otro fin de semana con aer\u00f3bic@s atarfe\u00f1@s repartidos por toda la geograf\u00eda provincial, auton\u00f3mica y&#8230;<\/p>\n","protected":false},"author":1,"featured_media":50150,"comment_status":"closed","ping_status":"closed","sticky":false,"template":"","format":"standard","meta":{"_coblocks_attr":"","_coblocks_dimensions":"","_coblocks_responsive_height":"","_coblocks_accordion_ie_support":"","jetpack_post_was_ever_published":false,"_jetpack_newsletter_access":"","_jetpack_dont_email_post_to_subs":false,"_jetpack_newsletter_tier_id":0,"_jetpack_memberships_contains_paywalled_content":false,"_jetpack_memberships_contains_paid_content":false,"footnotes":"","jetpack_publicize_message":"","jetpack_publicize_feature_enabled":true,"jetpack_social_post_already_shared":false,"jetpack_social_options":{"image_generator_settings":{"template":"highway","default_image_id":0,"enabled":false},"version":2}},"categories":[2,1161,182,6915,44,15],"tags":[81,85,123],"class_list":["post-50148","post","type-post","status-publish","format-standard","has-post-thumbnail","hentry","category-atarfe","category-ciudadania","category-deportes","category-opinion-de-manuel-jimenez","category-noticias-de-hoy","category-ultimas-noticias","tag-atarfe","tag-atletismo","tag-deportes"],"jetpack_publicize_connections":[],"jetpack_featured_media_url":"https:\/\/i0.wp.com\/miradordeatarfe.es\/wp-content\/uploads\/2021\/11\/Carlos-Lucena-Almunecar.jpg?fit=1100%2C619&ssl=1","jetpack_likes_enabled":true,"jetpack_sharing_enabled":true,"_links":{"self":[{"href":"https:\/\/miradordeatarfe.es\/index.php?rest_route=\/wp\/v2\/posts\/50148","targetHints":{"allow":["GET"]}}],"collection":[{"href":"https:\/\/miradordeatarfe.es\/index.php?rest_route=\/wp\/v2\/posts"}],"about":[{"href":"https:\/\/miradordeatarfe.es\/index.php?rest_route=\/wp\/v2\/types\/post"}],"author":[{"embeddable":true,"href":"https:\/\/miradordeatarfe.es\/index.php?rest_route=\/wp\/v2\/users\/1"}],"replies":[{"embeddable":true,"href":"https:\/\/miradordeatarfe.es\/index.php?rest_route=%2Fwp%2Fv2%2Fcomments&post=50148"}],"version-history":[{"count":4,"href":"https:\/\/miradordeatarfe.es\/index.php?rest_route=\/wp\/v2\/posts\/50148\/revisions"}],"predecessor-version":[{"id":50209,"href":"https:\/\/miradordeatarfe.es\/index.php?rest_route=\/wp\/v2\/posts\/50148\/revisions\/50209"}],"wp:featuredmedia":[{"embeddable":true,"href":"https:\/\/miradordeatarfe.es\/index.php?rest_route=\/wp\/v2\/media\/50150"}],"wp:attachment":[{"href":"https:\/\/miradordeatarfe.es\/index.php?rest_route=%2Fwp%2Fv2%2Fmedia&parent=50148"}],"wp:term":[{"taxonomy":"category","embeddable":true,"href":"https:\/\/miradordeatarfe.es\/index.php?rest_route=%2Fwp%2Fv2%2Fcategories&post=50148"},{"taxonomy":"post_tag","embeddable":true,"href":"https:\/\/miradordeatarfe.es\/index.php?rest_route=%2Fwp%2Fv2%2Ftags&post=50148"}],"curies":[{"name":"wp","href":"https:\/\/api.w.org\/{rel}","templated":true}]}}