{"id":50176,"date":"2021-11-17T11:31:41","date_gmt":"2021-11-17T10:31:41","guid":{"rendered":"https:\/\/miradordeatarfe.es\/?p=50176"},"modified":"2021-11-22T12:36:11","modified_gmt":"2021-11-22T11:36:11","slug":"vicente-rodriguez-ramion-por-jose-enrique-granados","status":"publish","type":"post","link":"https:\/\/miradordeatarfe.es\/?p=50176","title":{"rendered":"\u00abVICENTE RODR\u00cdGUEZ RAMI\u00d3N\u00bb por Jos\u00e9 Enrique Granados"},"content":{"rendered":"<div class=\"kvgmc6g5 cxmmr5t8 oygrvhab hcukyx3x c1et5uql ii04i59q\">\n<h3 dir=\"auto\">Hace a\u00f1os, se publicaba en IDEAL este texto de Cesar Alonso, y esta esquela de Vicente Rodr\u00edguez Rami\u00f3n.<\/h3>\n<div class=\"kvgmc6g5 cxmmr5t8 oygrvhab hcukyx3x c1et5uql ii04i59q\">\n<div dir=\"auto\">El once de noviembre de 1977 falleci\u00f3 en accidente de tr\u00e1fico el componente de<strong> Realidad<\/strong>, Vicente Rodr\u00edguez Rami\u00f3n. Seg\u00fan podemos leer en la prensa de la \u00e9poca, el suceso ocurri\u00f3 a las siete de la ma\u00f1ana en la provincia de Ja\u00e9n, al salirse el coche por la calzada y caer a un barranco, a consecuencia de la niebla. Ven\u00eda de Madrid, con un amigo, de recoger el t\u00edtulo de monitor de conductor de autoescuelas. Ten\u00eda 31 a\u00f1os, estaba casado y su mujer esperaba un hijo.<\/div>\n<div dir=\"auto\">\u00a0<\/div>\n<\/div>\n<div class=\"o9v6fnle cxmmr5t8 oygrvhab hcukyx3x c1et5uql ii04i59q\">\n<div dir=\"auto\">Un d\u00eda m\u00e1s tarde, IDEAL public\u00f3 un art\u00edculo a dos columnas, firmado por C\u00e9sar Alonso, titulado<em> \u00a1Adi\u00f3s! m\u00fasico amigo<\/em>.<\/div>\n<div dir=\"auto\">\u00a0<\/div>\n<\/div>\n<div class=\"o9v6fnle cxmmr5t8 oygrvhab hcukyx3x c1et5uql ii04i59q\">\n<div dir=\"auto\"><em>\u00abUna vez m\u00e1s hay que cumplir con el doloroso deber de escribir el adi\u00f3s a un amigo, Vicente Rodr\u00edguez Rami\u00f3n, guitarra solista del grupo \u201cRealidad\u201d, muri\u00f3 v\u00edctima de un accidente de autom\u00f3vil.<\/em><\/div>\n<\/div>\n<div class=\"o9v6fnle cxmmr5t8 oygrvhab hcukyx3x c1et5uql ii04i59q\">\n<div dir=\"auto\"><em>\u00a1Cuantas ilusiones truncadas por esta escueta noticia! \u00a1Cuantos a\u00f1os de lucha infatigable perdidos!<\/em><\/div>\n<div dir=\"auto\">\u00a0<\/div>\n<\/div>\n<div class=\"o9v6fnle cxmmr5t8 oygrvhab hcukyx3x c1et5uql ii04i59q\">\n<div dir=\"auto\"><em>All\u00e1 por el a\u00f1o sesenta y seis impulsado por su amor a la m\u00fasica, fund\u00f3 junto a Juan de Dios, Jos\u00e9 Luis y Pepe, el grupo \u201cSony Black\u201d. Tres a\u00f1os m\u00e1s tarde adoptar\u00edan el nombre definitivo, con el que grabar\u00edan nueve discos: \u201cRealidad\u201d. \u00bfSe hicieron realidad todos tus sue\u00f1os, Vicente? Con seguridad a tus treinta y un a\u00f1os, a\u00fan conservabas la esperanza de conquistar el mundo. Al menos, \u201ctu mundo.\u201d<\/em><\/div>\n<div dir=\"auto\"><img data-recalc-dims=\"1\" loading=\"lazy\" decoding=\"async\" class=\"wp-image-50177 size-full alignleft\" src=\"https:\/\/i0.wp.com\/miradordeatarfe.es\/wp-content\/uploads\/2021\/11\/descarga-1.jpg?resize=218%2C231&#038;ssl=1\" alt=\"\" width=\"218\" height=\"231\" \/><\/div>\n<\/div>\n<div class=\"o9v6fnle cxmmr5t8 oygrvhab hcukyx3x c1et5uql ii04i59q\">\n<div dir=\"auto\"><em>\u201cCada d\u00eda al despertar, descubro un nuevo mundo. La profundidad del mar bajo el azul del cielo, bajo el sol podremos ver nuevos campos florecer, para ti, para m\u00ed\u201d.<\/em><\/div>\n<\/div>\n<div class=\"o9v6fnle cxmmr5t8 oygrvhab hcukyx3x c1et5uql ii04i59q\">\n<div dir=\"auto\"><em>Ahora ser\u00e1\u00a0<\/em><\/div>\n<div dir=\"auto\"><em>con otros ojos con los que podr\u00e1s ver florecer, dentro de poco, el fruto de tu joven matrimonio con Concepci\u00f3n, porque alguien por ti va a cantar al nuevo d\u00eda que comienza.<\/em><\/div>\n<\/div>\n<div class=\"o9v6fnle cxmmr5t8 oygrvhab hcukyx3x c1et5uql ii04i59q\">\n<div dir=\"auto\"><em>Tu afici\u00f3n\u00a0<\/em><\/div>\n<div dir=\"auto\"><em>a la meteorolog\u00eda llev\u00f3 a tus compa\u00f1eros a llamarte afectivamente \u201cel hombre del tiempo\u201d. Pero tu gran humanidad te hizo cometer un fallo irreparable. En tus predicciones no figuraba l<\/em><\/div>\n<div dir=\"auto\"><em>a madrugada de ayer, porque estaba escrito que t\u00fa fueses el protagonista.<\/em><\/div>\n<div dir=\"auto\"><em>Una curva en la carretera ha desviado tu camino y te ha impedido montar esa discoteca con la que so\u00f1abas cuando llegaras a retirarte del mundo de la m\u00fasica. Tampoco podr\u00e1s seguir jugando al f\u00fatbol, tu deporte favorito, porque tu afici\u00f3n a los libros te ha llevado a cerrar la \u00faltima p\u00e1gina del tuyo.<\/em><\/div>\n<\/div>\n<div class=\"o9v6fnle cxmmr5t8 oygrvhab hcukyx3x c1et5uql ii04i59q\">\n<div dir=\"auto\"><em>De tu estancia entre nosotros nos quedar\u00e1 siempre el cari\u00f1oso recuerdo de tu gran compa\u00f1erismo. Fonfi, Pepe y Antonio ya no podr\u00e1n volver a interpretar esa canci\u00f3n con la que juntos lograsteis una notable popularidad. \u201cCon los granos de la arena\u201d no sonar\u00eda igual sin tu guitarra, esa guitarra a la que tu quer\u00edas dotar de un nuevo equipo. Ahora ya no le hace falta, porque en el recuerdo sonar\u00e1 como tu jam\u00e1s hab\u00edas so\u00f1ado.<\/em><\/div>\n<div dir=\"auto\"><em>Te has ido muy temprano, Vicente. No has tenido tiempo suficiente para que tus ilusiones llegasen a hacerse una venturosa \u201cRealidad\u201d. En nombre de todos los que hemos tenido la suerte de gozar de tu amistad, gracias por el ejemplo que de tu incondicional entrega nos diste siempre.\u00bb<\/em><\/div>\n<div dir=\"auto\">\u00a0<\/div>\n<\/div>\n<div class=\"o9v6fnle cxmmr5t8 oygrvhab hcukyx3x c1et5uql ii04i59q\">\n<div dir=\"auto\">\u00a0<\/div>\n<\/div>\n<\/div>\n<div class=\"o9v6fnle cxmmr5t8 oygrvhab hcukyx3x c1et5uql ii04i59q\">\n<div dir=\"auto\">Curiosidades elvirenses.<\/div>\n<\/div>\n<div dir=\"auto\">https:\/\/www.facebook.com\/732817910137560\/posts\/3735092753243379\/<\/div>\n<div class=\"o9v6fnle cxmmr5t8 oygrvhab hcukyx3x c1et5uql ii04i59q\">\n<div dir=\"auto\">\u00a0<\/div>\n<\/div>\n","protected":false},"excerpt":{"rendered":"<p>Hace a\u00f1os, se publicaba en IDEAL este texto de Cesar Alonso, y esta esquela de&#8230;<\/p>\n","protected":false},"author":1,"featured_media":50178,"comment_status":"closed","ping_status":"closed","sticky":false,"template":"","format":"standard","meta":{"_coblocks_attr":"","_coblocks_dimensions":"","_coblocks_responsive_height":"","_coblocks_accordion_ie_support":"","jetpack_post_was_ever_published":false,"_jetpack_newsletter_access":"","_jetpack_dont_email_post_to_subs":false,"_jetpack_newsletter_tier_id":0,"_jetpack_memberships_contains_paywalled_content":false,"_jetpack_memberships_contains_paid_content":false,"footnotes":"","jetpack_publicize_message":"","jetpack_publicize_feature_enabled":true,"jetpack_social_post_already_shared":false,"jetpack_social_options":{"image_generator_settings":{"template":"highway","default_image_id":0,"enabled":false},"version":2}},"categories":[2,1161,38,44,6539,15],"tags":[8705,8704],"class_list":["post-50176","post","type-post","status-publish","format-standard","has-post-thumbnail","hentry","category-atarfe","category-ciudadania","category-opinion-de-jose-enrique-granados","category-noticias-de-hoy","category-personajes-de-ataref","category-ultimas-noticias","tag-conjunto-realidad","tag-vicente-rodriguez-ramion"],"jetpack_publicize_connections":[],"jetpack_featured_media_url":"https:\/\/i0.wp.com\/miradordeatarfe.es\/wp-content\/uploads\/2021\/11\/248179559_266290978837725_6924188378662944737_n.jpg?fit=526%2C502&ssl=1","jetpack_likes_enabled":true,"jetpack_sharing_enabled":true,"_links":{"self":[{"href":"https:\/\/miradordeatarfe.es\/index.php?rest_route=\/wp\/v2\/posts\/50176","targetHints":{"allow":["GET"]}}],"collection":[{"href":"https:\/\/miradordeatarfe.es\/index.php?rest_route=\/wp\/v2\/posts"}],"about":[{"href":"https:\/\/miradordeatarfe.es\/index.php?rest_route=\/wp\/v2\/types\/post"}],"author":[{"embeddable":true,"href":"https:\/\/miradordeatarfe.es\/index.php?rest_route=\/wp\/v2\/users\/1"}],"replies":[{"embeddable":true,"href":"https:\/\/miradordeatarfe.es\/index.php?rest_route=%2Fwp%2Fv2%2Fcomments&post=50176"}],"version-history":[{"count":3,"href":"https:\/\/miradordeatarfe.es\/index.php?rest_route=\/wp\/v2\/posts\/50176\/revisions"}],"predecessor-version":[{"id":50181,"href":"https:\/\/miradordeatarfe.es\/index.php?rest_route=\/wp\/v2\/posts\/50176\/revisions\/50181"}],"wp:featuredmedia":[{"embeddable":true,"href":"https:\/\/miradordeatarfe.es\/index.php?rest_route=\/wp\/v2\/media\/50178"}],"wp:attachment":[{"href":"https:\/\/miradordeatarfe.es\/index.php?rest_route=%2Fwp%2Fv2%2Fmedia&parent=50176"}],"wp:term":[{"taxonomy":"category","embeddable":true,"href":"https:\/\/miradordeatarfe.es\/index.php?rest_route=%2Fwp%2Fv2%2Fcategories&post=50176"},{"taxonomy":"post_tag","embeddable":true,"href":"https:\/\/miradordeatarfe.es\/index.php?rest_route=%2Fwp%2Fv2%2Ftags&post=50176"}],"curies":[{"name":"wp","href":"https:\/\/api.w.org\/{rel}","templated":true}]}}