{"id":50298,"date":"2021-11-19T11:44:51","date_gmt":"2021-11-19T10:44:51","guid":{"rendered":"https:\/\/miradordeatarfe.es\/?p=50298"},"modified":"2021-11-22T12:35:45","modified_gmt":"2021-11-22T11:35:45","slug":"del-barro-a-la-barrosa-sin-apearse-del-podium-por-manuel-jimenez","status":"publish","type":"post","link":"https:\/\/miradordeatarfe.es\/?p=50298","title":{"rendered":"\u00abDEL BARRO A LA BARROSA SIN APEARSE DEL PODIUM\u00bb por Manuel Jim\u00e9nez"},"content":{"rendered":"<h3>Hace unas semanas viv\u00edamos el \u00e9xito de dos de nuestras mejores representantes en el Campeonato de Andaluc\u00eda de Cross disputada en Almod\u00f3var del R\u00edo en un circuito muy <strong>embarrado<\/strong>, Angie \u00c1vila fue cuarta tanto en la clasificaci\u00f3n por equipos senior como en relevo mixto con el RUNRUNDATA, por su parte Ana Rodr\u00edguez S\u00e1nchez era la tercera por equipos senior con el Surco Lucena .<\/h3>\n<p>Este domingo d\u00eda 14 en <strong>La Barrosa<\/strong>, playa de la localidad de Chiclana, tanto Angie como Ana, formaban el equipo del Triclub Baby School de duatl\u00f3n junto a la maracenera Priscila Pe\u00f1a y la residente en Jun Inma Cruz, alz\u00e1ndose con el oro por escuadras en el Campeonato de Andaluc\u00eda absoluto de Duatlon de Carretera. Angie adem\u00e1s se sit\u00faa segunda en la clasificaci\u00f3n individual a escasos quince segundos del oro siendo la mejor en el sector ciclista. Ana que debutaba en la especialidad termina sexta de la general y segunda en su grupo de edad.<\/p>\n<p>Este triunfo del Triclub BabySchool representa un enorme \u00e9xito para la entidad que sin alardes econ\u00f3micos, sin grandes fichajes apostando por las deportistas del grupo de entrenamiento sorprende a nivel andaluz con dos \u00fanicas premisas: trabajo y compa\u00f1erismo.<\/p>\n<p>Donde tambi\u00e9n se trabaja en un gran ambiente de compa\u00f1erismo es en el Atletismo Ciudad Atarfe, este fin de semana han redoblado esfuerzos estando presentes en multitud de escenarios: el s\u00e1bado los equipos Sub 14 disputan el XII Campeonato de Andaluc\u00eda de Clubs en Pista Cubierta, el domingo son los Sub 12 los que entran en escena en el mismo certamen que alcanza la edici\u00f3n X. M\u00e1s all\u00e1 del resultado lo importante es ofrecer a los ni\u00f1os de la Escuela la oportunidad de participar en competici\u00f3n de equipos con los mejores especialistas de toda Andaluc\u00eda, una aut\u00e9ntica fiesta la vivida en la pista cubierta de Antequera.<\/p>\n<p>El domingo una gran representaci\u00f3n del Ciudad Atarfe viaja hasta Baza para disputar el primer Cross del Circuito Diputaci\u00f3n, destaca el sexto puesto en Sub 14 de Elena Lucena \u00a0y el s\u00e9ptimo de Alejandra Herrera y el tercero de Carlos Lucena en Master B.<\/p>\n<p>Tambi\u00e9n el domingo muchxs atarfe\u00f1xs cerrando el circuito de Fondo que ten\u00eda su ep\u00edlogo en Santa Fe, inmejorable prestaciones, una vez mas, de las f\u00e9minas del Ciudad Atarfe, con Lorena Quevedo segunda en Master B, Virginia L\u00f3pez, tercera en Master A y Beatriz Quevedo cuarta en esta \u00faltima categor\u00eda.<\/p>\n<p>Tambi\u00e9n la Escuela de Triatlon tiene participaci\u00f3n en el fin de semana con los incansables Santi N\u00fa\u00f1ez y Manuel Torres en el Duatlon Cross de Co\u00edn con sendos cuarto y noveno puestos.<\/p>\n<p>Cerramos con la participaci\u00f3n de Manuel Jim\u00e9nez L\u00f3pez en el calificado como \u201cmejor cross del mundo\u201d, el Internacional de Atapuerca en Burgos que alcanzaba su 17\u00aa edici\u00f3n. No fue el mejor d\u00eda de Manu al que se le atragant\u00f3 la hierba castellana siendo el 13\u00ba en la clasificaci\u00f3n final. \u00a0\u00a0\u00a0\u00a0\u00a0\u00a0<\/p>\n<div class=\"tiled-gallery type-rectangular tiled-gallery-unresized\" data-original-width=\"640\" data-carousel-extra='null' itemscope itemtype=\"http:\/\/schema.org\/ImageGallery\" > <div class=\"gallery-row\" style=\"width: 640px; height: 298px;\" data-original-width=\"640\" data-original-height=\"298\" > <div class=\"gallery-group images-1\" style=\"width: 242px; height: 298px;\" data-original-width=\"242\" data-original-height=\"298\" > <div class=\"tiled-gallery-item tiled-gallery-item-small\" itemprop=\"associatedMedia\" itemscope itemtype=\"http:\/\/schema.org\/ImageObject\"> <a href=\"https:\/\/miradordeatarfe.es\/?attachment_id=50305\" border=\"0\" itemprop=\"url\"> <meta itemprop=\"width\" content=\"238\"> <meta itemprop=\"height\" content=\"294\"> <img decoding=\"async\" class=\"\" data-attachment-id=\"50305\" data-orig-file=\"https:\/\/miradordeatarfe.es\/wp-content\/uploads\/2021\/11\/IMG_0542.jpg\" data-orig-size=\"1125,1386\" data-comments-opened=\"\" data-image-meta=\"{&quot;aperture&quot;:&quot;0&quot;,&quot;credit&quot;:&quot;&quot;,&quot;camera&quot;:&quot;&quot;,&quot;caption&quot;:&quot;&quot;,&quot;created_timestamp&quot;:&quot;0&quot;,&quot;copyright&quot;:&quot;&quot;,&quot;focal_length&quot;:&quot;0&quot;,&quot;iso&quot;:&quot;0&quot;,&quot;shutter_speed&quot;:&quot;0&quot;,&quot;title&quot;:&quot;&quot;,&quot;orientation&quot;:&quot;1&quot;}\" data-image-title=\"IMG_0542\" data-image-description=\"\" data-medium-file=\"https:\/\/i0.wp.com\/miradordeatarfe.es\/wp-content\/uploads\/2021\/11\/IMG_0542.jpg?fit=244%2C300&#038;ssl=1\" data-large-file=\"https:\/\/i0.wp.com\/miradordeatarfe.es\/wp-content\/uploads\/2021\/11\/IMG_0542.jpg?fit=640%2C789&#038;ssl=1\" src=\"https:\/\/i0.wp.com\/miradordeatarfe.es\/wp-content\/uploads\/2021\/11\/IMG_0542.jpg?w=238&#038;h=294&#038;ssl=1\" srcset=\"https:\/\/i0.wp.com\/miradordeatarfe.es\/wp-content\/uploads\/2021\/11\/IMG_0542.jpg?w=1125&amp;ssl=1 1125w, https:\/\/i0.wp.com\/miradordeatarfe.es\/wp-content\/uploads\/2021\/11\/IMG_0542.jpg?resize=244%2C300&amp;ssl=1 244w, https:\/\/i0.wp.com\/miradordeatarfe.es\/wp-content\/uploads\/2021\/11\/IMG_0542.jpg?resize=831%2C1024&amp;ssl=1 831w, https:\/\/i0.wp.com\/miradordeatarfe.es\/wp-content\/uploads\/2021\/11\/IMG_0542.jpg?resize=768%2C946&amp;ssl=1 768w\" width=\"238\" height=\"294\" loading=\"lazy\" data-original-width=\"238\" data-original-height=\"294\" itemprop=\"http:\/\/schema.org\/image\" title=\"IMG_0542\" alt=\"IMG_0542\" style=\"width: 238px; height: 294px;\" \/> <\/a> <\/div> <\/div> <!-- close group --> <div class=\"gallery-group images-2\" style=\"width: 152px; height: 298px;\" data-original-width=\"152\" data-original-height=\"298\" > <div class=\"tiled-gallery-item tiled-gallery-item-small\" itemprop=\"associatedMedia\" itemscope itemtype=\"http:\/\/schema.org\/ImageObject\"> <a href=\"https:\/\/miradordeatarfe.es\/?attachment_id=50304\" border=\"0\" itemprop=\"url\"> <meta itemprop=\"width\" content=\"148\"> <meta itemprop=\"height\" content=\"145\"> <img decoding=\"async\" class=\"\" data-attachment-id=\"50304\" data-orig-file=\"https:\/\/miradordeatarfe.es\/wp-content\/uploads\/2021\/11\/IMG_0541.jpg\" data-orig-size=\"1125,1102\" data-comments-opened=\"\" data-image-meta=\"{&quot;aperture&quot;:&quot;0&quot;,&quot;credit&quot;:&quot;&quot;,&quot;camera&quot;:&quot;&quot;,&quot;caption&quot;:&quot;&quot;,&quot;created_timestamp&quot;:&quot;0&quot;,&quot;copyright&quot;:&quot;&quot;,&quot;focal_length&quot;:&quot;0&quot;,&quot;iso&quot;:&quot;0&quot;,&quot;shutter_speed&quot;:&quot;0&quot;,&quot;title&quot;:&quot;&quot;,&quot;orientation&quot;:&quot;1&quot;}\" data-image-title=\"IMG_0541\" data-image-description=\"\" data-medium-file=\"https:\/\/i0.wp.com\/miradordeatarfe.es\/wp-content\/uploads\/2021\/11\/IMG_0541.jpg?fit=300%2C294&#038;ssl=1\" data-large-file=\"https:\/\/i0.wp.com\/miradordeatarfe.es\/wp-content\/uploads\/2021\/11\/IMG_0541.jpg?fit=640%2C627&#038;ssl=1\" src=\"https:\/\/i0.wp.com\/miradordeatarfe.es\/wp-content\/uploads\/2021\/11\/IMG_0541.jpg?w=148&#038;h=145&#038;ssl=1\" srcset=\"https:\/\/i0.wp.com\/miradordeatarfe.es\/wp-content\/uploads\/2021\/11\/IMG_0541.jpg?w=1125&amp;ssl=1 1125w, https:\/\/i0.wp.com\/miradordeatarfe.es\/wp-content\/uploads\/2021\/11\/IMG_0541.jpg?resize=300%2C294&amp;ssl=1 300w, https:\/\/i0.wp.com\/miradordeatarfe.es\/wp-content\/uploads\/2021\/11\/IMG_0541.jpg?resize=1024%2C1003&amp;ssl=1 1024w, https:\/\/i0.wp.com\/miradordeatarfe.es\/wp-content\/uploads\/2021\/11\/IMG_0541.jpg?resize=768%2C752&amp;ssl=1 768w\" width=\"148\" height=\"145\" loading=\"lazy\" data-original-width=\"148\" data-original-height=\"145\" itemprop=\"http:\/\/schema.org\/image\" title=\"IMG_0541\" alt=\"IMG_0541\" style=\"width: 148px; height: 145px;\" \/> <\/a> <\/div> <div class=\"tiled-gallery-item tiled-gallery-item-small\" itemprop=\"associatedMedia\" itemscope itemtype=\"http:\/\/schema.org\/ImageObject\"> <a href=\"https:\/\/miradordeatarfe.es\/?attachment_id=50302\" border=\"0\" itemprop=\"url\"> <meta itemprop=\"width\" content=\"148\"> <meta itemprop=\"height\" content=\"145\"> <img decoding=\"async\" class=\"\" data-attachment-id=\"50302\" data-orig-file=\"https:\/\/miradordeatarfe.es\/wp-content\/uploads\/2021\/11\/IMG_0544.jpg\" data-orig-size=\"1125,1100\" data-comments-opened=\"\" data-image-meta=\"{&quot;aperture&quot;:&quot;0&quot;,&quot;credit&quot;:&quot;&quot;,&quot;camera&quot;:&quot;&quot;,&quot;caption&quot;:&quot;&quot;,&quot;created_timestamp&quot;:&quot;0&quot;,&quot;copyright&quot;:&quot;&quot;,&quot;focal_length&quot;:&quot;0&quot;,&quot;iso&quot;:&quot;0&quot;,&quot;shutter_speed&quot;:&quot;0&quot;,&quot;title&quot;:&quot;&quot;,&quot;orientation&quot;:&quot;1&quot;}\" data-image-title=\"IMG_0544\" data-image-description=\"\" data-medium-file=\"https:\/\/i0.wp.com\/miradordeatarfe.es\/wp-content\/uploads\/2021\/11\/IMG_0544.jpg?fit=300%2C293&#038;ssl=1\" data-large-file=\"https:\/\/i0.wp.com\/miradordeatarfe.es\/wp-content\/uploads\/2021\/11\/IMG_0544.jpg?fit=640%2C626&#038;ssl=1\" src=\"https:\/\/i0.wp.com\/miradordeatarfe.es\/wp-content\/uploads\/2021\/11\/IMG_0544.jpg?w=148&#038;h=145&#038;ssl=1\" srcset=\"https:\/\/i0.wp.com\/miradordeatarfe.es\/wp-content\/uploads\/2021\/11\/IMG_0544.jpg?w=1125&amp;ssl=1 1125w, https:\/\/i0.wp.com\/miradordeatarfe.es\/wp-content\/uploads\/2021\/11\/IMG_0544.jpg?resize=300%2C293&amp;ssl=1 300w, https:\/\/i0.wp.com\/miradordeatarfe.es\/wp-content\/uploads\/2021\/11\/IMG_0544.jpg?resize=1024%2C1001&amp;ssl=1 1024w, https:\/\/i0.wp.com\/miradordeatarfe.es\/wp-content\/uploads\/2021\/11\/IMG_0544.jpg?resize=768%2C751&amp;ssl=1 768w\" width=\"148\" height=\"145\" loading=\"lazy\" data-original-width=\"148\" data-original-height=\"145\" itemprop=\"http:\/\/schema.org\/image\" title=\"IMG_0544\" alt=\"IMG_0544\" style=\"width: 148px; height: 145px;\" \/> <\/a> <\/div> <\/div> <!-- close group --> <div class=\"gallery-group images-1\" style=\"width: 246px; height: 298px;\" data-original-width=\"246\" data-original-height=\"298\" > <div class=\"tiled-gallery-item tiled-gallery-item-small\" itemprop=\"associatedMedia\" itemscope itemtype=\"http:\/\/schema.org\/ImageObject\"> <a href=\"https:\/\/miradordeatarfe.es\/?attachment_id=50299\" border=\"0\" itemprop=\"url\"> <meta itemprop=\"width\" content=\"242\"> <meta itemprop=\"height\" content=\"294\"> <img decoding=\"async\" class=\"\" data-attachment-id=\"50299\" data-orig-file=\"https:\/\/miradordeatarfe.es\/wp-content\/uploads\/2021\/11\/IMG_0543.jpg\" data-orig-size=\"1125,1368\" data-comments-opened=\"\" data-image-meta=\"{&quot;aperture&quot;:&quot;0&quot;,&quot;credit&quot;:&quot;&quot;,&quot;camera&quot;:&quot;&quot;,&quot;caption&quot;:&quot;&quot;,&quot;created_timestamp&quot;:&quot;0&quot;,&quot;copyright&quot;:&quot;&quot;,&quot;focal_length&quot;:&quot;0&quot;,&quot;iso&quot;:&quot;0&quot;,&quot;shutter_speed&quot;:&quot;0&quot;,&quot;title&quot;:&quot;&quot;,&quot;orientation&quot;:&quot;1&quot;}\" data-image-title=\"IMG_0543\" data-image-description=\"\" data-medium-file=\"https:\/\/i0.wp.com\/miradordeatarfe.es\/wp-content\/uploads\/2021\/11\/IMG_0543.jpg?fit=247%2C300&#038;ssl=1\" data-large-file=\"https:\/\/i0.wp.com\/miradordeatarfe.es\/wp-content\/uploads\/2021\/11\/IMG_0543.jpg?fit=640%2C778&#038;ssl=1\" src=\"https:\/\/i0.wp.com\/miradordeatarfe.es\/wp-content\/uploads\/2021\/11\/IMG_0543.jpg?w=242&#038;h=294&#038;ssl=1\" srcset=\"https:\/\/i0.wp.com\/miradordeatarfe.es\/wp-content\/uploads\/2021\/11\/IMG_0543.jpg?w=1125&amp;ssl=1 1125w, https:\/\/i0.wp.com\/miradordeatarfe.es\/wp-content\/uploads\/2021\/11\/IMG_0543.jpg?resize=247%2C300&amp;ssl=1 247w, https:\/\/i0.wp.com\/miradordeatarfe.es\/wp-content\/uploads\/2021\/11\/IMG_0543.jpg?resize=842%2C1024&amp;ssl=1 842w, https:\/\/i0.wp.com\/miradordeatarfe.es\/wp-content\/uploads\/2021\/11\/IMG_0543.jpg?resize=768%2C934&amp;ssl=1 768w\" width=\"242\" height=\"294\" loading=\"lazy\" data-original-width=\"242\" data-original-height=\"294\" itemprop=\"http:\/\/schema.org\/image\" title=\"IMG_0543\" alt=\"IMG_0543\" style=\"width: 242px; height: 294px;\" \/> <\/a> <\/div> <\/div> <!-- close group --> <\/div> <!-- close row --> <\/div>\n","protected":false},"excerpt":{"rendered":"<p>Hace unas semanas viv\u00edamos el \u00e9xito de dos de nuestras mejores representantes en el Campeonato&#8230;<\/p>\n","protected":false},"author":1,"featured_media":50306,"comment_status":"closed","ping_status":"closed","sticky":false,"template":"","format":"standard","meta":{"_coblocks_attr":"","_coblocks_dimensions":"","_coblocks_responsive_height":"","_coblocks_accordion_ie_support":"","jetpack_post_was_ever_published":false,"_jetpack_newsletter_access":"","_jetpack_dont_email_post_to_subs":false,"_jetpack_newsletter_tier_id":0,"_jetpack_memberships_contains_paywalled_content":false,"_jetpack_memberships_contains_paid_content":false,"footnotes":"","jetpack_publicize_message":"","jetpack_publicize_feature_enabled":true,"jetpack_social_post_already_shared":false,"jetpack_social_options":{"image_generator_settings":{"template":"highway","default_image_id":0,"enabled":false},"version":2}},"categories":[2,1161,182,186,6915,44,15],"tags":[81,85,322],"class_list":["post-50298","post","type-post","status-publish","format-standard","has-post-thumbnail","hentry","category-atarfe","category-ciudadania","category-deportes","category-instituciones","category-opinion-de-manuel-jimenez","category-noticias-de-hoy","category-ultimas-noticias","tag-atarfe","tag-atletismo","tag-deporte"],"jetpack_publicize_connections":[],"jetpack_featured_media_url":"https:\/\/i0.wp.com\/miradordeatarfe.es\/wp-content\/uploads\/2021\/11\/IMG_0543-3.jpg?fit=1123%2C488&ssl=1","jetpack_likes_enabled":true,"jetpack_sharing_enabled":true,"_links":{"self":[{"href":"https:\/\/miradordeatarfe.es\/index.php?rest_route=\/wp\/v2\/posts\/50298","targetHints":{"allow":["GET"]}}],"collection":[{"href":"https:\/\/miradordeatarfe.es\/index.php?rest_route=\/wp\/v2\/posts"}],"about":[{"href":"https:\/\/miradordeatarfe.es\/index.php?rest_route=\/wp\/v2\/types\/post"}],"author":[{"embeddable":true,"href":"https:\/\/miradordeatarfe.es\/index.php?rest_route=\/wp\/v2\/users\/1"}],"replies":[{"embeddable":true,"href":"https:\/\/miradordeatarfe.es\/index.php?rest_route=%2Fwp%2Fv2%2Fcomments&post=50298"}],"version-history":[{"count":4,"href":"https:\/\/miradordeatarfe.es\/index.php?rest_route=\/wp\/v2\/posts\/50298\/revisions"}],"predecessor-version":[{"id":50308,"href":"https:\/\/miradordeatarfe.es\/index.php?rest_route=\/wp\/v2\/posts\/50298\/revisions\/50308"}],"wp:featuredmedia":[{"embeddable":true,"href":"https:\/\/miradordeatarfe.es\/index.php?rest_route=\/wp\/v2\/media\/50306"}],"wp:attachment":[{"href":"https:\/\/miradordeatarfe.es\/index.php?rest_route=%2Fwp%2Fv2%2Fmedia&parent=50298"}],"wp:term":[{"taxonomy":"category","embeddable":true,"href":"https:\/\/miradordeatarfe.es\/index.php?rest_route=%2Fwp%2Fv2%2Fcategories&post=50298"},{"taxonomy":"post_tag","embeddable":true,"href":"https:\/\/miradordeatarfe.es\/index.php?rest_route=%2Fwp%2Fv2%2Ftags&post=50298"}],"curies":[{"name":"wp","href":"https:\/\/api.w.org\/{rel}","templated":true}]}}