{"id":50357,"date":"2021-11-24T11:46:58","date_gmt":"2021-11-24T10:46:58","guid":{"rendered":"https:\/\/miradordeatarfe.es\/?p=50357"},"modified":"2021-11-22T12:35:28","modified_gmt":"2021-11-22T11:35:28","slug":"lxs-atletas-de-atarfe-prosperan-sobre-las-ruinas-romanas-de-italica-por-manuel-jimenez","status":"publish","type":"post","link":"https:\/\/miradordeatarfe.es\/?p=50357","title":{"rendered":"\u00abLXS ATLETAS DE ATARFE PROSPERAN SOBRE LAS RUINAS ROMANAS DE IT\u00c1LICA\u00bb por Manuel Jim\u00e9nez"},"content":{"rendered":"<h3 style=\"text-align: justify;\">\u00daltimo Campeonato de Espa\u00f1a de la temporada 2021 que cierra un dif\u00edcil a\u00f1o atl\u00e9tico donde la RFEA a pesar de las restricciones de la pandemia ha podido sacar adelante todos los campeonatos programados, \u00e9ste ha sido el de Cross por clubes, 56 edici\u00f3n, celebrado junto al Cross Internacional de It\u00e1lica que alcanza su 39\u00aa edici\u00f3n, competici\u00f3n que tradicionalmente es la que m\u00e1s participantes re\u00fane por encima de los 2.000 atletas, entre ellos dos representantes de la ciudad de Atarfe.<\/h3>\n<p style=\"text-align: justify;\">En categor\u00eda sub 20 ha corrido Manuel Jim\u00e9nez L\u00f3pez dentro de las filas del GO FIT ATHLETICS con dos grandes objetivos: luchar por meterse entre los cuatro primeros espa\u00f1oles que le dar\u00edan el pasaporte directo para el Europeo de Dubl\u00edn a disputar el pr\u00f3ximo 12 de diciembre y otorgar cuantos menos puntos posibles a su club para luchar por el p\u00f3dium (recordar que la clasificaci\u00f3n por equipos la gana la escuadra que menos puntos acumula sumando la puntuaci\u00f3n de sus cuatro mejores atletas, otorg\u00e1ndose 1 punto al primero en meta, 2 puntos al segundo y as\u00ed sucesivamente).<\/p>\n<p style=\"text-align: justify;\">OBJETIVOS CUMPLIDOS, por un lado, al haber sido 5\u00ba en meta pero 4\u00ba entre los espa\u00f1oles, en principio est\u00e1 seleccionado para el Europeo en lo que ser\u00eda su tercera internacionalidad; por otro lado, ha colaborado de manera decisiva para conseguir para el GO FIT la medalla de bronce tras empatar a puntos (63) con el Cueva de Nerja dilucid\u00e1ndose la plata por la puntuaci\u00f3n del cuarto atleta del equipo en meta.<\/p>\n<p style=\"text-align: justify;\">Enorme \u00e9xito el de Manuel que hab\u00eda centrado toda la preparaci\u00f3n de este inicio de temporada en conseguir el pasaporte para Dubl\u00edn y lo ha conseguido sin ser un especialista puro en Cross, sin duda la constancia y el trabajo duro han tenido su recompensa.<\/p>\n<p style=\"text-align: justify;\"><a href=\"https:\/\/i0.wp.com\/miradordeatarfe.es\/wp-content\/uploads\/2021\/11\/IMG_0578.jpg?ssl=1\"><img data-recalc-dims=\"1\" loading=\"lazy\" decoding=\"async\" class=\"alignnone wp-image-50358 size-large\" src=\"https:\/\/i0.wp.com\/miradordeatarfe.es\/wp-content\/uploads\/2021\/11\/IMG_0578.jpg?resize=618%2C465&#038;ssl=1\" alt=\"\" width=\"618\" height=\"465\" srcset=\"https:\/\/i0.wp.com\/miradordeatarfe.es\/wp-content\/uploads\/2021\/11\/IMG_0578.jpg?resize=1024%2C770&amp;ssl=1 1024w, https:\/\/i0.wp.com\/miradordeatarfe.es\/wp-content\/uploads\/2021\/11\/IMG_0578.jpg?resize=300%2C226&amp;ssl=1 300w, https:\/\/i0.wp.com\/miradordeatarfe.es\/wp-content\/uploads\/2021\/11\/IMG_0578.jpg?resize=768%2C577&amp;ssl=1 768w, https:\/\/i0.wp.com\/miradordeatarfe.es\/wp-content\/uploads\/2021\/11\/IMG_0578.jpg?resize=1536%2C1155&amp;ssl=1 1536w, https:\/\/i0.wp.com\/miradordeatarfe.es\/wp-content\/uploads\/2021\/11\/IMG_0578.jpg?resize=1320%2C992&amp;ssl=1 1320w, https:\/\/i0.wp.com\/miradordeatarfe.es\/wp-content\/uploads\/2021\/11\/IMG_0578.jpg?w=1676&amp;ssl=1 1676w\" sizes=\"auto, (max-width: 618px) 100vw, 618px\" \/><\/a><\/p>\n<p style=\"text-align: justify;\">En categor\u00eda absoluta hemos tenido a Ana Bel\u00e9n Rodr\u00edguez S\u00e1nchez, atleta que viene protagonizando un inicio de temporada fulguroso con numerosos puestos de podium y mejorando carrera a carrera. Este campeonato era un premio para ella que le ha permitido compartir prueba con varias de las mejores especialistas mundiales, por ello sus objetivos no pod\u00edan ser otros que disfrutar del evento y aportar cu\u00e1ntos menos puntos mejor para su club, el Surco Lucena.<\/p>\n<p style=\"text-align: justify;\">OBJETIVOS CUMPLIDOS, de una parte, sensaciones encontradas pues a la dureza de la prueba ali\u00f1ada con un \u00faltimo mes en los que ha tenido que competir todos los fines de semana se une la satisfacci\u00f3n de haber disputado su primer campeonato nacional; y por otra parte, segunda clasificada del Surco Lucena, aportando 104 puntos que han contribuido al 24\u00ba lugar por conjuntos.<\/p>\n<p style=\"text-align: justify;\">Toca ahora descansar, procesar lo conseguido y recargar pilas para volver a la carga pues siendo tan vers\u00e1til frentes donde disfrutar no le van a faltar ya sea corriendo o pedaleando.<\/p>\n<p style=\"text-align: justify;\">L\u00e1stima que Angie Avila que tambi\u00e9n estaba clasificada para este campeonato en el Relevo Mixto no acudiera finalmente por renuncia de su club pues hubiera sido todo un hito que Atarfe estuviera representado por tres atletas en este nacional.<\/p>\n<p style=\"text-align: justify;\"><a href=\"https:\/\/i0.wp.com\/miradordeatarfe.es\/wp-content\/uploads\/2021\/11\/IMG_0600.jpg?ssl=1\"><img data-recalc-dims=\"1\" loading=\"lazy\" decoding=\"async\" class=\"alignnone wp-image-50360 size-large\" src=\"https:\/\/i0.wp.com\/miradordeatarfe.es\/wp-content\/uploads\/2021\/11\/IMG_0600.jpg?resize=618%2C873&#038;ssl=1\" alt=\"\" width=\"618\" height=\"873\" srcset=\"https:\/\/i0.wp.com\/miradordeatarfe.es\/wp-content\/uploads\/2021\/11\/IMG_0600.jpg?resize=725%2C1024&amp;ssl=1 725w, https:\/\/i0.wp.com\/miradordeatarfe.es\/wp-content\/uploads\/2021\/11\/IMG_0600.jpg?resize=213%2C300&amp;ssl=1 213w, https:\/\/i0.wp.com\/miradordeatarfe.es\/wp-content\/uploads\/2021\/11\/IMG_0600.jpg?resize=768%2C1084&amp;ssl=1 768w, https:\/\/i0.wp.com\/miradordeatarfe.es\/wp-content\/uploads\/2021\/11\/IMG_0600.jpg?resize=1088%2C1536&amp;ssl=1 1088w, https:\/\/i0.wp.com\/miradordeatarfe.es\/wp-content\/uploads\/2021\/11\/IMG_0600.jpg?resize=1451%2C2048&amp;ssl=1 1451w, https:\/\/i0.wp.com\/miradordeatarfe.es\/wp-content\/uploads\/2021\/11\/IMG_0600.jpg?resize=1320%2C1863&amp;ssl=1 1320w, https:\/\/i0.wp.com\/miradordeatarfe.es\/wp-content\/uploads\/2021\/11\/IMG_0600.jpg?w=1759&amp;ssl=1 1759w\" sizes=\"auto, (max-width: 618px) 100vw, 618px\" \/><\/a> <a href=\"https:\/\/i0.wp.com\/miradordeatarfe.es\/wp-content\/uploads\/2021\/11\/IMG_0605.jpg?ssl=1\"><img data-recalc-dims=\"1\" loading=\"lazy\" decoding=\"async\" class=\"alignnone wp-image-50361 size-large\" src=\"https:\/\/i0.wp.com\/miradordeatarfe.es\/wp-content\/uploads\/2021\/11\/IMG_0605.jpg?resize=618%2C852&#038;ssl=1\" alt=\"\" width=\"618\" height=\"852\" srcset=\"https:\/\/i0.wp.com\/miradordeatarfe.es\/wp-content\/uploads\/2021\/11\/IMG_0605.jpg?resize=743%2C1024&amp;ssl=1 743w, https:\/\/i0.wp.com\/miradordeatarfe.es\/wp-content\/uploads\/2021\/11\/IMG_0605.jpg?resize=218%2C300&amp;ssl=1 218w, https:\/\/i0.wp.com\/miradordeatarfe.es\/wp-content\/uploads\/2021\/11\/IMG_0605.jpg?resize=768%2C1059&amp;ssl=1 768w, https:\/\/i0.wp.com\/miradordeatarfe.es\/wp-content\/uploads\/2021\/11\/IMG_0605.jpg?resize=1114%2C1536&amp;ssl=1 1114w, https:\/\/i0.wp.com\/miradordeatarfe.es\/wp-content\/uploads\/2021\/11\/IMG_0605.jpg?w=1125&amp;ssl=1 1125w\" sizes=\"auto, (max-width: 618px) 100vw, 618px\" \/><\/a><\/p>\n<p style=\"text-align: justify;\">Fuera de concurso hemos tenido a dos atletas en la categor\u00eda Sub 16, son Gonzalo Garc\u00eda y David Vill\u00e9n, ambos del CIUDAD ATARFE, que han defendido excelentemente los colores atarfe\u00f1os, siendo 161 y 192 respectivamente.<\/p>\n<p style=\"text-align: justify;\">El s\u00e1bado se disputaron las categor\u00edas que no celebran campeonato nacional, esto es, de Sub 14 hacia abajo y la prueba popular del Cross de It\u00e1lica. En esta \u00faltima \u201cbombazo\u201d de Jos\u00e9 Antonio Justicia Ruiz que consigue un meritorio 7\u00ba lugar tras deambular en el grupo de cabeza toda la prueba. Demuestra as\u00ed que no lo habr\u00eda hecho nada mal en el campeonato estatal siendo una pena que su club el UNIVERSO RUNNING de Almer\u00eda no se clasificase finalmente debido a que \u00fanicamente ten\u00edan billete los tres primeros clubes andaluces.<\/p>\n<p style=\"text-align: justify;\">Tambi\u00e9n tomo parte en esta prueba popular Silvano Alejo Olmos del Ciudad Atarfe (63\u00ba).<\/p>\n<p style=\"text-align: justify;\">Dejamos el Cross y hablamos ahora del Duatlon donde nuestros representantes locales han dado todo un recital en el Duatlon Ciudad de M\u00e1laga, en la prueba absoluta triunfo para Angie \u00c1vila que merced a un explosivo primer segmento de carrera a pie acumul\u00f3 suficiente ventaja para mantenerla hasta meta. Primer puesto en Sub 23 para Paula Jim\u00e9nez L\u00f3pez, cuarta de la general, que fue la mejor en el postrero segmento a pie y a la que \u00fanicamente cuatro segundos la privaron de ser tercera de la clasificaci\u00f3n general. Ratifican as\u00ed las duatletas del Triclub Baby School que su triunfo en el campeonato andaluz disputado la pasada semana en Chiclana no fue casualidad sino fruto de un trabajo bien planificado.<\/p>\n<p style=\"text-align: justify;\">El disfrute de Angie fue doble pues tras vencer en la prueba absoluta pudo contemplar los progresos de sus pupilos que a continuaci\u00f3n disputan este duatl\u00f3n en categor\u00eda menores. Pleno en benjam\u00edn masculino con Santi N\u00fa\u00f1ez, Sandro Ramos e Iv\u00e1n Montoro copando el p\u00f3dium, m\u00e1s triunfos para Abril Rodr\u00edguez en prebenjam\u00edn y Vera Ramos en alev\u00edn con Daniela Tall\u00f3n segunda en benjam\u00edn. Completan expedici\u00f3n Manu 4\u00ba en prebenjam\u00edn, Samuel Montoro y Dani Soriano 4\u00ba y 7\u00ba en infantil. La lluvia no agu\u00f3 la ilusi\u00f3n y buen hacer de nuestrxs j\u00f3venes triatletas.<\/p>\n<p style=\"text-align: justify;\">A nivel provincial son varias las competiciones que han tenido lugar este fin de semana, comenzamos por la segunda jornada del Circuito Diputaci\u00f3n de Cross que llegaba a la localidad del norte de la provincia Cuevas del Campo, en Sub 8 un gran tercer puesto para Santiago Moreno Zamora, en Sub 14 las inseparables Elena Lucena y Alejandra Herrera fueron sexta y s\u00e9ptima, buenas prestaciones adem\u00e1s de Jes\u00fas Zamora, Sergio Huertas, Daniel D\u00edaz y Adri\u00e1n Huertas, entre los m\u00e1ster Indalecio Herrera es 4\u00ba en M.A, Carlos Lucena 3\u00ba en master B y Alejandro A\u00f1\u00f3n 4\u00ba en Senior, todos ellos integrantes del CIUDAD ATARFE.<\/p>\n<p style=\"text-align: justify;\">En la capital se celebra la Carrera de la Cruz Roja sobre 5 K, p\u00f3diums para Virginia L\u00f3pez &gt;(3\u00aa) y Elisabeth L\u00f3pez Lafuente (2\u00aa) en juvenil con nueve atletas del Ciudad Atarfe en meta. \u00a0\u00a0\u00a0\u00a0\u00a0\u00a0<\/p>\n<p><a href=\"https:\/\/i0.wp.com\/miradordeatarfe.es\/wp-content\/uploads\/2021\/11\/IMG_0607.jpg?ssl=1\"><img data-recalc-dims=\"1\" loading=\"lazy\" decoding=\"async\" class=\"wp-image-50362 size-large aligncenter\" src=\"https:\/\/i0.wp.com\/miradordeatarfe.es\/wp-content\/uploads\/2021\/11\/IMG_0607.jpg?resize=469%2C1024&#038;ssl=1\" alt=\"\" width=\"469\" height=\"1024\" srcset=\"https:\/\/i0.wp.com\/miradordeatarfe.es\/wp-content\/uploads\/2021\/11\/IMG_0607.jpg?resize=469%2C1024&amp;ssl=1 469w, https:\/\/i0.wp.com\/miradordeatarfe.es\/wp-content\/uploads\/2021\/11\/IMG_0607.jpg?resize=137%2C300&amp;ssl=1 137w, https:\/\/i0.wp.com\/miradordeatarfe.es\/wp-content\/uploads\/2021\/11\/IMG_0607.jpg?w=481&amp;ssl=1 481w\" sizes=\"auto, (max-width: 469px) 100vw, 469px\" \/><\/a><\/p>\n<p><a href=\"https:\/\/i0.wp.com\/miradordeatarfe.es\/wp-content\/uploads\/2021\/11\/IMG_0609.jpg?ssl=1\"><img data-recalc-dims=\"1\" loading=\"lazy\" decoding=\"async\" class=\"alignnone wp-image-50364 size-large\" src=\"https:\/\/i0.wp.com\/miradordeatarfe.es\/wp-content\/uploads\/2021\/11\/IMG_0609.jpg?resize=618%2C614&#038;ssl=1\" alt=\"\" width=\"618\" height=\"614\" srcset=\"https:\/\/i0.wp.com\/miradordeatarfe.es\/wp-content\/uploads\/2021\/11\/IMG_0609.jpg?resize=1024%2C1017&amp;ssl=1 1024w, https:\/\/i0.wp.com\/miradordeatarfe.es\/wp-content\/uploads\/2021\/11\/IMG_0609.jpg?resize=300%2C298&amp;ssl=1 300w, https:\/\/i0.wp.com\/miradordeatarfe.es\/wp-content\/uploads\/2021\/11\/IMG_0609.jpg?resize=150%2C150&amp;ssl=1 150w, https:\/\/i0.wp.com\/miradordeatarfe.es\/wp-content\/uploads\/2021\/11\/IMG_0609.jpg?resize=768%2C763&amp;ssl=1 768w, https:\/\/i0.wp.com\/miradordeatarfe.es\/wp-content\/uploads\/2021\/11\/IMG_0609.jpg?w=1125&amp;ssl=1 1125w\" sizes=\"auto, (max-width: 618px) 100vw, 618px\" \/><\/a> <a href=\"https:\/\/i0.wp.com\/miradordeatarfe.es\/wp-content\/uploads\/2021\/11\/IMG_0608.jpg?ssl=1\"><img data-recalc-dims=\"1\" loading=\"lazy\" decoding=\"async\" class=\"alignnone wp-image-50363 size-large\" src=\"https:\/\/i0.wp.com\/miradordeatarfe.es\/wp-content\/uploads\/2021\/11\/IMG_0608.jpg?resize=618%2C610&#038;ssl=1\" alt=\"\" width=\"618\" height=\"610\" srcset=\"https:\/\/i0.wp.com\/miradordeatarfe.es\/wp-content\/uploads\/2021\/11\/IMG_0608.jpg?resize=1024%2C1010&amp;ssl=1 1024w, https:\/\/i0.wp.com\/miradordeatarfe.es\/wp-content\/uploads\/2021\/11\/IMG_0608.jpg?resize=300%2C296&amp;ssl=1 300w, https:\/\/i0.wp.com\/miradordeatarfe.es\/wp-content\/uploads\/2021\/11\/IMG_0608.jpg?resize=768%2C758&amp;ssl=1 768w, https:\/\/i0.wp.com\/miradordeatarfe.es\/wp-content\/uploads\/2021\/11\/IMG_0608.jpg?w=1125&amp;ssl=1 1125w\" sizes=\"auto, (max-width: 618px) 100vw, 618px\" \/><\/a><\/p>\n","protected":false},"excerpt":{"rendered":"<p>\u00daltimo Campeonato de Espa\u00f1a de la temporada 2021 que cierra un dif\u00edcil a\u00f1o atl\u00e9tico donde&#8230;<\/p>\n","protected":false},"author":1,"featured_media":50365,"comment_status":"closed","ping_status":"closed","sticky":false,"template":"","format":"standard","meta":{"_coblocks_attr":"","_coblocks_dimensions":"","_coblocks_responsive_height":"","_coblocks_accordion_ie_support":"","jetpack_post_was_ever_published":false,"_jetpack_newsletter_access":"","_jetpack_dont_email_post_to_subs":false,"_jetpack_newsletter_tier_id":0,"_jetpack_memberships_contains_paywalled_content":false,"_jetpack_memberships_contains_paid_content":false,"footnotes":"","jetpack_publicize_message":"","jetpack_publicize_feature_enabled":true,"jetpack_social_post_already_shared":false,"jetpack_social_options":{"image_generator_settings":{"template":"highway","default_image_id":0,"enabled":false},"version":2}},"categories":[2,182,6915,44,15],"tags":[81,85,123],"class_list":["post-50357","post","type-post","status-publish","format-standard","has-post-thumbnail","hentry","category-atarfe","category-deportes","category-opinion-de-manuel-jimenez","category-noticias-de-hoy","category-ultimas-noticias","tag-atarfe","tag-atletismo","tag-deportes"],"jetpack_publicize_connections":[],"jetpack_featured_media_url":"https:\/\/i0.wp.com\/miradordeatarfe.es\/wp-content\/uploads\/2021\/11\/IMG_0606.jpg?fit=1125%2C826&ssl=1","jetpack_likes_enabled":true,"jetpack_sharing_enabled":true,"_links":{"self":[{"href":"https:\/\/miradordeatarfe.es\/index.php?rest_route=\/wp\/v2\/posts\/50357","targetHints":{"allow":["GET"]}}],"collection":[{"href":"https:\/\/miradordeatarfe.es\/index.php?rest_route=\/wp\/v2\/posts"}],"about":[{"href":"https:\/\/miradordeatarfe.es\/index.php?rest_route=\/wp\/v2\/types\/post"}],"author":[{"embeddable":true,"href":"https:\/\/miradordeatarfe.es\/index.php?rest_route=\/wp\/v2\/users\/1"}],"replies":[{"embeddable":true,"href":"https:\/\/miradordeatarfe.es\/index.php?rest_route=%2Fwp%2Fv2%2Fcomments&post=50357"}],"version-history":[{"count":2,"href":"https:\/\/miradordeatarfe.es\/index.php?rest_route=\/wp\/v2\/posts\/50357\/revisions"}],"predecessor-version":[{"id":50366,"href":"https:\/\/miradordeatarfe.es\/index.php?rest_route=\/wp\/v2\/posts\/50357\/revisions\/50366"}],"wp:featuredmedia":[{"embeddable":true,"href":"https:\/\/miradordeatarfe.es\/index.php?rest_route=\/wp\/v2\/media\/50365"}],"wp:attachment":[{"href":"https:\/\/miradordeatarfe.es\/index.php?rest_route=%2Fwp%2Fv2%2Fmedia&parent=50357"}],"wp:term":[{"taxonomy":"category","embeddable":true,"href":"https:\/\/miradordeatarfe.es\/index.php?rest_route=%2Fwp%2Fv2%2Fcategories&post=50357"},{"taxonomy":"post_tag","embeddable":true,"href":"https:\/\/miradordeatarfe.es\/index.php?rest_route=%2Fwp%2Fv2%2Ftags&post=50357"}],"curies":[{"name":"wp","href":"https:\/\/api.w.org\/{rel}","templated":true}]}}