{"id":50367,"date":"2021-11-26T11:00:31","date_gmt":"2021-11-26T10:00:31","guid":{"rendered":"https:\/\/miradordeatarfe.es\/?p=50367"},"modified":"2021-11-26T10:28:48","modified_gmt":"2021-11-26T09:28:48","slug":"en-memoria-de-jose-antonio-campos-aguilar","status":"publish","type":"post","link":"https:\/\/miradordeatarfe.es\/?p=50367","title":{"rendered":"\u00abEN MEMORIA DE JOS\u00c9 ANTONIO CAMPOS AGUILAR\u00bb por Jos\u00e9 Enrique Granados"},"content":{"rendered":"<div class=\"kvgmc6g5 cxmmr5t8 oygrvhab hcukyx3x c1et5uql ii04i59q\">\n<h3 dir=\"auto\">\u201cTemprano levant\u00f3 la muerte el vuelo, temprano madrug\u00f3 la madrugada, temprano est\u00e1s rodando por el suelo\u201d (Miguel Hern\u00e1ndez)<\/h3>\n<div dir=\"auto\">Ha pasado mas de un mes desde que te fuiste, Pich\u00ed. Me gustar\u00eda tener la sensibilidad del poeta pastor, para decir lo injusta que ha sido contigo la vida; o la muerte, seg\u00fan se mire. Pero no tengo esa capacidad, as\u00ed que me apoyo en sus versos para iniciar esta gacetilla que tengo en deuda desde tu partida.<\/div>\n<div dir=\"auto\">\u00a0<\/div>\n<\/div>\n<div class=\"o9v6fnle cxmmr5t8 oygrvhab hcukyx3x c1et5uql ii04i59q\">\n<div dir=\"auto\">Durante un tiempo, compartimos muchas vivencias, forjando una relaci\u00f3n bastante s\u00f3lida. Llevaba un tiempo sin verte. Desconoc\u00eda tu dolencia. Si no recuerdo mal, la \u00faltima vez que departimos fue haciendo la compra. Con tu alegr\u00eda desbordante, nos saludamos como siempre lo hac\u00edamos desde que nos conocimos hace ya muchos a\u00f1os, tras venirte a vivir a Atarfe desde Torrej\u00f3n de Ardoz. Hablamos de cosas superfluas, banales y sin importancia alguna. Risas y carcajadas acompa\u00f1aron la conversaci\u00f3n que hoy en mi memoria ganan fuerza, al ser la \u00faltima vez que cruzamos palabras.<\/div>\n<div dir=\"auto\">\u00a0<\/div>\n<div dir=\"auto\">Incondicional de los mediod\u00edas en la \u201cCucharita\u201d, amante de la m\u00fasica con el coro rociero \u201cSanta Ana\u201d o con la \u201cClase Media\u201d, con la guitarra o con el bajo, con el folclore o el rock and roll, pero siempre rodeado de amigos. Eras un t\u00edo excepcional, sano y alegre, tu muerte ha llenado de tristeza a todo el que te quer\u00eda.<\/div>\n<div dir=\"auto\">\u00a0<\/div>\n<div dir=\"auto\">Con los versos de otro poeta, otro m\u00e1s cercano, entras a formar parte de esta Gacetilla, historia viva de nuestro pueblo. \u201cPorque te has muerto para siempre, como todos los muertos de la tierra, como todos los muertos que se olvidan\u201d. Para que la preterici\u00f3n no ocurra.<\/div>\n<\/div>\n<div dir=\"auto\"><a href=\"https:\/\/i0.wp.com\/miradordeatarfe.es\/wp-content\/uploads\/2021\/11\/13119741_1182037648497640_3676345386546277369_o-1.jpg?ssl=1\"><img data-recalc-dims=\"1\" loading=\"lazy\" decoding=\"async\" class=\"alignnone wp-image-50372 size-full\" src=\"https:\/\/i0.wp.com\/miradordeatarfe.es\/wp-content\/uploads\/2021\/11\/13119741_1182037648497640_3676345386546277369_o-1.jpg?resize=640%2C639&#038;ssl=1\" alt=\"\" width=\"640\" height=\"639\" srcset=\"https:\/\/i0.wp.com\/miradordeatarfe.es\/wp-content\/uploads\/2021\/11\/13119741_1182037648497640_3676345386546277369_o-1.jpg?w=1126&amp;ssl=1 1126w, https:\/\/i0.wp.com\/miradordeatarfe.es\/wp-content\/uploads\/2021\/11\/13119741_1182037648497640_3676345386546277369_o-1.jpg?resize=300%2C300&amp;ssl=1 300w, https:\/\/i0.wp.com\/miradordeatarfe.es\/wp-content\/uploads\/2021\/11\/13119741_1182037648497640_3676345386546277369_o-1.jpg?resize=1024%2C1022&amp;ssl=1 1024w, https:\/\/i0.wp.com\/miradordeatarfe.es\/wp-content\/uploads\/2021\/11\/13119741_1182037648497640_3676345386546277369_o-1.jpg?resize=150%2C150&amp;ssl=1 150w, https:\/\/i0.wp.com\/miradordeatarfe.es\/wp-content\/uploads\/2021\/11\/13119741_1182037648497640_3676345386546277369_o-1.jpg?resize=768%2C767&amp;ssl=1 768w\" sizes=\"auto, (max-width: 640px) 100vw, 640px\" \/><\/a> <a href=\"https:\/\/i0.wp.com\/miradordeatarfe.es\/wp-content\/uploads\/2021\/11\/12316651_10205283549716978_6091593996737838190_n.jpg?ssl=1\"><img data-recalc-dims=\"1\" loading=\"lazy\" decoding=\"async\" class=\"alignnone wp-image-50373 size-full\" src=\"https:\/\/i0.wp.com\/miradordeatarfe.es\/wp-content\/uploads\/2021\/11\/12316651_10205283549716978_6091593996737838190_n.jpg?resize=640%2C540&#038;ssl=1\" alt=\"\" width=\"640\" height=\"540\" srcset=\"https:\/\/i0.wp.com\/miradordeatarfe.es\/wp-content\/uploads\/2021\/11\/12316651_10205283549716978_6091593996737838190_n.jpg?w=960&amp;ssl=1 960w, https:\/\/i0.wp.com\/miradordeatarfe.es\/wp-content\/uploads\/2021\/11\/12316651_10205283549716978_6091593996737838190_n.jpg?resize=300%2C253&amp;ssl=1 300w, https:\/\/i0.wp.com\/miradordeatarfe.es\/wp-content\/uploads\/2021\/11\/12316651_10205283549716978_6091593996737838190_n.jpg?resize=768%2C648&amp;ssl=1 768w\" sizes=\"auto, (max-width: 640px) 100vw, 640px\" \/><\/a><\/div>\n","protected":false},"excerpt":{"rendered":"<p>\u201cTemprano levant\u00f3 la muerte el vuelo, temprano madrug\u00f3 la madrugada, temprano est\u00e1s rodando por el&#8230;<\/p>\n","protected":false},"author":1,"featured_media":50368,"comment_status":"closed","ping_status":"closed","sticky":false,"template":"","format":"standard","meta":{"_coblocks_attr":"","_coblocks_dimensions":"","_coblocks_responsive_height":"","_coblocks_accordion_ie_support":"","jetpack_post_was_ever_published":false,"_jetpack_newsletter_access":"","_jetpack_dont_email_post_to_subs":false,"_jetpack_newsletter_tier_id":0,"_jetpack_memberships_contains_paywalled_content":false,"_jetpack_memberships_contains_paid_content":false,"footnotes":"","jetpack_publicize_message":"","jetpack_publicize_feature_enabled":true,"jetpack_social_post_already_shared":false,"jetpack_social_options":{"image_generator_settings":{"template":"highway","default_image_id":0,"enabled":false},"version":2}},"categories":[2,1161,38,44,6539,15],"tags":[8724,5230],"class_list":["post-50367","post","type-post","status-publish","format-standard","has-post-thumbnail","hentry","category-atarfe","category-ciudadania","category-opinion-de-jose-enrique-granados","category-noticias-de-hoy","category-personajes-de-ataref","category-ultimas-noticias","tag-jose-antonio-campos-aguilar","tag-obituario"],"jetpack_publicize_connections":[],"jetpack_featured_media_url":"https:\/\/i0.wp.com\/miradordeatarfe.es\/wp-content\/uploads\/2021\/11\/30612_124559087578840_4587853_n.jpg?fit=720%2C480&ssl=1","jetpack_likes_enabled":true,"jetpack_sharing_enabled":true,"_links":{"self":[{"href":"https:\/\/miradordeatarfe.es\/index.php?rest_route=\/wp\/v2\/posts\/50367","targetHints":{"allow":["GET"]}}],"collection":[{"href":"https:\/\/miradordeatarfe.es\/index.php?rest_route=\/wp\/v2\/posts"}],"about":[{"href":"https:\/\/miradordeatarfe.es\/index.php?rest_route=\/wp\/v2\/types\/post"}],"author":[{"embeddable":true,"href":"https:\/\/miradordeatarfe.es\/index.php?rest_route=\/wp\/v2\/users\/1"}],"replies":[{"embeddable":true,"href":"https:\/\/miradordeatarfe.es\/index.php?rest_route=%2Fwp%2Fv2%2Fcomments&post=50367"}],"version-history":[{"count":2,"href":"https:\/\/miradordeatarfe.es\/index.php?rest_route=\/wp\/v2\/posts\/50367\/revisions"}],"predecessor-version":[{"id":50390,"href":"https:\/\/miradordeatarfe.es\/index.php?rest_route=\/wp\/v2\/posts\/50367\/revisions\/50390"}],"wp:featuredmedia":[{"embeddable":true,"href":"https:\/\/miradordeatarfe.es\/index.php?rest_route=\/wp\/v2\/media\/50368"}],"wp:attachment":[{"href":"https:\/\/miradordeatarfe.es\/index.php?rest_route=%2Fwp%2Fv2%2Fmedia&parent=50367"}],"wp:term":[{"taxonomy":"category","embeddable":true,"href":"https:\/\/miradordeatarfe.es\/index.php?rest_route=%2Fwp%2Fv2%2Fcategories&post=50367"},{"taxonomy":"post_tag","embeddable":true,"href":"https:\/\/miradordeatarfe.es\/index.php?rest_route=%2Fwp%2Fv2%2Ftags&post=50367"}],"curies":[{"name":"wp","href":"https:\/\/api.w.org\/{rel}","templated":true}]}}