{"id":5038,"date":"2015-12-08T08:50:12","date_gmt":"2015-12-08T08:50:12","guid":{"rendered":"http:\/\/miradordeatarfe.es\/?p=5038"},"modified":"2015-12-09T10:05:59","modified_gmt":"2015-12-09T10:05:59","slug":"curso-de-formacion-para-el-cuidado-de-personas-dependientes","status":"publish","type":"post","link":"https:\/\/miradordeatarfe.es\/?p=5038","title":{"rendered":"Curso de formaci\u00f3n para el cuidado de personas dependientes"},"content":{"rendered":"<p><span class=\"contenidos_subtitulo\">UGT organiza un curso para la gesti\u00f3n de la unidad familiar, mantenimiento, limpieza y mejora de las actividades f\u00edsicas de los dependientes. El plazo de solicitud es del 3 de diciembre al 4 de enero.<br \/>\n<\/span><!--more-->El sindicato UGT organiza un <strong>curso de gesti\u00f3n de la unidad familiar, mantenimiento, limpieza y mejora de las actividades f\u00edsicas de las personas dependientes<\/strong>. La inauguraci\u00f3n est\u00e1 prevista para el 19 de enero en el Centro Cultural Medina Elvira y el curso de formaci\u00f3n constar\u00e1 de 200 horas lectivas modalidad semipresencial.<\/p>\n<p>Se trata de un curso para aprender a prestar ayuda a personas que no pueden valerse por si mismos y hacer una vida normal, lo que se conoce como ayuda a domicilio.<\/p>\n<p><strong><u>El plazo de solicitud es del 3 de diciembre al 4 de enero de 2016<\/u><\/strong>. Las clases presenciales ser\u00e1n el 2 y el 16 de febrero, y el 1 y 15 de marzo.<\/p>\n<p>El <strong><u>precio <\/u><\/strong>del curso es gratis para los afiliados con m\u00e1s de seis meses de antig\u00fcedad en el sindicato UGT. Los afiliados con menos de seis meses deber\u00e1n abonar 25 euros, mientras que los no afiliados pagar\u00e1n 50 euros.<\/p>\n","protected":false},"excerpt":{"rendered":"<p>UGT organiza un curso para la gesti\u00f3n de la unidad familiar, mantenimiento, limpieza y mejora&#8230;<\/p>\n","protected":false},"author":1,"featured_media":5040,"comment_status":"closed","ping_status":"closed","sticky":false,"template":"","format":"standard","meta":{"_coblocks_attr":"","_coblocks_dimensions":"","_coblocks_responsive_height":"","_coblocks_accordion_ie_support":"","jetpack_post_was_ever_published":false,"_jetpack_newsletter_access":"","_jetpack_dont_email_post_to_subs":false,"_jetpack_newsletter_tier_id":0,"_jetpack_memberships_contains_paywalled_content":false,"_jetpack_memberships_contains_paid_content":false,"footnotes":"","jetpack_publicize_message":"","jetpack_publicize_feature_enabled":true,"jetpack_social_post_already_shared":false,"jetpack_social_options":{"image_generator_settings":{"template":"highway","default_image_id":0,"enabled":false},"version":2}},"categories":[2,9,15],"tags":[1026,1769,76,1768],"class_list":["post-5038","post","type-post","status-publish","format-standard","has-post-thumbnail","hentry","category-atarfe","category-medio-ambiente","category-ultimas-noticias","tag-bienestar","tag-dependientes","tag-formacion","tag-ugt"],"jetpack_publicize_connections":[],"jetpack_featured_media_url":"https:\/\/i0.wp.com\/miradordeatarfe.es\/wp-content\/uploads\/2015\/12\/dependencia_clausura_cursos-564x350.jpg?fit=564%2C350&ssl=1","jetpack_likes_enabled":true,"jetpack_sharing_enabled":true,"_links":{"self":[{"href":"https:\/\/miradordeatarfe.es\/index.php?rest_route=\/wp\/v2\/posts\/5038","targetHints":{"allow":["GET"]}}],"collection":[{"href":"https:\/\/miradordeatarfe.es\/index.php?rest_route=\/wp\/v2\/posts"}],"about":[{"href":"https:\/\/miradordeatarfe.es\/index.php?rest_route=\/wp\/v2\/types\/post"}],"author":[{"embeddable":true,"href":"https:\/\/miradordeatarfe.es\/index.php?rest_route=\/wp\/v2\/users\/1"}],"replies":[{"embeddable":true,"href":"https:\/\/miradordeatarfe.es\/index.php?rest_route=%2Fwp%2Fv2%2Fcomments&post=5038"}],"version-history":[{"count":1,"href":"https:\/\/miradordeatarfe.es\/index.php?rest_route=\/wp\/v2\/posts\/5038\/revisions"}],"predecessor-version":[{"id":5039,"href":"https:\/\/miradordeatarfe.es\/index.php?rest_route=\/wp\/v2\/posts\/5038\/revisions\/5039"}],"wp:featuredmedia":[{"embeddable":true,"href":"https:\/\/miradordeatarfe.es\/index.php?rest_route=\/wp\/v2\/media\/5040"}],"wp:attachment":[{"href":"https:\/\/miradordeatarfe.es\/index.php?rest_route=%2Fwp%2Fv2%2Fmedia&parent=5038"}],"wp:term":[{"taxonomy":"category","embeddable":true,"href":"https:\/\/miradordeatarfe.es\/index.php?rest_route=%2Fwp%2Fv2%2Fcategories&post=5038"},{"taxonomy":"post_tag","embeddable":true,"href":"https:\/\/miradordeatarfe.es\/index.php?rest_route=%2Fwp%2Fv2%2Ftags&post=5038"}],"curies":[{"name":"wp","href":"https:\/\/api.w.org\/{rel}","templated":true}]}}