{"id":5041,"date":"2015-12-04T10:56:20","date_gmt":"2015-12-04T10:56:20","guid":{"rendered":"http:\/\/miradordeatarfe.es\/?p=5041"},"modified":"2015-12-05T09:42:11","modified_gmt":"2015-12-05T09:42:11","slug":"programa-de-actividades-con-motivo-del-dia-del-voluntariado","status":"publish","type":"post","link":"https:\/\/miradordeatarfe.es\/?p=5041","title":{"rendered":"Programa de actividades con motivo del D\u00eda del Voluntariado"},"content":{"rendered":"<p><span class=\"contenidos_subtitulo\">Distintos colectivos y asociaciones sin \u00e1nimo de lucro se re\u00fanen este viernes en el Centro Cultural Medina Elvira para informar sobre el papel tan importante que juega el voluntariado en la sociedad.<br \/>\n<\/span><!--more--><\/p>\n<p><img data-recalc-dims=\"1\" decoding=\"async\" src=\"https:\/\/i0.wp.com\/www.ciudadatarfe.com\/data\/fotos_contenidos_web\/1435_1735_20151203111248.jpg?w=640\" alt=\"\" border=\"0\" \/><\/p>\n<p>Este viernes, 4 de diciembre, se celebra el <strong>D\u00eda Internacional del Voluntariado<\/strong> con un programa de actividades para dar a conocer la labor que desempe\u00f1an en Atarfe las asociaciones y colectivos sin \u00e1nimo de lucro. El programa de actos tiene lugar en el <strong>Centro Cultural Medina Elvira<\/strong> a partir de las 16 horas donde las distintas asociaciones instalar\u00e1n sus stands para informar a todos aquellos vecinos que se interesen por su trabajo.<\/p>\n<p>A partir de las 18:15 horas se celebrar\u00e1 una mesa redonda sobre el papel del voluntariado que ser\u00e1 retransmitida en directo por\u00a0<a class=\"enlaces_contenidos\" href=\"http:\/\/www.radioiliberis.com.es\/\" target=\"_blank\">Radio Il\u00edberis (101.5 de FM)<\/a>\u00a0en la que participan los portavoces de los distintos colectivos.<\/p>\n<p>Entre las asociaciones que participan en el D\u00eda del Voluntariado figuran <strong>Protecci\u00f3n Civil<\/strong>, S<strong>top Desahucios Atarfe<\/strong>, <strong>Asociaci\u00f3n para la Integraci\u00f3n de Enfermos y Minusv\u00e1lidos de Atarfe (APIEMA)<\/strong>, <strong>Asociaci\u00f3n Espa\u00f1ola Contra el C\u00e1ncer<\/strong>, <strong>AMPA El Coliseo del Colegio de Educaci\u00f3n Infantil y Primaria Fernando de los R\u00edos<\/strong>, <strong>Fundaci\u00f3n Escuela de Solidaridad<\/strong>,<strong> Asociaci\u00f3n Homa Digno<\/strong>, <strong>Asociaci\u00f3n Chavorros<\/strong> y<strong> Fundaci\u00f3n Sierra Elvira<\/strong>.<\/p>\n<p>La concejal de Cultura, <strong>Fabiola Garc\u00eda Montijano<\/strong>, ha destacado \u00abla importante labor que desarrolla el voluntariado en los momentos especialmente complicados, la ayuda que prestan en situaciones de emergencia y de crisis, sin la cual ser\u00eda imposible llegar a las personas m\u00e1s desprotegidas\u00bb. Tambi\u00e9n ha subrayado el hecho que \u00abha aumentado el inter\u00e9s de los ciudadanos por ayudar y aportar su granito de arena en momentos dif\u00edciles\u00bb, y ha elogiado la \u00abprofesionalizaci\u00f3n de muchos de los colectivos\u00bb.<\/p>\n<p>&nbsp;<\/p>\n","protected":false},"excerpt":{"rendered":"<p>Distintos colectivos y asociaciones sin \u00e1nimo de lucro se re\u00fanen este viernes en el Centro&#8230;<\/p>\n","protected":false},"author":1,"featured_media":5043,"comment_status":"closed","ping_status":"closed","sticky":false,"template":"","format":"standard","meta":{"_coblocks_attr":"","_coblocks_dimensions":"","_coblocks_responsive_height":"","_coblocks_accordion_ie_support":"","jetpack_post_was_ever_published":false,"_jetpack_newsletter_access":"","_jetpack_dont_email_post_to_subs":false,"_jetpack_newsletter_tier_id":0,"_jetpack_memberships_contains_paywalled_content":false,"_jetpack_memberships_contains_paid_content":false,"footnotes":"","jetpack_publicize_message":"","jetpack_publicize_feature_enabled":true,"jetpack_social_post_already_shared":false,"jetpack_social_options":{"image_generator_settings":{"template":"highway","default_image_id":0,"enabled":false},"version":2}},"categories":[2,15],"tags":[1227,81,1751],"class_list":["post-5041","post","type-post","status-publish","format-standard","has-post-thumbnail","hentry","category-atarfe","category-ultimas-noticias","tag-asociaciones","tag-atarfe","tag-voluntariado"],"jetpack_publicize_connections":[],"jetpack_featured_media_url":"https:\/\/i0.wp.com\/miradordeatarfe.es\/wp-content\/uploads\/2015\/12\/VO.png?fit=269%2C187&ssl=1","jetpack_likes_enabled":true,"jetpack_sharing_enabled":true,"_links":{"self":[{"href":"https:\/\/miradordeatarfe.es\/index.php?rest_route=\/wp\/v2\/posts\/5041","targetHints":{"allow":["GET"]}}],"collection":[{"href":"https:\/\/miradordeatarfe.es\/index.php?rest_route=\/wp\/v2\/posts"}],"about":[{"href":"https:\/\/miradordeatarfe.es\/index.php?rest_route=\/wp\/v2\/types\/post"}],"author":[{"embeddable":true,"href":"https:\/\/miradordeatarfe.es\/index.php?rest_route=\/wp\/v2\/users\/1"}],"replies":[{"embeddable":true,"href":"https:\/\/miradordeatarfe.es\/index.php?rest_route=%2Fwp%2Fv2%2Fcomments&post=5041"}],"version-history":[{"count":1,"href":"https:\/\/miradordeatarfe.es\/index.php?rest_route=\/wp\/v2\/posts\/5041\/revisions"}],"predecessor-version":[{"id":5044,"href":"https:\/\/miradordeatarfe.es\/index.php?rest_route=\/wp\/v2\/posts\/5041\/revisions\/5044"}],"wp:featuredmedia":[{"embeddable":true,"href":"https:\/\/miradordeatarfe.es\/index.php?rest_route=\/wp\/v2\/media\/5043"}],"wp:attachment":[{"href":"https:\/\/miradordeatarfe.es\/index.php?rest_route=%2Fwp%2Fv2%2Fmedia&parent=5041"}],"wp:term":[{"taxonomy":"category","embeddable":true,"href":"https:\/\/miradordeatarfe.es\/index.php?rest_route=%2Fwp%2Fv2%2Fcategories&post=5041"},{"taxonomy":"post_tag","embeddable":true,"href":"https:\/\/miradordeatarfe.es\/index.php?rest_route=%2Fwp%2Fv2%2Ftags&post=5041"}],"curies":[{"name":"wp","href":"https:\/\/api.w.org\/{rel}","templated":true}]}}