{"id":50416,"date":"2021-11-27T11:00:11","date_gmt":"2021-11-27T10:00:11","guid":{"rendered":"https:\/\/miradordeatarfe.es\/?p=50416"},"modified":"2022-02-12T12:19:56","modified_gmt":"2022-02-12T11:19:56","slug":"nuestro-vecino-manuel-jimenez-ia-a-al-europeo-de-atletismo-en-dublin","status":"publish","type":"post","link":"https:\/\/miradordeatarfe.es\/?p=50416","title":{"rendered":"NUESTRO VECINO MANUEL J\u00cdMENEZ I\u00c1 A AL EUROPEO DE ATLETISMO EN DUBL\u00cdN"},"content":{"rendered":"<h3 style=\"text-align: justify;\">Manuel Jim\u00e9nez acaba quinto en el Cross de It\u00e1lica e ir\u00e1 al Europeo en Dubl\u00edn. El Maracena consigue la medalla de plata por equipos en el Nacional de Marat\u00f3n m\u00e1ster en Maspalomas.<\/h3>\n<p class=\"voc-paragraph\" style=\"text-align: justify;\">Manuel Jim\u00e9nez acab\u00f3 quinto en la general como el cuarto mejor espa\u00f1ol en la carrera sub-20 del Cross Internacional de It\u00e1lica, a su vez Campeonato de Espa\u00f1a de campo a trav\u00e9s por clubes, celebrada en el hist\u00f3rico enclave de las ruinas de la localidad sevillana de Santiponce. El fondista granadino del club Go Fit Athletics, que acab\u00f3 tercero en el triunfo del Playas de Castell\u00f3n con \u00e9l como mejor representante, obtuvo a su vez la clasificaci\u00f3n directa para el Campeonato de Europa de Dubl\u00edn (Irlanda) el pr\u00f3ximo 12 de diciembre. El pupilo de Eduardo Ramos, natural de Atarfe, volver\u00e1 a vestirse con los colores de la selecci\u00f3n nacional como ya hizo la temporada pasada en los 3.000 metros lisos del Campeonato de Europa sub-20 de Tallin (Estonia), en el que lleg\u00f3 a la final.<\/p>\n<p class=\"voc-paragraph\" style=\"text-align: justify;\">\u00ab<em>El primer objetivo claro desde que planteamos esta nueva temporada era la clasificaci\u00f3n para Dubl\u00edn, ya que hace unos a\u00f1os ve\u00eda el campeonato en la tele y quer\u00eda pelearlo<\/em>\u00bb, cuenta Manuel Jim\u00e9nez a IDEAL. \u00abLa semana fue dif\u00edcil porque hab\u00eda corrido en Atapuerca y no tuve buenas sensaciones. Me vinieron los t\u00edpicos fantasmas, pero mi entrenador y mis compa\u00f1eros me dieron mucha tranquilidad y confianza. Estoy muy feliz por c\u00f3mo corr\u00ed y por la clasificaci\u00f3n directa para el Europeo\u00bb, admiti\u00f3.<\/p>\n<p class=\"voc-paragraph\" style=\"text-align: justify;\">El granadino consigui\u00f3 una marca de 16 minutos y 18 segundos para la distancia de 5.445 metros, a solo diez segundos del ganador El Mehdi El Nabaoui, del Playas de Castell\u00f3n, club que se hizo con los t\u00edtulos absolutos, sub-23 y sub-20 entre los hombres y con los sub-23 y sub-20 entre las mujeres. El absoluto femenino fue para el FC Barelona. En el relevo mixto, el motrile\u00f1o Benamar Djella contribuy\u00f3 al cuarto puesto del Nerja. Entre otros granadinos, Pablo S\u00e1nchez (Surco Lucena) acab\u00f3 en la 50\u00aa posici\u00f3n en los 10.100 metros con un tiempo de 31 minutos y 22 segundos mientras que Andr\u00e9s Serrano (CAPEX) fue 87\u00ba con una marca de 32 minutos y 41 segundos. El Cross Internacional de It\u00e1lica fue ante todo un \u00e9xito de participaci\u00f3n global, con 2.174 atletas de 187 clubes diferentes.<\/p>\n<div class=\"voc-detail__cmp voc-detail__cmp--title voc-detail__cmp--no-margin\" style=\"text-align: justify;\">\n<h3 class=\"voc-detail__title\">Veteranos<\/h3>\n<\/div>\n<p class=\"voc-paragraph\" style=\"text-align: justify;\">El pasado fin de semana se celebr\u00f3 tambi\u00e9n el Campeonato de Espa\u00f1a de marat\u00f3n m\u00e1ster en la localidad grancanaria de Maspalomas. All\u00ed brillaron los veteranos del club de Maracena, segundo mejor equipo tras el Rajaos Runners con un tiempo total de 9:22:52 entre las marcas de sus tres mejores integrantes. El m\u00e1s destacado fue Javier Melguizo, decimotercero de la general y quinto en la clasificaci\u00f3n para 45 a\u00f1os con un tiempo de dos horas, 46 minutos y 17 segundos.<\/p>\n<p class=\"voc-paragraph\" style=\"text-align: justify;\">Tambi\u00e9n aportaron al triunfo colectivo del Maracena los corredores \u00d3scar Vicente Alarc\u00f3n y Jos\u00e9 Ram\u00f3n Arredondo. Alarc\u00f3n fue 34\u00ba de la general y d\u00e9cimo en la clasificaci\u00f3n de 50 a\u00f1os, con un tiempo de tres horas, siete minutos y 55 segundos; mientras que Arredondo acab\u00f3 en la 52\u00aa posici\u00f3n y octavo entre los de 55 a\u00f1os. Junto a ellos particip\u00f3 el ilustre presidente Enrique Carmona, 54\u00ba en la general y quinto entre aquellos participantes de 60 a\u00f1os con una marca de tres horas, 29 minutos y 55 segundos. Zhor El Amrani, su esposa, fue 44\u00aa de la general entre hombres y mujeres y quinta en el tramo de edad de 45 a\u00f1os con un tiempo de tres horas, 19 minutos y 35 segundos.<\/p>\n<h2 class=\"voc-sub-title\"><a class=\"voc-author\" style=\"font-size: 16px;\" title=\"JOS\u00c9 IGNACIO CEJUDO\" href=\"https:\/\/www.ideal.es\/autor\/jose-ignacio-cejudo-1091.html\">JOS\u00c9 IGNACIO CEJUDO<\/a><\/h2>\n<div class=\"voc-article-container\">\n<article class=\"voc-article voc-article--detail voc-article--detail--base voc-article--photo-bottom\">\n<div class=\"voc-img-container  \">\n<p class=\"figure-caption\">Manuel Jim\u00e9nez se emociona con su resultado. \/\u00a0<span class=\"voc-photo-author\">SPORTMEDIA<\/span><\/p>\n<\/div>\n<div class=\"voc-info-container\">\n<h2 class=\"voc-sub-title\">\u00a0<\/h2>\n<\/div>\n<\/article>\n<\/div>\n","protected":false},"excerpt":{"rendered":"<p>Manuel Jim\u00e9nez acaba quinto en el Cross de It\u00e1lica e ir\u00e1 al Europeo en Dubl\u00edn&#8230;.<\/p>\n","protected":false},"author":1,"featured_media":50417,"comment_status":"closed","ping_status":"closed","sticky":false,"template":"","format":"standard","meta":{"_coblocks_attr":"","_coblocks_dimensions":"","_coblocks_responsive_height":"","_coblocks_accordion_ie_support":"","jetpack_post_was_ever_published":false,"_jetpack_newsletter_access":"","_jetpack_dont_email_post_to_subs":false,"_jetpack_newsletter_tier_id":0,"_jetpack_memberships_contains_paywalled_content":false,"_jetpack_memberships_contains_paid_content":false,"footnotes":"","jetpack_publicize_message":"","jetpack_publicize_feature_enabled":true,"jetpack_social_post_already_shared":false,"jetpack_social_options":{"image_generator_settings":{"template":"highway","default_image_id":0,"enabled":false},"version":2}},"categories":[2,182,6915,44,6539,6937,15],"tags":[81,85,6891],"class_list":["post-50416","post","type-post","status-publish","format-standard","has-post-thumbnail","hentry","category-atarfe","category-deportes","category-opinion-de-manuel-jimenez","category-noticias-de-hoy","category-personajes-de-ataref","category-sociedad","category-ultimas-noticias","tag-atarfe","tag-atletismo","tag-manuel-jimenez"],"jetpack_publicize_connections":[],"jetpack_featured_media_url":"https:\/\/i0.wp.com\/miradordeatarfe.es\/wp-content\/uploads\/2021\/11\/atletismo-manuel-jimenez-kZ9F-U16035515652ohC-624x385%40Ideal.jpg?fit=623%2C385&ssl=1","jetpack_likes_enabled":true,"jetpack_sharing_enabled":true,"_links":{"self":[{"href":"https:\/\/miradordeatarfe.es\/index.php?rest_route=\/wp\/v2\/posts\/50416","targetHints":{"allow":["GET"]}}],"collection":[{"href":"https:\/\/miradordeatarfe.es\/index.php?rest_route=\/wp\/v2\/posts"}],"about":[{"href":"https:\/\/miradordeatarfe.es\/index.php?rest_route=\/wp\/v2\/types\/post"}],"author":[{"embeddable":true,"href":"https:\/\/miradordeatarfe.es\/index.php?rest_route=\/wp\/v2\/users\/1"}],"replies":[{"embeddable":true,"href":"https:\/\/miradordeatarfe.es\/index.php?rest_route=%2Fwp%2Fv2%2Fcomments&post=50416"}],"version-history":[{"count":1,"href":"https:\/\/miradordeatarfe.es\/index.php?rest_route=\/wp\/v2\/posts\/50416\/revisions"}],"predecessor-version":[{"id":50418,"href":"https:\/\/miradordeatarfe.es\/index.php?rest_route=\/wp\/v2\/posts\/50416\/revisions\/50418"}],"wp:featuredmedia":[{"embeddable":true,"href":"https:\/\/miradordeatarfe.es\/index.php?rest_route=\/wp\/v2\/media\/50417"}],"wp:attachment":[{"href":"https:\/\/miradordeatarfe.es\/index.php?rest_route=%2Fwp%2Fv2%2Fmedia&parent=50416"}],"wp:term":[{"taxonomy":"category","embeddable":true,"href":"https:\/\/miradordeatarfe.es\/index.php?rest_route=%2Fwp%2Fv2%2Fcategories&post=50416"},{"taxonomy":"post_tag","embeddable":true,"href":"https:\/\/miradordeatarfe.es\/index.php?rest_route=%2Fwp%2Fv2%2Ftags&post=50416"}],"curies":[{"name":"wp","href":"https:\/\/api.w.org\/{rel}","templated":true}]}}