{"id":5046,"date":"2015-12-05T09:10:36","date_gmt":"2015-12-05T09:10:36","guid":{"rendered":"http:\/\/miradordeatarfe.es\/?p=5046"},"modified":"2015-12-08T17:01:53","modified_gmt":"2015-12-08T17:01:53","slug":"iii-muestra-de-teatro-aficionado-ciudad-de-atarfe","status":"publish","type":"post","link":"https:\/\/miradordeatarfe.es\/?p=5046","title":{"rendered":"III MUESTRA DE TEATRO AFICIONADO \u201c CIUDAD DE ATARFE\u201d"},"content":{"rendered":"<p>DEL 10 AL 13 DE DICIEMBRE DE 2015 se va a celebrar la III Muestra de Teatro de aficcionado en el Centro Cultural Medina Elvira de Atarfe con el siguiente programa. en el os relatamos eld\u00eda , la hora , la obra a representar y una sinopsis de la misma<!--more--><u><br \/>\n<\/u><\/p>\n<p><strong><u>JUEVES 10 DE DICIEMBRE:<\/u><\/strong><\/p>\n<p><u>Hora:<\/u> 20.00 h<\/p>\n<p><u>Grupo <\/u>: ASOCIACI\u00d3N ART\u00cdSTICA Y CULTURAL \u201c CIUDAD DE ATARFE\u201d<\/p>\n<p><u>Obra<\/u>: MONKSWELL MANOR \u2013 CASA DE HUESPEDES.<\/p>\n<p><a href=\"https:\/\/i0.wp.com\/miradordeatarfe.es\/wp-content\/uploads\/2015\/12\/MonkswellManor.jpg?ssl=1\"><img data-recalc-dims=\"1\" loading=\"lazy\" decoding=\"async\" class=\"alignnone wp-image-5047\" src=\"https:\/\/i0.wp.com\/miradordeatarfe.es\/wp-content\/uploads\/2015\/12\/MonkswellManor.jpg?resize=382%2C540&#038;ssl=1\" alt=\"MonkswellManor\" width=\"382\" height=\"540\" srcset=\"https:\/\/i0.wp.com\/miradordeatarfe.es\/wp-content\/uploads\/2015\/12\/MonkswellManor.jpg?w=572&amp;ssl=1 572w, https:\/\/i0.wp.com\/miradordeatarfe.es\/wp-content\/uploads\/2015\/12\/MonkswellManor.jpg?resize=212%2C300&amp;ssl=1 212w\" sizes=\"auto, (max-width: 382px) 100vw, 382px\" \/><\/a><\/p>\n<p><u>SINOPSIS DE LA OBRA<\/u><\/p>\n<p>La obra se desarrolla en la estancia principal de una Casa de Hu\u00e9spedes, situada a las afueras de Londres. All\u00ed se encuentran atrapados, por problemas meteorol\u00f3gicos, ocho personas envueltas, de un modo u otro, en un crimen que debe ser resuelto.<\/p>\n<p>Una obra de intriga, adaptaci\u00f3n de una novela de Agatha Christie, en donde se mezcla el misterio y el humor y en donde el espectador se ve rodeado de un aire de suspense que lo atrapa hasta el final de la obra.Una extraordinaria puesta en escena y una elaborada decoraci\u00f3n que trasladan al espectador a la Inglaterra de los a\u00f1os 50 del pasado siglo, \u00e9poca en la que transcurre la trama de la obra.<\/p>\n<p><u>REPARTO<\/u><\/p>\n<p>&nbsp;<\/p>\n<ul>\n<li>Mayor Metcalf: Francisco Javier Lucena Arguelles<\/li>\n<li>Paravicini: M\u00aa Carmen Herrera Prados<\/li>\n<li>Srta Casewell: M\u00aa Mercedes Beltr\u00e1n Jim\u00e9nez<\/li>\n<li>Giles Ralston: Victor M. Rivera Rueda<\/li>\n<li>Mollie Ralston: M\u00aa Angustias Herrera Prados<\/li>\n<li>Christopher Wren: Elena Prados G\u00f3mez<\/li>\n<li>Sra Boyle: Juanita Haro Garc\u00eda<\/li>\n<li>Sargento Trotter: Lu\u00eds Javier S\u00e1nchez Moreno<\/li>\n<\/ul>\n<p><u>DIRECCI\u00d3N:<\/u> V\u00edctor M Rivera Rueda<\/p>\n<p>&nbsp;<\/p>\n<p><strong><u>VIERNES 11 DE DICIEMBRE:<\/u><\/strong><\/p>\n<p><u>Hora:<\/u> 20,30 h<\/p>\n<p>GRUPO MUNICIPAL DE TEATRO DE ARMILLA<\/p>\n<p><u>Obra:<\/u> PRESUNTAMENTE<\/p>\n<p><a href=\"https:\/\/i0.wp.com\/miradordeatarfe.es\/wp-content\/uploads\/2015\/12\/PRESUNTAMENTE-1.jpg?ssl=1\"><img data-recalc-dims=\"1\" loading=\"lazy\" decoding=\"async\" class=\"alignnone wp-image-5049\" src=\"https:\/\/i0.wp.com\/miradordeatarfe.es\/wp-content\/uploads\/2015\/12\/PRESUNTAMENTE-1.jpg?resize=531%2C727&#038;ssl=1\" alt=\"PRESUNTAMENTE (1)\" width=\"531\" height=\"727\" srcset=\"https:\/\/i0.wp.com\/miradordeatarfe.es\/wp-content\/uploads\/2015\/12\/PRESUNTAMENTE-1.jpg?w=1600&amp;ssl=1 1600w, https:\/\/i0.wp.com\/miradordeatarfe.es\/wp-content\/uploads\/2015\/12\/PRESUNTAMENTE-1.jpg?resize=219%2C300&amp;ssl=1 219w, https:\/\/i0.wp.com\/miradordeatarfe.es\/wp-content\/uploads\/2015\/12\/PRESUNTAMENTE-1.jpg?resize=747%2C1024&amp;ssl=1 747w, https:\/\/i0.wp.com\/miradordeatarfe.es\/wp-content\/uploads\/2015\/12\/PRESUNTAMENTE-1.jpg?resize=600%2C822&amp;ssl=1 600w, https:\/\/i0.wp.com\/miradordeatarfe.es\/wp-content\/uploads\/2015\/12\/PRESUNTAMENTE-1.jpg?w=1280&amp;ssl=1 1280w\" sizes=\"auto, (max-width: 531px) 100vw, 531px\" \/><\/a><\/p>\n<p><u>SINOPSIS DE LA OBRA<\/u><\/p>\n<p>El grupo Municipal de Teatro de Armilla pone en escena la obra \u201c PRESUNTAMENTE\u201d, texto original de Silvia Gal\u00e1n. Una obra de plena actualidad, donde se ahonda en la problem\u00e1tica social. Una obra amena y muy interesante desde todos los puntos de vista. Una magnifica interpretaci\u00f3n avalada por la trayectoria art\u00edstica del grupo.<\/p>\n<p><u>DIRECCI\u00d3N<\/u>: Ildefonso Guti\u00e9rrez<\/p>\n<p>&nbsp;<\/p>\n<p><u><strong>\u00a0S\u00c1BADO 12 DE DICIEMBRE<\/strong>:<\/u><\/p>\n<p><u>Hora<\/u>: 20,30h.<\/p>\n<p><u>Grupo:<\/u> LOS ALJIBES ( GRANADA)<\/p>\n<p><u>Obra:<\/u> Factor Cero<\/p>\n<p><a href=\"https:\/\/i0.wp.com\/miradordeatarfe.es\/wp-content\/uploads\/2015\/12\/teatro-aljibes-1.jpg?ssl=1\"><img data-recalc-dims=\"1\" loading=\"lazy\" decoding=\"async\" class=\"alignnone size-full wp-image-5050\" src=\"https:\/\/i0.wp.com\/miradordeatarfe.es\/wp-content\/uploads\/2015\/12\/teatro-aljibes-1.jpg?resize=299%2C448&#038;ssl=1\" alt=\"teatro aljibes 1\" width=\"299\" height=\"448\" srcset=\"https:\/\/i0.wp.com\/miradordeatarfe.es\/wp-content\/uploads\/2015\/12\/teatro-aljibes-1.jpg?w=299&amp;ssl=1 299w, https:\/\/i0.wp.com\/miradordeatarfe.es\/wp-content\/uploads\/2015\/12\/teatro-aljibes-1.jpg?resize=200%2C300&amp;ssl=1 200w\" sizes=\"auto, (max-width: 299px) 100vw, 299px\" \/><\/a><\/p>\n<p><u>SINOPSIS DE LA OBRA:<\/u><\/p>\n<p>El desarrollo de la obra se produce en un futuro pr\u00f3ximo. En ella se hago eco de los cambios tan r\u00e1pidos que se est\u00e1n produciendo en nuestra sociedad.<\/p>\n<p>A trav\u00e9s de un pol\u00edtico y una prostituta, personajes principales, viejos amigos ambos, se hace un peque\u00f1o repaso de la situaci\u00f3n social e ideol\u00f3gica actual. Todo ello aderezado con el punto de vista y los valores personales del resto de los ocho personajes secundarios, que aportan a los personajes principales sus propias experiencias personales.<\/p>\n<p>La sensibilidad, delicadeza y humor impregnan los di\u00e1logos y el conjunto de la obra. El final de la obra, una votaci\u00f3n y el p\u00fablico, lo deciden.<\/p>\n<p>&nbsp;<\/p>\n<p><strong><u>DOMINGO 13 DE DICIEMBRE<\/u>.<\/strong><\/p>\n<p><u>Hora:<\/u> 19.00h<\/p>\n<p><u>Grupo<\/u>: ASOCIACI\u00d3N ARTISTICA Y CULTURAL \u201cCIUDAD DE ATARFE\u201d (infantil)<\/p>\n<p><u>Obra:<\/u> Las mil y una noches.<\/p>\n<p><a href=\"https:\/\/i0.wp.com\/miradordeatarfe.es\/wp-content\/uploads\/2015\/12\/1001-Noches.jpg?ssl=1\"><img data-recalc-dims=\"1\" loading=\"lazy\" decoding=\"async\" class=\"alignnone  wp-image-5067\" src=\"https:\/\/i0.wp.com\/miradordeatarfe.es\/wp-content\/uploads\/2015\/12\/1001-Noches.jpg?resize=360%2C509&#038;ssl=1\" alt=\"1001 Noches\" width=\"360\" height=\"509\" srcset=\"https:\/\/i0.wp.com\/miradordeatarfe.es\/wp-content\/uploads\/2015\/12\/1001-Noches.jpg?w=572&amp;ssl=1 572w, https:\/\/i0.wp.com\/miradordeatarfe.es\/wp-content\/uploads\/2015\/12\/1001-Noches.jpg?resize=212%2C300&amp;ssl=1 212w\" sizes=\"auto, (max-width: 360px) 100vw, 360px\" \/><\/a><\/p>\n<p><u>SINOPSIS DE LA OBRA<\/u><\/p>\n<p>El grupo infantil de la Escuela de Teatro de Atarfe pone en escena esta obra de teatro donde han dado vida a personajes cl\u00e1sicos de la literatura universal. Pese a la edad de algunos de sus protagonistas \u2013 los m\u00e1s peque\u00f1os de 4 a\u00f1os- han sabido recrear extraordinariamente bien este fabuloso cuento y llenar de magia el escenario.<\/p>\n<p><u>SINOPSIS DE LA OBRA:<\/u><\/p>\n<p>De la mano de la bella Sherezade nos adentraremos en el mundo m\u00e1gico de dos de las narraciones m\u00e1s conocidas de Las mil y una noches: \u201cAladino y la l\u00e1mpara maravillosa\u201d y \u201cAli Bab\u00e1 y los cuarenta ladrones\u201d<\/p>\n<p><u>REPARTO<\/u><\/p>\n<ul>\n<li><u>S<\/u>herezade: Irene Berguillos<\/li>\n<li>Sult\u00e1n: Alejandro Guerrero<\/li>\n<li>Visir\/ T\u00eda: de Aladino: Lucia Caparr\u00f3s<\/li>\n<li>Dinazar: In\u00e9s Moreno<\/li>\n<li>Guardia 1: Mar\u00eda Rivera<\/li>\n<li>Guardia 2: Mario L\u00f3pez<\/li>\n<li>Aladino\/ Tafal: Natalia Castellano<\/li>\n<li>Mago\/ Anciana\/ Cassim: Antonio Comba<\/li>\n<li>Madre de Aladino: Ainhoa<\/li>\n<li>Genio: Francisco Pozo<\/li>\n<li>Jasmina: Miriam Lucena<\/li>\n<li>Sultana: Carmen L\u00f3pez<\/li>\n<li>Ladr\u00f3n 1: Irene Mu\u00f1oz<\/li>\n<li>Ladr\u00f3n 2: Daniela Agea<\/li>\n<li>Ladr\u00f3n 3: Natalia Casado<\/li>\n<li>Ali Bab\u00e1: Alvaro Rodriguez<\/li>\n<li>Mujer de Ali Bab\u00e1: Alicia Mu\u00f1oz<\/li>\n<li>Cu\u00f1ada de Ali Bab\u00e1: Isabel Mar\u00eda Quesada<\/li>\n<li>Azafatas del Genio: Jennifer Garc\u00eda<\/li>\n<\/ul>\n<p>Fuencisla S\u00e1nchez<\/p>\n<p><u>\u00a0<\/u><\/p>\n<ul>\n<li>Tramoya: Jos\u00e9 Alberto Calvo<\/li>\n<\/ul>\n<p>Jennifer Garc\u00eda<\/p>\n<p>Fuencisla S\u00e1nchez<\/p>\n<p>Paco Pozo<\/p>\n<p>&nbsp;<\/p>\n<p><u>DIRECCI\u00d3N:<\/u> V\u00edctor M. Rivera<\/p>\n<p><u>\u00a0<\/u><\/p>\n<p><u>\u00a0<\/u><\/p>\n<p><u>\u00a0<\/u><\/p>\n<p><u>\u00a0<\/u><\/p>\n<p>Las entradas est\u00e1n puestas a la venta en el Centro Cultural Medina Elvira.<\/p>\n<p><u>Precio: <\/u>4 euros<\/p>\n<p><u>\u00a0<\/u><\/p>\n<p><u>\u00a0<\/u><\/p>\n<p>Desde la Concejal\u00eda de Cultura del Ayuntamiento de Atarfe, queremos agradecer a la \u00a0 <u>ASOCIACI\u00d3N<\/u><u> DE<\/u><u> EMPRESARIOS Y COMERCIANTES DE ATARFE<\/u> su colaboraci\u00f3n en esta Muestra de Teatro. Gracias a esta colaboraci\u00f3n, quienes deseen asistir a dos representaciones de la Muestra, puede adquirir un abono por el precio de 5 euros. ( <u>2,50\u20ac cada representaci\u00f3n<\/u>)<\/p>\n<p>&nbsp;<\/p>\n<p>Tambi\u00e9n agradecemos a todas las personas que d\u00eda a d\u00eda con su esfuerzo, dedicaci\u00f3n e inter\u00e9s est\u00e1n haciendo que el teatro en Atarfe tenga un hueco permanente en nuestra actividad<u> c<\/u>ultural.<\/p>\n<p>&nbsp;<\/p>\n<p>Os esperamos!!<\/p>\n","protected":false},"excerpt":{"rendered":"<p>DEL 10 AL 13 DE DICIEMBRE DE 2015 se va a celebrar la III Muestra&#8230;<\/p>\n","protected":false},"author":1,"featured_media":5052,"comment_status":"closed","ping_status":"closed","sticky":false,"template":"","format":"standard","meta":{"_coblocks_attr":"","_coblocks_dimensions":"","_coblocks_responsive_height":"","_coblocks_accordion_ie_support":"","jetpack_post_was_ever_published":false,"_jetpack_newsletter_access":"","_jetpack_dont_email_post_to_subs":false,"_jetpack_newsletter_tier_id":0,"_jetpack_memberships_contains_paywalled_content":false,"_jetpack_memberships_contains_paid_content":false,"footnotes":"","jetpack_publicize_message":"","jetpack_publicize_feature_enabled":true,"jetpack_social_post_already_shared":false,"jetpack_social_options":{"image_generator_settings":{"template":"highway","default_image_id":0,"enabled":false},"version":2}},"categories":[2,12,15],"tags":[1770,81,498],"class_list":["post-5046","post","type-post","status-publish","format-standard","has-post-thumbnail","hentry","category-atarfe","category-cultura","category-ultimas-noticias","tag-armilla","tag-atarfe","tag-teatro"],"jetpack_publicize_connections":[],"jetpack_featured_media_url":"https:\/\/i0.wp.com\/miradordeatarfe.es\/wp-content\/uploads\/2015\/12\/b_III-MUESTRA.jpg?fit=200%2C289&ssl=1","jetpack_likes_enabled":true,"jetpack_sharing_enabled":true,"_links":{"self":[{"href":"https:\/\/miradordeatarfe.es\/index.php?rest_route=\/wp\/v2\/posts\/5046","targetHints":{"allow":["GET"]}}],"collection":[{"href":"https:\/\/miradordeatarfe.es\/index.php?rest_route=\/wp\/v2\/posts"}],"about":[{"href":"https:\/\/miradordeatarfe.es\/index.php?rest_route=\/wp\/v2\/types\/post"}],"author":[{"embeddable":true,"href":"https:\/\/miradordeatarfe.es\/index.php?rest_route=\/wp\/v2\/users\/1"}],"replies":[{"embeddable":true,"href":"https:\/\/miradordeatarfe.es\/index.php?rest_route=%2Fwp%2Fv2%2Fcomments&post=5046"}],"version-history":[{"count":3,"href":"https:\/\/miradordeatarfe.es\/index.php?rest_route=\/wp\/v2\/posts\/5046\/revisions"}],"predecessor-version":[{"id":5069,"href":"https:\/\/miradordeatarfe.es\/index.php?rest_route=\/wp\/v2\/posts\/5046\/revisions\/5069"}],"wp:featuredmedia":[{"embeddable":true,"href":"https:\/\/miradordeatarfe.es\/index.php?rest_route=\/wp\/v2\/media\/5052"}],"wp:attachment":[{"href":"https:\/\/miradordeatarfe.es\/index.php?rest_route=%2Fwp%2Fv2%2Fmedia&parent=5046"}],"wp:term":[{"taxonomy":"category","embeddable":true,"href":"https:\/\/miradordeatarfe.es\/index.php?rest_route=%2Fwp%2Fv2%2Fcategories&post=5046"},{"taxonomy":"post_tag","embeddable":true,"href":"https:\/\/miradordeatarfe.es\/index.php?rest_route=%2Fwp%2Fv2%2Ftags&post=5046"}],"curies":[{"name":"wp","href":"https:\/\/api.w.org\/{rel}","templated":true}]}}