{"id":50470,"date":"2021-12-25T11:47:39","date_gmt":"2021-12-25T10:47:39","guid":{"rendered":"https:\/\/miradordeatarfe.es\/?p=50470"},"modified":"2021-12-16T16:23:24","modified_gmt":"2021-12-16T15:23:24","slug":"palabra-ideologia-y-educacion-por-jose-vaquero","status":"publish","type":"post","link":"https:\/\/miradordeatarfe.es\/?p=50470","title":{"rendered":"\u00abPALABRA ,IDEOLOG\u00cdA Y EDUCACI\u00d3N\u00bb por Jos\u00e9 Vaquero"},"content":{"rendered":"<h3 style=\"text-align: justify;\">Las palabras son los utensilios, las herramientas que utilizamos para comunicarnos oralmente o por escrito.<\/h3>\n<p style=\"text-align: justify;\">Para usarlas adecuadamente necesitamos conocer tanto el vocabulario como las reglas ortogr\u00e1ficas y sint\u00e1cticas que rigen su uso. El empleo de la palabra exacta, propia y adecuada al contexto o hecho relatado es una de las bases fundamentales del estilo. El orador, periodista o escritor siempre deber\u00e1 perseguir la claridad y belleza de su texto con el menor n\u00famero de palabras posible, porque no se puede hablar o escribir de cualquier manera.<span id=\"more-56896\"><\/span><\/p>\n<p style=\"text-align: justify;\">En muchas ocasiones se sacrifica el encanto de la palabra a otros intereses. Pensemos en el lenguaje pol\u00edtico. Descaradamente se utiliza la palabra como veh\u00edculo de servicio a una determinada ideolog\u00eda y, l\u00f3gicamente, se producen discursos o escritos formalmente antiest\u00e9ticos, cuando no rid\u00edculos, vulgares o grotescos.\u00a0Hay muchos ejemplos, pero solo contemplar\u00e9 dos que certifican mi opini\u00f3n.<\/p>\n<p style=\"text-align: justify;\">El primero es el abuso del desdoble artificial del masculino, el femenino y el neutro en los textos que contemplan la ideolog\u00eda de g\u00e9nero. Lo de ni\u00f1os, ni\u00f1as y ni\u00f1es clama al cielo.<\/p>\n<p style=\"text-align: justify;\">El segundo, que han puesto de moda algunos representantes de la ciudadan\u00eda que no voy a nombrar por no hacerles propaganda, es el empleo en el Congreso de los Diputados de expresiones tan groseras como las siguientes: \u201cMe la suda\u201d, \u201cMe la bufa\u201d, \u201cMe la trae floja\u201d o \u201cMe la refanfifla\u201d.<\/p>\n<p style=\"text-align: justify;\">Como docente reivindico que la palabra sea utilizada para educar, y las instituciones p\u00fablicas deber\u00edan dar ejemplo de ello. Los se\u00f1ores que se ufanan en el uso de estas toscas frases deber\u00edan saber que la pol\u00edtica nunca debe estar re\u00f1ida con la educaci\u00f3n, sino todo lo contrario, el objetivo de cualquier pol\u00edtica siempre debe ser la mejora de la educaci\u00f3n de los ciudadanos.<\/p>\n<p style=\"text-align: justify;\">Tambi\u00e9n deben conocer que si lo que pretenden de esta forma es acercarse al lenguaje del pueblo llano, yerran en su empe\u00f1o. Afortunadamente, muchas personas de este pueblo, de cualquier signo pol\u00edtico, est\u00e1n en contra del uso ideol\u00f3gico y medi\u00e1tico de estas locuciones, simplemente porque creen que embrutecen y deseducan. Y la misi\u00f3n de la familia, la escuela y las instituciones p\u00fablicas es educar y no adoctrinar.<\/p>\n<blockquote class=\"wp-embedded-content\" data-secret=\"FTgEZEbwqD\"><p><a href=\"https:\/\/en-clase.ideal.es\/2021\/10\/31\/jose-vaquero-sanchez-palabra-ideologia-y-educacion\/\">Jos\u00e9 Vaquero S\u00e1nchez: \u00abPalabra, ideolog\u00eda y educaci\u00f3n\u00bb<\/a><\/p><\/blockquote>\n<p><iframe loading=\"lazy\" class=\"wp-embedded-content\" sandbox=\"allow-scripts\" security=\"restricted\" style=\"position: absolute; visibility: hidden;\" title=\"\u00abJos\u00e9 Vaquero S\u00e1nchez: \u00abPalabra, ideolog\u00eda y educaci\u00f3n\u00bb\u00bb \u2014 IDEAL En Clase\" src=\"https:\/\/en-clase.ideal.es\/2021\/10\/31\/jose-vaquero-sanchez-palabra-ideologia-y-educacion\/embed\/#?secret=CYApf1694m#?secret=FTgEZEbwqD\" data-secret=\"FTgEZEbwqD\" width=\"600\" height=\"338\" frameborder=\"0\" marginwidth=\"0\" marginheight=\"0\" scrolling=\"no\"><\/iframe><\/p>\n","protected":false},"excerpt":{"rendered":"<p>Las palabras son los utensilios, las herramientas que utilizamos para comunicarnos oralmente o por escrito&#8230;.<\/p>\n","protected":false},"author":1,"featured_media":50471,"comment_status":"closed","ping_status":"closed","sticky":false,"template":"","format":"standard","meta":{"_coblocks_attr":"","_coblocks_dimensions":"","_coblocks_responsive_height":"","_coblocks_accordion_ie_support":"","jetpack_post_was_ever_published":false,"_jetpack_newsletter_access":"","_jetpack_dont_email_post_to_subs":false,"_jetpack_newsletter_tier_id":0,"_jetpack_memberships_contains_paywalled_content":false,"_jetpack_memberships_contains_paid_content":false,"footnotes":"","jetpack_publicize_message":"","jetpack_publicize_feature_enabled":true,"jetpack_social_post_already_shared":false,"jetpack_social_options":{"image_generator_settings":{"template":"highway","default_image_id":0,"enabled":false},"version":2}},"categories":[1161,7926,44,7671,6937,15],"tags":[27,1193],"class_list":["post-50470","post","type-post","status-publish","format-standard","has-post-thumbnail","hentry","category-ciudadania","category-opinion-de-jose-vaquero","category-noticias-de-hoy","category-politica","category-sociedad","category-ultimas-noticias","tag-educacion","tag-palabras"],"jetpack_publicize_connections":[],"jetpack_featured_media_url":"https:\/\/i0.wp.com\/miradordeatarfe.es\/wp-content\/uploads\/2021\/11\/safe_image.jpg?fit=500%2C261&ssl=1","jetpack_likes_enabled":true,"jetpack_sharing_enabled":true,"_links":{"self":[{"href":"https:\/\/miradordeatarfe.es\/index.php?rest_route=\/wp\/v2\/posts\/50470","targetHints":{"allow":["GET"]}}],"collection":[{"href":"https:\/\/miradordeatarfe.es\/index.php?rest_route=\/wp\/v2\/posts"}],"about":[{"href":"https:\/\/miradordeatarfe.es\/index.php?rest_route=\/wp\/v2\/types\/post"}],"author":[{"embeddable":true,"href":"https:\/\/miradordeatarfe.es\/index.php?rest_route=\/wp\/v2\/users\/1"}],"replies":[{"embeddable":true,"href":"https:\/\/miradordeatarfe.es\/index.php?rest_route=%2Fwp%2Fv2%2Fcomments&post=50470"}],"version-history":[{"count":1,"href":"https:\/\/miradordeatarfe.es\/index.php?rest_route=\/wp\/v2\/posts\/50470\/revisions"}],"predecessor-version":[{"id":50472,"href":"https:\/\/miradordeatarfe.es\/index.php?rest_route=\/wp\/v2\/posts\/50470\/revisions\/50472"}],"wp:featuredmedia":[{"embeddable":true,"href":"https:\/\/miradordeatarfe.es\/index.php?rest_route=\/wp\/v2\/media\/50471"}],"wp:attachment":[{"href":"https:\/\/miradordeatarfe.es\/index.php?rest_route=%2Fwp%2Fv2%2Fmedia&parent=50470"}],"wp:term":[{"taxonomy":"category","embeddable":true,"href":"https:\/\/miradordeatarfe.es\/index.php?rest_route=%2Fwp%2Fv2%2Fcategories&post=50470"},{"taxonomy":"post_tag","embeddable":true,"href":"https:\/\/miradordeatarfe.es\/index.php?rest_route=%2Fwp%2Fv2%2Ftags&post=50470"}],"curies":[{"name":"wp","href":"https:\/\/api.w.org\/{rel}","templated":true}]}}