{"id":5053,"date":"2015-12-06T08:29:29","date_gmt":"2015-12-06T08:29:29","guid":{"rendered":"http:\/\/miradordeatarfe.es\/?p=5053"},"modified":"2015-12-08T17:01:25","modified_gmt":"2015-12-08T17:01:25","slug":"doctor-quien-me-da-ahora-la-baja-medica-y-por-cuanto-tiempo","status":"publish","type":"post","link":"https:\/\/miradordeatarfe.es\/?p=5053","title":{"rendered":"\u00bfDoctor, qui\u00e9n me da ahora la baja m\u00e9dica y por cu\u00e1nto tiempo?"},"content":{"rendered":"<div class=\"article-intro\">\n<ul>\n<li>El 1 de diciembre entra en vigor el nuevos sistema de gesti\u00f3n de las bajas m\u00e9dicas, que podr\u00e1n darse en las Urgencias.En el caso de bajas \u00abmuy cortas\u00bb (menos de 5 d\u00edas), el enfermo saldr\u00e1 de la consulta con el parte de baja y el de alta en la misma visita. En todos los casos (bajas muy cortas, cortas, medias o largas), el facultativo tendr\u00e1 que fijar de antemano la duraci\u00f3n.<\/li>\n<\/ul>\n<\/div>\n<p><!--more--><\/p>\n<div class=\"article-text\">\n<p>El pasado 20 de junio se public\u00f3 en el Bolet\u00edn Oficial del Estado (BOE) la orden ESS\/1887\/2015 del 15 de junio que desarrolla el Real Decreto 625\/2014 de 18 de julio y que en la pr\u00e1ctica supone un cambio sustancial en el <strong>sistema de tramitaci\u00f3n y gesti\u00f3n de las incapacidades laborales temporales<\/strong>, lo que el com\u00fan de los mortales conoce como las bajas m\u00e9dicas, y que todos los trabajadores deber\u00e1n tener en cuenta a partir del 1 de diciembre de 2015, fecha de su entrada en vigor.<\/p>\n<p>A partir de ahora, lo m\u00e1s importante es que el m\u00e9dico determinar\u00e1<strong> a priori la duraci\u00f3n de la baja<\/strong>, sin esperar a la evoluci\u00f3n del paciente y su patolog\u00eda, y gui\u00e1ndose por unas tablas orientativas. Adem\u00e1s, el m\u00e9dico de urgencias tendr\u00e1 que tramitar el parte de baja.<\/p>\n<h2>Las claves del nuevo sistema<\/h2>\n<p><strong>\u00bfCu\u00e1nto durar\u00e1 ahora la baja m\u00e9dica?:<\/strong> Podr\u00e1 ser muy corta (menos de cinco d\u00edas naturales); corta (de 5 a 30 d\u00edas naturales), media (de 31 a 60 d\u00edas naturales) y bajas de duraci\u00f3n estimada larga (61 o m\u00e1s d\u00edas naturales).<\/p>\n<p><strong>\u00bfQui\u00e9n decide la duraci\u00f3n?:<\/strong> El m\u00e9dico tendr\u00e1 que determinar en el mismo momento de su expedici\u00f3n la duraci\u00f3n \u00abestimada\u00bb del proceso. Seg\u00fan la evoluci\u00f3n del trabajador, luego podr\u00eda modificar ese tiempo estimado. Volver\u00e1 a emitir un parte con una nueva duraci\u00f3n \u00abestimada\u00bb del proceso.<\/p>\n<p><strong>\u00bfC\u00f3mo se orientar\u00e1 el facultativo?:<\/strong> Desde ma\u00f1ana se utilizar\u00e1n unas tablas con la duraci\u00f3n \u00f3ptima de evoluci\u00f3n de los diferentes procesos patol\u00f3gicos susceptibles de causar baja y su grado de incidencia en las diferentes actividades laborales.<\/p>\n<p><strong>\u00bfQui\u00e9n dar\u00e1 la baja?:<\/strong> Puede hacerlo un m\u00e9dico del servicio p\u00fablico de salud y tambi\u00e9n el facultativo de una mutua en caso de accidentes de trabajo o enfermedades laborales.<\/p>\n<p><strong>\u00bfY si es una baja muy corta?:<\/strong> El trabajador enfermo saldr\u00e1 de la consulta con el parte de baja y el de alta en la mano.<\/p>\n<p><strong>\u00bfY si la patolog\u00eda dura m\u00e1s de cinco d\u00edas?:<\/strong> En ese caso, el trabajador saldr\u00e1 de la consulta con el parte de baja, pero no con el de alta. Tendr\u00e1 que regresar al m\u00e9dico para una nueva revisi\u00f3n en el plazo de siete d\u00edas, para las bajas de duraci\u00f3n corta y media, y en el plazo de 14 d\u00edas para las de larga duraci\u00f3n.<\/p>\n<p><strong>\u00bfY si la baja es muy larga, qu\u00e9 pasar\u00e1?:<\/strong> Si la duraci\u00f3n de la incapacidad supera los 365 d\u00edas, el control de la misma lo asumir\u00e1 el Instituto Nacional de la Seguridad Social (INSS).<\/p>\n<p><strong>\u00bfPueden dar el alta antes de lo previsto?:<\/strong> Pueden, si el enfermo ha mejorado. Adem\u00e1s, si el trabajador no acudiera a la revisi\u00f3n m\u00e9dica prevista en los partes de baja y confirmaci\u00f3n podr\u00eda firmarse el alta por \u00abincomparecencia\u00bb.<\/p>\n<p><strong>\u00bfLa mutua puede dar el alta?:<\/strong> En el caso de enfermedad com\u00fan, no.<\/p>\n<p><strong>\u00bfHay que seguir llevando o enviando la copia del parte a la empresa?:<\/strong> S\u00ed. El trabajador est\u00e1 obligado a presentar en la empresa la copia destinada a ella en el plazo de los tres d\u00edas posteriores a su expedici\u00f3n. Y est\u00e1 obligado a presentar a la empresa la copia destinada a ella del parte de alta en las 24 horas siguientes a su expedici\u00f3n.<\/p>\n<h2>Los puntos m\u00e1s pol\u00e9micos<\/h2>\n<p><strong>\u00bfMe dar\u00e1n la baja en urgencias?:<\/strong> Hasta ahora, el sistema que rige la gesti\u00f3n de las bajas m\u00e9dicas estipula que esta la tramite el m\u00e9dico de cabecera. Es m\u00e1s, si el trabajador acude a Urgencias, al d\u00eda siguiente debe acudir a su m\u00e9dico de familia para que cumplimente el parte de baja.<\/p>\n<p>Pues bien, desde el 1 de diciembre, la nueva orden establece que \u00abel parte m\u00e9dico de baja de incapacidad temporal, cualquiera que se la contingencia determinante, se <strong>expedir\u00e1 inmediatamente despu\u00e9s del reconocimiento<\/strong> m\u00e9dico del trabajador, por el facultativo del servicio p\u00fablico de salud que lo realice\u00bb.<\/p>\n<p>En otras palabras, si vamos a urgencias por un dolor o la rotura de una pierna, todo apunta a que deber\u00edamos salir de ah\u00ed con la baja firmada. El riesgo, evidente, colapsar a\u00fan m\u00e1s el sistema.<\/p>\n<p><strong>\u00bfAumentar\u00e1 la burocracia<\/strong>?: Varios colectivos de profesionales y m\u00e9dicos de familia han exigido la paralizaci\u00f3n del nuevo sistema al entender que incrementa la burocracia. En la bajas medias y larga retrasa la frecuencia con la que el paciente debe acudir a la consulta (cada 14 d\u00edas frente a la semana actual), pero pasan a exigirse <strong>\u00abinformes complementarios\u00bb<\/strong> m\u00e1s frecuentes que uamentar\u00e1n las tareas burocr\u00e1ticas del m\u00e9dico rellenando informes.<\/p>\n<\/div>\n","protected":false},"excerpt":{"rendered":"<p>El 1 de diciembre entra en vigor el nuevos sistema de gesti\u00f3n de las bajas&#8230;<\/p>\n","protected":false},"author":1,"featured_media":0,"comment_status":"closed","ping_status":"closed","sticky":false,"template":"","format":"standard","meta":{"_coblocks_attr":"","_coblocks_dimensions":"","_coblocks_responsive_height":"","_coblocks_accordion_ie_support":"","jetpack_post_was_ever_published":false,"_jetpack_newsletter_access":"","_jetpack_dont_email_post_to_subs":false,"_jetpack_newsletter_tier_id":0,"_jetpack_memberships_contains_paywalled_content":false,"_jetpack_memberships_contains_paid_content":false,"footnotes":"","jetpack_publicize_message":"","jetpack_publicize_feature_enabled":true,"jetpack_social_post_already_shared":false,"jetpack_social_options":{"image_generator_settings":{"template":"highway","default_image_id":0,"enabled":false},"version":2}},"categories":[15,10],"tags":[1771,60,55],"class_list":["post-5053","post","type-post","status-publish","format-standard","hentry","category-ultimas-noticias","category-salud","tag-bajas-medicas","tag-enfermedades","tag-salud"],"jetpack_publicize_connections":[],"jetpack_featured_media_url":"","jetpack_likes_enabled":true,"jetpack_sharing_enabled":true,"_links":{"self":[{"href":"https:\/\/miradordeatarfe.es\/index.php?rest_route=\/wp\/v2\/posts\/5053","targetHints":{"allow":["GET"]}}],"collection":[{"href":"https:\/\/miradordeatarfe.es\/index.php?rest_route=\/wp\/v2\/posts"}],"about":[{"href":"https:\/\/miradordeatarfe.es\/index.php?rest_route=\/wp\/v2\/types\/post"}],"author":[{"embeddable":true,"href":"https:\/\/miradordeatarfe.es\/index.php?rest_route=\/wp\/v2\/users\/1"}],"replies":[{"embeddable":true,"href":"https:\/\/miradordeatarfe.es\/index.php?rest_route=%2Fwp%2Fv2%2Fcomments&post=5053"}],"version-history":[{"count":1,"href":"https:\/\/miradordeatarfe.es\/index.php?rest_route=\/wp\/v2\/posts\/5053\/revisions"}],"predecessor-version":[{"id":5054,"href":"https:\/\/miradordeatarfe.es\/index.php?rest_route=\/wp\/v2\/posts\/5053\/revisions\/5054"}],"wp:attachment":[{"href":"https:\/\/miradordeatarfe.es\/index.php?rest_route=%2Fwp%2Fv2%2Fmedia&parent=5053"}],"wp:term":[{"taxonomy":"category","embeddable":true,"href":"https:\/\/miradordeatarfe.es\/index.php?rest_route=%2Fwp%2Fv2%2Fcategories&post=5053"},{"taxonomy":"post_tag","embeddable":true,"href":"https:\/\/miradordeatarfe.es\/index.php?rest_route=%2Fwp%2Fv2%2Ftags&post=5053"}],"curies":[{"name":"wp","href":"https:\/\/api.w.org\/{rel}","templated":true}]}}