{"id":50569,"date":"2021-12-02T11:15:55","date_gmt":"2021-12-02T10:15:55","guid":{"rendered":"https:\/\/miradordeatarfe.es\/?p=50569"},"modified":"2021-12-07T14:00:53","modified_gmt":"2021-12-07T13:00:53","slug":"la-senora-escolastica-por-jose-enrique-granados","status":"publish","type":"post","link":"https:\/\/miradordeatarfe.es\/?p=50569","title":{"rendered":"\u00abLA SE\u00d1ORA ESCOLASTICA\u00bb por Jos\u00e9 Enrique Granados"},"content":{"rendered":"<div class=\"kvgmc6g5 cxmmr5t8 oygrvhab hcukyx3x c1et5uql ii04i59q\">\n<h3 dir=\"auto\" style=\"text-align: justify;\">El vocablo escol\u00e1stico\/escol\u00e1stica seg\u00fan el diccionario de la Real Academia de la Lengua Espa\u00f1ola, significa perteneciente o relativo a las escuelas medievales o a quienes estudiaban en ellas.<\/h3>\n<div dir=\"auto\" style=\"text-align: justify;\">\u00a0<\/div>\n<div dir=\"auto\" style=\"text-align: justify;\">En su segunda acepci\u00f3n, la palabra est\u00e1 relacionada con el escolasticismo, filosof\u00eda de la edad media, en la que domina la ense\u00f1anza de las doctrinas de Arist\u00f3teles en las religiones jud\u00eda, \u00e1rabe y cristiana.<\/div>\n<div dir=\"auto\" style=\"text-align: justify;\">Para los granadinos, Santa Escol\u00e1stica es un vial y tambi\u00e9n una parroquia del barrio granadino del Realejo, que debe su nombre a la santa italiana nacida en el a\u00f1o 480, hermana gemela del tambi\u00e9n santo, Benito. Ambos hermanos fundaron sendos monasterios contemplativos, muy cerca uno del otro, en la regi\u00f3n transalpina del Lacio, muy cerca de Roma.<\/div>\n<div dir=\"auto\" style=\"text-align: justify;\">\u00a0<\/div>\n<div dir=\"auto\" style=\"text-align: justify;\">Seg\u00fan el INE, Instituto Espa\u00f1ol de Estad\u00edstica (INE) en Espa\u00f1a hay 371 hombres que se llaman Escol\u00e1stico un 0,016% de la poblaci\u00f3n y una edad media de 64 a\u00f1os. Sin duda el m\u00e1s conocido de todos es el recientemente fallecido Escol\u00e1stico Medina Garc\u00eda, Tico Medina, periodista granadino nacido en P\u00ed\u00f1ar y cronista oficial de la provincia de Granada. Seg\u00fan este mismo instituto (INR) son 967 mujeres las que llevan el nombre de Escol\u00e1stica (el 0,041%) sobre el total de la poblaci\u00f3n, con una edad media de 71,7 a\u00f1os.<\/div>\n<div dir=\"auto\" style=\"text-align: justify;\">\u00a0<\/div>\n<div dir=\"auto\" style=\"text-align: justify;\">De entre todas estas mujeres, destaca sin duda la se\u00f1ora Escol\u00e1stica. Seg\u00fan podemos leer en Granada Digital, &#8216;La Se\u00f1ora Escol\u00e1stica&#8217;, un personaje ideado por Mary Paz Torres, es una se\u00f1ora mayor, de m\u00e1s de 90 a\u00f1os, que ve la vida moderna con su particular manera, natural, blanca, sencilla, sin artificios y se expresa de una forma clara y directa.<\/div>\n<div dir=\"auto\" style=\"text-align: justify;\">\u00a0<\/div>\n<\/div>\n<div class=\"o9v6fnle cxmmr5t8 oygrvhab hcukyx3x c1et5uql ii04i59q\" style=\"text-align: justify;\">\n<div dir=\"auto\">Con una puesta en escena coherente con la esencia del personaje, sin caracterizaci\u00f3n ni aditivos en el escenario, s\u00f3lo la artista, su talento y un foco bastan para que el mon\u00f3logo sea todo un espect\u00e1culo. Una propuesta original, honesta y sobre todo genuinamente divertida.<\/div>\n<div dir=\"auto\">\u00a0<\/div>\n<\/div>\n<div class=\"o9v6fnle cxmmr5t8 oygrvhab hcukyx3x c1et5uql ii04i59q\" style=\"text-align: justify;\">\n<div dir=\"auto\">En junio de 2019 debut\u00f3 en el Teatro Medina Elvira de Atarfe con lleno total, las 680 localidades agotadas. El 12 de enero de 2020 repite la haza\u00f1a, lleno total y entrada agotadas 5 d\u00edas antes del espect\u00e1culo. Tras el par\u00f3n causado por la pandemia, los d\u00edas 8 y 9 de octubre de 2021 vuelve pisando fuerte y consigue dos llenos absolutos y logra atraer al teatro a 1.200 espectadores, arrancando as\u00ed la nueva gira.<\/div>\n<div dir=\"auto\">\u00a0<\/div>\n<div dir=\"auto\">Ha estado en el teatro Isabel la Cat\u00f3lica y estamos convencidos de su \u00e9xito, que no ser\u00e1 la primera vez que pise las tablas de este y otros escenarios nacionales.<\/div>\n<div dir=\"auto\">Suerte y salud<\/div>\n<div dir=\"auto\">\u00a0<\/div>\n<\/div>\n<div class=\"o9v6fnle cxmmr5t8 oygrvhab hcukyx3x c1et5uql ii04i59q\">\n<div dir=\"auto\" style=\"text-align: justify;\"><strong>Curiosidades elvirenses.<\/strong><\/div>\n<\/div>\n","protected":false},"excerpt":{"rendered":"<p>El vocablo escol\u00e1stico\/escol\u00e1stica seg\u00fan el diccionario de la Real Academia de la Lengua Espa\u00f1ola, significa&#8230;<\/p>\n","protected":false},"author":1,"featured_media":50570,"comment_status":"closed","ping_status":"closed","sticky":false,"template":"","format":"standard","meta":{"_coblocks_attr":"","_coblocks_dimensions":"","_coblocks_responsive_height":"","_coblocks_accordion_ie_support":"","jetpack_post_was_ever_published":false,"_jetpack_newsletter_access":"","_jetpack_dont_email_post_to_subs":false,"_jetpack_newsletter_tier_id":0,"_jetpack_memberships_contains_paywalled_content":false,"_jetpack_memberships_contains_paid_content":false,"footnotes":"","jetpack_publicize_message":"","jetpack_publicize_feature_enabled":true,"jetpack_social_post_already_shared":false,"jetpack_social_options":{"image_generator_settings":{"template":"highway","default_image_id":0,"enabled":false},"version":2}},"categories":[12,1161,38,44,6539,15],"tags":[8738,8737],"class_list":["post-50569","post","type-post","status-publish","format-standard","has-post-thumbnail","hentry","category-cultura","category-ciudadania","category-opinion-de-jose-enrique-granados","category-noticias-de-hoy","category-personajes-de-ataref","category-ultimas-noticias","tag-mary-paz-torres","tag-senora-escolastica"],"jetpack_publicize_connections":[],"jetpack_featured_media_url":"https:\/\/i0.wp.com\/miradordeatarfe.es\/wp-content\/uploads\/2021\/11\/260503870_290084269791729_1676618913188792179_n.jpg?fit=420%2C280&ssl=1","jetpack_likes_enabled":true,"jetpack_sharing_enabled":true,"_links":{"self":[{"href":"https:\/\/miradordeatarfe.es\/index.php?rest_route=\/wp\/v2\/posts\/50569","targetHints":{"allow":["GET"]}}],"collection":[{"href":"https:\/\/miradordeatarfe.es\/index.php?rest_route=\/wp\/v2\/posts"}],"about":[{"href":"https:\/\/miradordeatarfe.es\/index.php?rest_route=\/wp\/v2\/types\/post"}],"author":[{"embeddable":true,"href":"https:\/\/miradordeatarfe.es\/index.php?rest_route=\/wp\/v2\/users\/1"}],"replies":[{"embeddable":true,"href":"https:\/\/miradordeatarfe.es\/index.php?rest_route=%2Fwp%2Fv2%2Fcomments&post=50569"}],"version-history":[{"count":1,"href":"https:\/\/miradordeatarfe.es\/index.php?rest_route=\/wp\/v2\/posts\/50569\/revisions"}],"predecessor-version":[{"id":50571,"href":"https:\/\/miradordeatarfe.es\/index.php?rest_route=\/wp\/v2\/posts\/50569\/revisions\/50571"}],"wp:featuredmedia":[{"embeddable":true,"href":"https:\/\/miradordeatarfe.es\/index.php?rest_route=\/wp\/v2\/media\/50570"}],"wp:attachment":[{"href":"https:\/\/miradordeatarfe.es\/index.php?rest_route=%2Fwp%2Fv2%2Fmedia&parent=50569"}],"wp:term":[{"taxonomy":"category","embeddable":true,"href":"https:\/\/miradordeatarfe.es\/index.php?rest_route=%2Fwp%2Fv2%2Fcategories&post=50569"},{"taxonomy":"post_tag","embeddable":true,"href":"https:\/\/miradordeatarfe.es\/index.php?rest_route=%2Fwp%2Fv2%2Ftags&post=50569"}],"curies":[{"name":"wp","href":"https:\/\/api.w.org\/{rel}","templated":true}]}}