{"id":50584,"date":"2021-12-01T11:08:31","date_gmt":"2021-12-01T10:08:31","guid":{"rendered":"https:\/\/miradordeatarfe.es\/?p=50584"},"modified":"2021-11-30T18:29:25","modified_gmt":"2021-11-30T17:29:25","slug":"50584","status":"publish","type":"post","link":"https:\/\/miradordeatarfe.es\/?p=50584","title":{"rendered":"\u00bb TODAS LAS VERSIONES DEL ATLETISMO A ESCENA ESTE FIN DE SEMANA.\u00bb por Manuel Jim\u00e9nez"},"content":{"rendered":"<h3 style=\"text-align: justify;\">El desbarajuste que ha ocasionado la pandemia en el calendario atl\u00e9tico unido a la enorme afici\u00f3n que tenemos en Atarfe por todas las modalidades del deporte rey han dado como resultado que este fin de semana hayamos tenido representantes en cross, ruta, pista y duatl\u00f3n, con dos caracter\u00edsticas en com\u00fan: el fr\u00edo reinante y la presencia de atarfe\u00f1xs en el p\u00f3dium. \u00a0<\/h3>\n<p style=\"text-align: justify;\">La prueba m\u00e1s nutrida de participaci\u00f3n ha sido la nueva etapa del XXV Circuito Provincial de Campo a Trav\u00e9s que recal\u00f3 en la localidad de B\u00e9znar en el \u00e1rea recreativa junto al pantano.<\/p>\n<p style=\"text-align: justify;\">De nuevo los deportistas de Atarfe son referencia en el cross provincial tanto por cantidad de participantes como por calidad de las mismas, al ser la inmensa mayor\u00eda atletas del CIUDAD ATARFE, augurio de que se pueden presentar buenos equipos para el pr\u00f3ximo campeonato de Andaluc\u00eda y que si se trabaja en potenciar las sinergias entre atletas y triatletas la solidez de las escuadras ser\u00e1 m\u00e1s notable.<\/p>\n<p style=\"text-align: justify;\">Impresionante Vera Ramos de la Escuela de Triatlon que se impone en Sub 12, claro ejemplo de que el entrenamiento \u201ccruzado\u201d nataci\u00f3n-bici-carrera da sus frutos tambi\u00e9n en las especialidades individualmente. Entre los chicos en este grupo de edad Jorge Mesa es el 13\u00ba, Adri\u00e1n Huertas 16, Alejandro Bol\u00edvar 20, David Hurtado 24, V\u00edctor Alvarez 44, Antonio S\u00e1nchez 52, todos ellos del CIUDAD ATARFE.<\/p>\n<p style=\"text-align: justify;\"><a href=\"https:\/\/i0.wp.com\/miradordeatarfe.es\/wp-content\/uploads\/2021\/11\/IMG_0619.jpg?ssl=1\"><img data-recalc-dims=\"1\" loading=\"lazy\" decoding=\"async\" class=\"wp-image-50590 size-full alignleft\" src=\"https:\/\/i0.wp.com\/miradordeatarfe.es\/wp-content\/uploads\/2021\/11\/IMG_0619.jpg?resize=603%2C742&#038;ssl=1\" alt=\"\" width=\"603\" height=\"742\" srcset=\"https:\/\/i0.wp.com\/miradordeatarfe.es\/wp-content\/uploads\/2021\/11\/IMG_0619.jpg?w=603&amp;ssl=1 603w, https:\/\/i0.wp.com\/miradordeatarfe.es\/wp-content\/uploads\/2021\/11\/IMG_0619.jpg?resize=244%2C300&amp;ssl=1 244w\" sizes=\"auto, (max-width: 603px) 100vw, 603px\" \/><\/a>Fenomenal Bronce para Elena Lucena en Sub 14 con Alejandra Herrera justo detr\u00e1s ratificando el adjetivo de \u201cinseparables\u201d que es ya un cl\u00e1sico cada vez que damos cuenta de sus actuaciones. Elisabeth L\u00f3pez es la 24\u00ba acumulando kil\u00f3metros como preparaci\u00f3n para su temporada de marcha atl\u00e9tica mientras Leire P\u00e9rez es la 29\u00ba. En este grupo de edad Mohamed Rayan Redouane es el 18\u00ba, Adri\u00e1n Sierra 22 \u00a0\u00a0<\/p>\n<p style=\"text-align: justify;\">En Sub 16 Mar\u00eda P\u00e9rez clasifica 7\u00aa, no muy lejos del p\u00f3dium con Irene Crespo la 17\u00aa. En esta misma categor\u00eda versi\u00f3n masculina, Curro Avil\u00e9s Torrecillas del Cueva de Nerja es 7\u00ba, hac\u00eda tiempo que no ve\u00edamos competir a Curro y se le echaba de menos. La pareja de \u201cpisters\u201d del Ciudad Atarfe Daniel P\u00e9rez Cano y Carlos Pe\u00f1a Galindo son 15 y 16 preparando la temporada de pista cubierta.<\/p>\n<p style=\"text-align: justify;\">Sandro Ramos, de la escuela de triatl\u00f3n, es 6\u00ba en Sub 10 a pesar de haberse ca\u00eddo en los compases iniciales con Daniel Tom\u00e1s 11 del Ciudad Atarfe, Daniel Ruiz 17 y Manuel L\u00f3pez, Antonio Mu\u00f1oz, David Melguizo y Mois\u00e9s Guirado algo m\u00e1s atr\u00e1s los 36-39-40 y 41. Daniela \u00c1lvarez es la 33.<\/p>\n<p style=\"text-align: justify;\">Entre los peque\u00f1ines Sub 8 amplia participaci\u00f3n no exenta de calidad: Hugo Cuenca 5, Santiago Moreno 6, Carlos Dur\u00e1n 7, Jes\u00fas Zamora 21, Sergio Huertas 22, V\u00edctor Dur\u00e1n 26, Sergio Torrubia 28 y Daniel D\u00edaz 37. Noem\u00ed Guirado es la 18 entre las ni\u00f1as. \u00a0\u00a0\u00a0<\/p>\n<p style=\"text-align: justify;\">Tambi\u00e9n mucho m\u00e1ster en liza: CHAPA para Virginia L\u00f3pez 3\u00aa, cuarto puesto para Carlos Lucena y Eduina Santiago, quinto Antonio L\u00f3pez y 8\u00ba Antonio Barrios en sus respectivas categor\u00edas.<\/p>\n<p style=\"text-align: justify;\">M\u00e1s crossistas disputando el cl\u00e1sico Cross del Aceite en Torredonjimeno donde las atarfe\u00f1as en las filas del CA Maracena, Lorena Quevedo y Patricia Vi\u00f1\u00e1n Chamba son 4\u00aa y 11\u00aa en sus respectivas categor\u00edas mientras el Sub 18 del Ciudad Atarfe Gonzalo Garc\u00eda Molina consigue un gran 5\u00ba puesto en una progresi\u00f3n imparable.<\/p>\n<p style=\"text-align: justify;\">La ruta ha tenido dos escenarios ambos en la Vega granadina, en la lorquiana villa de Valderrubio se disputa su carrera popular ben\u00e9fica dedicada en esta ocasi\u00f3n a solidarizarse con la isla de La Palma. Tercera absoluta ha sido la atleta del Ciudad Atarfe Beatriz Quevedo con Sara Ann Whittintong en las filas del Monta\u00f1a Atarfe 3\u00aa Vet. A, Francisco Cervantes del \u201cCiudad\u201d es 9 en Vet B. De otro lado en la vecina Santa Fe se ha disputado la Milla Urbana con golosa medalla de chocolate para Francisco Javier Urquiza Sierra en categor\u00eda absoluta con el santaferino Luis Torres sexto, ambos del CIUDAD ATARFE. Los hermanos triatletas Montoro Navarrete de la Escuela de Triatlon son 4\u00ba (Samuel) y 5 (Iv\u00e1n).<\/p>\n<p style=\"text-align: justify;\">En pista cubierta un \u00fanico representante con \u201cra\u00edces\u201d atarfe\u00f1as en el Campeonato \u00a0Auton\u00f3mico de Clubes Sub 20 con el mediofondista Angel Torres en las filas del bah\u00eda de Algeciras que es 7\u00ba en 1500 con 4.42 en plena recuperaci\u00f3n tras varias incidencias m\u00e9dicas que lo han tenido en el dique seco.<\/p>\n<p style=\"text-align: justify;\">Cerramos con dos noticias del mundo triatl\u00e9tico, el peque\u00f1o trotamundos Manu Torres de la Escuela de Triatlon compite en el Duatlon de San Roque volviendo a demostrar una enorme resiliencia a pesar de su corta edad pues supo sobreponerse a un problema mec\u00e1nico. Por otro lado, en la Gala de la Asociaci\u00f3n de Triatletas Granadinos menci\u00f3n especial para Miguel Angel Montoro, primer clasificado en veterano A, premio conseguido merced a los buenos resultados de toda la temporada. \u00a0\u00a0\u00a0\u00a0<\/p>\n<p><a href=\"https:\/\/i0.wp.com\/miradordeatarfe.es\/wp-content\/uploads\/2021\/11\/IMG_0617-1.jpg?ssl=1\"><img data-recalc-dims=\"1\" loading=\"lazy\" decoding=\"async\" class=\"alignnone wp-image-50589 size-full\" src=\"https:\/\/i0.wp.com\/miradordeatarfe.es\/wp-content\/uploads\/2021\/11\/IMG_0617-1.jpg?resize=640%2C621&#038;ssl=1\" alt=\"\" width=\"640\" height=\"621\" srcset=\"https:\/\/i0.wp.com\/miradordeatarfe.es\/wp-content\/uploads\/2021\/11\/IMG_0617-1.jpg?w=1125&amp;ssl=1 1125w, https:\/\/i0.wp.com\/miradordeatarfe.es\/wp-content\/uploads\/2021\/11\/IMG_0617-1.jpg?resize=300%2C291&amp;ssl=1 300w, https:\/\/i0.wp.com\/miradordeatarfe.es\/wp-content\/uploads\/2021\/11\/IMG_0617-1.jpg?resize=1024%2C993&amp;ssl=1 1024w, https:\/\/i0.wp.com\/miradordeatarfe.es\/wp-content\/uploads\/2021\/11\/IMG_0617-1.jpg?resize=768%2C745&amp;ssl=1 768w\" sizes=\"auto, (max-width: 640px) 100vw, 640px\" \/><\/a><\/p>\n<p><a href=\"https:\/\/i0.wp.com\/miradordeatarfe.es\/wp-content\/uploads\/2021\/11\/IMG_0616.jpg?ssl=1\"><img data-recalc-dims=\"1\" loading=\"lazy\" decoding=\"async\" class=\"alignnone wp-image-50588 size-full\" src=\"https:\/\/i0.wp.com\/miradordeatarfe.es\/wp-content\/uploads\/2021\/11\/IMG_0616.jpg?resize=640%2C636&#038;ssl=1\" alt=\"\" width=\"640\" height=\"636\" srcset=\"https:\/\/i0.wp.com\/miradordeatarfe.es\/wp-content\/uploads\/2021\/11\/IMG_0616.jpg?w=1125&amp;ssl=1 1125w, https:\/\/i0.wp.com\/miradordeatarfe.es\/wp-content\/uploads\/2021\/11\/IMG_0616.jpg?resize=300%2C298&amp;ssl=1 300w, https:\/\/i0.wp.com\/miradordeatarfe.es\/wp-content\/uploads\/2021\/11\/IMG_0616.jpg?resize=1024%2C1018&amp;ssl=1 1024w, https:\/\/i0.wp.com\/miradordeatarfe.es\/wp-content\/uploads\/2021\/11\/IMG_0616.jpg?resize=150%2C150&amp;ssl=1 150w, https:\/\/i0.wp.com\/miradordeatarfe.es\/wp-content\/uploads\/2021\/11\/IMG_0616.jpg?resize=768%2C763&amp;ssl=1 768w\" sizes=\"auto, (max-width: 640px) 100vw, 640px\" \/><\/a><\/p>\n","protected":false},"excerpt":{"rendered":"<p>El desbarajuste que ha ocasionado la pandemia en el calendario atl\u00e9tico unido a la enorme&#8230;<\/p>\n","protected":false},"author":1,"featured_media":50587,"comment_status":"closed","ping_status":"closed","sticky":false,"template":"","format":"standard","meta":{"_coblocks_attr":"","_coblocks_dimensions":"","_coblocks_responsive_height":"","_coblocks_accordion_ie_support":"","jetpack_post_was_ever_published":false,"_jetpack_newsletter_access":"","_jetpack_dont_email_post_to_subs":false,"_jetpack_newsletter_tier_id":0,"_jetpack_memberships_contains_paywalled_content":false,"_jetpack_memberships_contains_paid_content":false,"footnotes":"","jetpack_publicize_message":"","jetpack_publicize_feature_enabled":true,"jetpack_social_post_already_shared":false,"jetpack_social_options":{"image_generator_settings":{"template":"highway","default_image_id":0,"enabled":false},"version":2}},"categories":[2,182,6915,44,15],"tags":[85,123,8741],"class_list":["post-50584","post","type-post","status-publish","format-standard","has-post-thumbnail","hentry","category-atarfe","category-deportes","category-opinion-de-manuel-jimenez","category-noticias-de-hoy","category-ultimas-noticias","tag-atletismo","tag-deportes","tag-tarfe"],"jetpack_publicize_connections":[],"jetpack_featured_media_url":"https:\/\/i0.wp.com\/miradordeatarfe.es\/wp-content\/uploads\/2021\/11\/IMG_0618.jpg?fit=1125%2C749&ssl=1","jetpack_likes_enabled":true,"jetpack_sharing_enabled":true,"_links":{"self":[{"href":"https:\/\/miradordeatarfe.es\/index.php?rest_route=\/wp\/v2\/posts\/50584","targetHints":{"allow":["GET"]}}],"collection":[{"href":"https:\/\/miradordeatarfe.es\/index.php?rest_route=\/wp\/v2\/posts"}],"about":[{"href":"https:\/\/miradordeatarfe.es\/index.php?rest_route=\/wp\/v2\/types\/post"}],"author":[{"embeddable":true,"href":"https:\/\/miradordeatarfe.es\/index.php?rest_route=\/wp\/v2\/users\/1"}],"replies":[{"embeddable":true,"href":"https:\/\/miradordeatarfe.es\/index.php?rest_route=%2Fwp%2Fv2%2Fcomments&post=50584"}],"version-history":[{"count":3,"href":"https:\/\/miradordeatarfe.es\/index.php?rest_route=\/wp\/v2\/posts\/50584\/revisions"}],"predecessor-version":[{"id":50592,"href":"https:\/\/miradordeatarfe.es\/index.php?rest_route=\/wp\/v2\/posts\/50584\/revisions\/50592"}],"wp:featuredmedia":[{"embeddable":true,"href":"https:\/\/miradordeatarfe.es\/index.php?rest_route=\/wp\/v2\/media\/50587"}],"wp:attachment":[{"href":"https:\/\/miradordeatarfe.es\/index.php?rest_route=%2Fwp%2Fv2%2Fmedia&parent=50584"}],"wp:term":[{"taxonomy":"category","embeddable":true,"href":"https:\/\/miradordeatarfe.es\/index.php?rest_route=%2Fwp%2Fv2%2Fcategories&post=50584"},{"taxonomy":"post_tag","embeddable":true,"href":"https:\/\/miradordeatarfe.es\/index.php?rest_route=%2Fwp%2Fv2%2Ftags&post=50584"}],"curies":[{"name":"wp","href":"https:\/\/api.w.org\/{rel}","templated":true}]}}