{"id":50593,"date":"2021-12-01T08:23:56","date_gmt":"2021-12-01T07:23:56","guid":{"rendered":"https:\/\/miradordeatarfe.es\/?p=50593"},"modified":"2021-11-30T18:27:55","modified_gmt":"2021-11-30T17:27:55","slug":"alexia-putellas-primera-espanola-en-ganar-el-balon-de-oro-femenino","status":"publish","type":"post","link":"https:\/\/miradordeatarfe.es\/?p=50593","title":{"rendered":"Alexia Putellas, primera espa\u00f1ola en ganar el Bal\u00f3n de Oro femenino"},"content":{"rendered":"<header class=\"pg-head\">\n<h3 class=\"p1\" style=\"text-align: justify;\">La gala confirma el dominio del Barcelona, con tres jugadoras entre las cinco finalistas<\/h3>\n<p class=\"p1\" style=\"text-align: justify;\">Alexia Putellas y el FC Barcelona hacen historia. <strong class=\"mce\">La jugadora azulgrana se convirti\u00f3 en la primera espa\u00f1ola en ganar el Bal\u00f3n de Oro femenino<\/strong>\u00a0que\u00a0<em class=\"mce\">France Football<\/em>\u00a0entrega junto al masculino desde el a\u00f1o 2018, sucediendo a la norteamericana Megan Rapinoe como la mejor jugadora del mundo. Putellas es adem\u00e1s la segunda persona de nuestro pa\u00eds, hombre o mujer, que se hace con el prestigioso galard\u00f3n tras el que gan\u00f3 Luis Su\u00e1rez en 1960. Desde entonces, ning\u00fan espa\u00f1ol hab\u00eda logrado hacerse con el t\u00edtulo individual m\u00e1s importante del mundo del f\u00fatbol.\u00a0<\/p>\n<\/header>\n<div class=\"gd\">\n<div class=\"gdu u16 u-first\">\n<div class=\"pg-body\">\n<div class=\"mce-body \">\n<p class=\"p1 mce\" style=\"text-align: justify;\">El \u00e9xito de Putellas fue tambi\u00e9n el del FC Barcelona, que vio premiada su excelente temporada ganando el triplete de Liga, Copa y Champions con\u00a0<strong class=\"mce\">otras dos jugadoras entre las tres finalistas<\/strong>, Jenni Hermoso y Lieke Martens. Hermoso fue segunda y la neerlandesa quinta en la clasificaci\u00f3n final. Sam Kerr, del Chelsea, fue tercera y Vivianne Miedema (Arsenal) cuarta. \u00a0<\/p>\n<div class=\"teads-inread\" style=\"text-align: justify;\">\n<div>\u00a0<\/div>\n<\/div>\n<div class=\"inset-auto inset-auto--video\" style=\"text-align: justify;\">\n<div class=\"media-video\">\n<div class=\"obj-video-jwplayer hmedia r16-9 videoplayer processed\" data-contentid=\"JOLVID20211129_0560\" data-sectionid=\"1004000\" data-dim=\"667x375\" data-vast=\"has_vast\" data-vast-client=\"vast\" data-vast-provider=\"https:\/\/vast.sunmedia.tv\/df40fa1e-ea46-48aa-9f19-57533868f398?rnd=1638268284&amp;gdpr=${gdpr}&amp;gdpr_consent=${gdpr_consent}&amp;referrerurl=https:\/\/www.granadahoy.com\/deporte\/alexia-putellas-primera-espanola-balon-oro-femenino-video_0_1633638759.html&amp;rw=667&amp;rh=375\" data-controls=\"true\" data-file=\"https:\/\/hls.diariodesevilla.es\/2021\/11\/29\/JOLVID20211129_0560\/,19409_58,19407_54,19408_55,.mp4.urlset\/master.m3u8\" data-image=\"\/2021\/11\/29\/deportes\/Alexia-Putellas-historia-femenino-espanol-video_1633657178_148249606_667x375.jpg\">\n<div id=\"video_JOLVID20211129_0560_118551983\" class=\"jwplayer jw-reset jw-state-idle jw-skin-default jw-stretch-uniform jw-flag-aspect-mode jw-breakpoint-4 jw-flag-user-inactive\" tabindex=\"0\">\n<div class=\"jw-overlays jw-reset\">\n<div id=\"video_JOLVID20211129_0560_118551983_related\" class=\"jw-plugin jw-reset jw-plugin-related\">Alexia Putellas es ya, indiscutiblemente, <strong class=\"mce\">la mejor futbolista del mundo<\/strong>. La del Mollet del Vall\u00e8s, a sus 27 a\u00f1os, alcanza una corona que anteriormente portaron la noruega Ada Hegerberg y la citada Rapinoe. La centrocampista del Bar\u00e7a,\u00a0<a class=\"mce\" href=\"https:\/\/www.granadahoy.com\/deportes\/alexia-putellas-mejor-jugadora-europea-podio-azulgrana_0_1605140942.html\" rel=\"dofollow\">recientemente nombrada mejor jugadora de Europa<\/a>, anot\u00f3 la pasada temporada 26 goles y reparti\u00f3 16 asistencias, siendo clave en el hist\u00f3rico triplete del conjunto cul\u00e9.\u00a0<\/div>\n<\/div>\n<\/div>\n<\/div>\n<\/div>\n<\/div>\n<p class=\"p1 mce\" style=\"text-align: justify;\">Sus palabras nada m\u00e1s recoger el premio fueron de agradecimiento y tambi\u00e9n de emoci\u00f3n, con un sentido recuerdo a su padre. \u00abVivir este momento me hace muy feliz. Quiero agradecer a mis compa\u00f1eras, sobre todo a las que tengo actualmente. Esto es un premio individual, pero es un \u00e9xito colectivo. Gracias a los entrenadores, a la afici\u00f3n, al club en su 122 aniversario y c\u00f3mo no a mi familia. Todos los que est\u00e1n en casa, mis amigos&#8230; pero si me permit\u00eds, quiero dedicarle este momento a alguien que ha sido, es y ser\u00e1 muy especial para m\u00ed,\u00a0<strong class=\"mce\">espero que est\u00e9s muy orgulloso de tu hija, esto es para ti, pap\u00e1<\/strong>\u00ab.\u00a0<\/p>\n<div class=\"pg-media\">\n<h3 class=\"image-holder\" style=\"text-align: justify;\"><small><\/small><small class=\"author\">D.M.R GRANADA HOY<\/small><\/h3>\n<div class=\"footnote\">\n<p class=\"text\">FOTO: Putellas, tras recibir el Bal\u00f3n de Oro femenino. <wbr><\/wbr>\/\u00a0<span class=\"source\">FRANCE FOOTBALL<\/span><\/p>\n<p>https:\/\/www.granadahoy.com\/deporte\/alexia-putellas-primera-espanola-balon-oro-femenino-video_0_1633638759.html<\/p>\n<\/div>\n<\/div>\n<div class=\"pg-body\">\n<section class=\"nws-data\">\n<p class=\"byline\">\u00a0<\/p>\n<div class=\"md-lite-share\">\n<p>&nbsp;<\/p>\n<\/div>\n<\/section>\n<\/div>\n<\/div>\n<\/div>\n<\/div>\n<\/div>\n","protected":false},"excerpt":{"rendered":"<p>La gala confirma el dominio del Barcelona, con tres jugadoras entre las cinco finalistas Alexia&#8230;<\/p>\n","protected":false},"author":1,"featured_media":50594,"comment_status":"closed","ping_status":"closed","sticky":false,"template":"","format":"standard","meta":{"_coblocks_attr":"","_coblocks_dimensions":"","_coblocks_responsive_height":"","_coblocks_accordion_ie_support":"","jetpack_post_was_ever_published":false,"_jetpack_newsletter_access":"","_jetpack_dont_email_post_to_subs":false,"_jetpack_newsletter_tier_id":0,"_jetpack_memberships_contains_paywalled_content":false,"_jetpack_memberships_contains_paid_content":false,"footnotes":"","jetpack_publicize_message":"","jetpack_publicize_feature_enabled":true,"jetpack_social_post_already_shared":false,"jetpack_social_options":{"image_generator_settings":{"template":"highway","default_image_id":0,"enabled":false},"version":2}},"categories":[1161,14,44,6937,15,10],"tags":[8742,123,41,666],"class_list":["post-50593","post","type-post","status-publish","format-standard","has-post-thumbnail","hentry","category-ciudadania","category-feminismo","category-noticias-de-hoy","category-sociedad","category-ultimas-noticias","category-salud","tag-balon-de-oro","tag-deportes","tag-feminismo","tag-futbol"],"jetpack_publicize_connections":[],"jetpack_featured_media_url":"https:\/\/i0.wp.com\/miradordeatarfe.es\/wp-content\/uploads\/2021\/11\/Putellas-recibir-Balon-Oro-femenino_1633647642_148247816_667x375.jpg?fit=667%2C375&ssl=1","jetpack_likes_enabled":true,"jetpack_sharing_enabled":true,"_links":{"self":[{"href":"https:\/\/miradordeatarfe.es\/index.php?rest_route=\/wp\/v2\/posts\/50593","targetHints":{"allow":["GET"]}}],"collection":[{"href":"https:\/\/miradordeatarfe.es\/index.php?rest_route=\/wp\/v2\/posts"}],"about":[{"href":"https:\/\/miradordeatarfe.es\/index.php?rest_route=\/wp\/v2\/types\/post"}],"author":[{"embeddable":true,"href":"https:\/\/miradordeatarfe.es\/index.php?rest_route=\/wp\/v2\/users\/1"}],"replies":[{"embeddable":true,"href":"https:\/\/miradordeatarfe.es\/index.php?rest_route=%2Fwp%2Fv2%2Fcomments&post=50593"}],"version-history":[{"count":1,"href":"https:\/\/miradordeatarfe.es\/index.php?rest_route=\/wp\/v2\/posts\/50593\/revisions"}],"predecessor-version":[{"id":50595,"href":"https:\/\/miradordeatarfe.es\/index.php?rest_route=\/wp\/v2\/posts\/50593\/revisions\/50595"}],"wp:featuredmedia":[{"embeddable":true,"href":"https:\/\/miradordeatarfe.es\/index.php?rest_route=\/wp\/v2\/media\/50594"}],"wp:attachment":[{"href":"https:\/\/miradordeatarfe.es\/index.php?rest_route=%2Fwp%2Fv2%2Fmedia&parent=50593"}],"wp:term":[{"taxonomy":"category","embeddable":true,"href":"https:\/\/miradordeatarfe.es\/index.php?rest_route=%2Fwp%2Fv2%2Fcategories&post=50593"},{"taxonomy":"post_tag","embeddable":true,"href":"https:\/\/miradordeatarfe.es\/index.php?rest_route=%2Fwp%2Fv2%2Ftags&post=50593"}],"curies":[{"name":"wp","href":"https:\/\/api.w.org\/{rel}","templated":true}]}}