{"id":50701,"date":"2021-12-10T11:05:54","date_gmt":"2021-12-10T10:05:54","guid":{"rendered":"http:\/\/miradordeatarfe.es\/?p=50701"},"modified":"2021-12-09T09:57:01","modified_gmt":"2021-12-09T08:57:01","slug":"estudio-social-economico-politico-y-cultural-del-atarfe-de-1940-segun-el-padron-de-habitantes-por-fuencisla-moreno-rueda","status":"publish","type":"post","link":"https:\/\/miradordeatarfe.es\/?p=50701","title":{"rendered":"\u00abEstudio social, econ\u00f3mico, pol\u00edtico y cultural del Atarfe de 1940, seg\u00fan el padr\u00f3n de habitantes\u00bb por Fuencisla Moreno Rueda"},"content":{"rendered":"<h3>Este estudio nos permite acercarnos a la realidad social,econ\u00f3mica, pol\u00edtica y cultural existente en Atarfe a principios de la d\u00e9cada de los 40. Atarfe se encontraba dividida en 11 secciones y etaba formado por 51 calles m\u00e1s una cantidad importante de cortijos diseminados por todo su extrarradio.<\/h3>\n<p>Con una poblacci\u00f3n de 5.928 habitantes, su principal modo de vida estaba centrado en la agricultura. M\u00e1s del 30% se dedicaba al trabajo en el campo, en total:<\/p>\n<table style=\"border-collapse: collapse; width: 100%;\">\n<tbody>\n<tr>\n<td style=\"width: 33.4058%;\">\n<p>Militares: 42<br \/>\nEjercito nacional: 25<br \/>\nGuardia civil: 11<br \/>\nGuardia municipal: 3<br \/>\nPolic\u00eda: 2<br \/>\nPolic\u00eda secreta: 1<br \/>\nTransportes y<br \/>\ncomunicaciones: 27<br \/>\nFerroviario: 16<br \/>\nChofer: 4<br \/>\nViajante: 2<br \/>\nPe\u00f3n caminero: 2<br \/>\nFactor: 1<br \/>\nEmpleado autobuses: 1<br \/>\nTranviario: 1<br \/>\nMineria: 23<br \/>\nCanteros: 22<br \/>\nPicapedreros: 1<br \/>\nCarpinteria: 19<br \/>\nCarpinteros propietarios: 17<br \/>\nAyudantes de carpinteria: 1<br \/>\nEbanista: 1Docencia: 17<br \/>\nMaestros: 14<br \/>\nCatedraticos 2<br \/>\nProfesor: 1<br \/>\nSanidad: 12<br \/>\nM\u00e9dicos: 6<br \/>\nFarmace\u00faticos: 2<br \/>\nMancebos: 2<br \/>\nMatrona: 1<br \/>\nPracticante: 1<br \/>\nEmpeados p\u00fablicos: 9<br \/>\nEmpleados Ayuntamiento: 3<\/p>\n<\/td>\n<td style=\"width: 33.2608%;\">\nCartero: 1<br \/>\nDepositario: 1<br \/>\nEscribiente: 1<br \/>\nContable: 1<br \/>\nSecretario judicial: 1<br \/>\nEmpleado tel\u00e9fono: 1<br \/>\nOficios: 125<br \/>\nAjustador: 2<br \/>\nAlba\u00f1il: 19<br \/>\nAlfarero: 1<br \/>\nAlpargatero: 6<br \/>\nAserrador: 1<br \/>\nAviador: 1<br \/>\nBarbero: 12<br \/>\nCarnicero: 3<\/p>\n<p>Carrero: 4<br \/>\nCarretero: 3<br \/>\nCorredor: 3<br \/>\nCosario: 1<br \/>\nEspartero: 1<br \/>\nHerrador: 2<br \/>\nHerrero: 9<br \/>\nHojalatero:1<\/p>\n<p>Hornero: 1<br \/>\nMarchante: 1<br \/>\nMecanico: 7<br \/>\nMetalurgico: 1<br \/>\nMolinero: 4<\/p>\n<\/td>\n<td style=\"width: 33.3333%;\">\n<p>\nMotorista: 1<br \/>\nM\u00fasico: 1<br \/>\nPanadero: 23<br \/>\nPescadero: 1<br \/>\nPintor: 1<br \/>\nPortero: 2<br \/>\nQu\u00edmico: 1<br \/>\nRelojero: 1<br \/>\nRepresentante: 2<br \/>\nSillero: 2<br \/>\nTablajero: 1<br \/>\nTornero: 1<br \/>\nVendedor ambulante: 1<br \/>\nVendedor de periodicos: 1<br \/>\nYesero: 1<br \/>\nZapatero: 2<br \/>\nReligiosos: 4<br \/>\nSacerdotes: 2<br \/>\nMonjas: 2<br \/>\nModistas: 2<br \/>\nSirvientas: 1<\/p>\n<\/td>\n<\/tr>\n<\/tbody>\n<\/table>\n<p>\n1.374 personas, la mayor\u00eda de ellos obreros agricolas, seguidos de labradores propietarios, guardacampos (5) y un hortelano.<\/p>\n<p>Pese a que la industrializaci\u00f3n a\u00fan estabasin consolidar, e incluso se pod\u00eda decir que ni siquiera se hab\u00edan puesto las bases para su fomento, en 1.940 ya hab\u00eda 77 personas que figuraban en el Padr\u00f3n deHabitantes como Obreros Industriales.<\/p>\n<p>Al comercio se dedicaban 44 personas: empleados (25) y comerciantes propietarios (19).<\/p>\n<p>Estudiantes: En total figuran en el Padr\u00f3n de Habitantes, 76 estudiantes, de los cuales 66 son alumnas residentes en el colegio Asilo de Ntra. Sra. del Rosario.<\/p>\n<p>Tambi\u00e9n aparece la figura del escolar, refiri\u00e9ndose a los menores de 8 a\u00f1os que se encuentran escolarizados.<\/p>\n<h3>Relaci\u00f3n de calles<\/h3>\n<p>\nAvda Franco<br \/>\nSan Pedro<br \/>\nGral Varela<br \/>\nGral Primo de Rivera<br \/>\nSan Pablo<br \/>\nCallej\u00f3n de Albolote<br \/>\nCallej\u00f3n de San Juan<br \/>\nPadre Manj\u00f3n<br \/>\nAngel Ganivet<br \/>\nCasa Redonda<br \/>\nCamino de Albolote<br \/>\nDr. Ram\u00f3n y Cajal<br \/>\nDr. Jim\u00e9nez Rueda<br \/>\nM\u00e1ximo Prados<br \/>\nEmilia Heredia<br \/>\nSan Juan<br \/>\nSta Ana<br \/>\nAcera Cementerio<br \/>\nCallej\u00f3n Ca\u00f1ada<br \/>\nCa\u00f1ada<br \/>\nCortijo Ca\u00f1ada<br \/>\nEnriqueta Lozano<br \/>\nJos\u00e9 Antonio Primo de Rivera<br \/>\nBajada del Chorro<br \/>\nChorro<br \/>\nGil Robles<br \/>\nGral Moscard\u00f3<br \/>\nGral Mola<br \/>\nC\u00e1rcel<br \/>\nZacat\u00edn<br \/>\nAlhorit<br \/>\nCruz<br \/>\nGral Queipo de Llano<br \/>\nSan Felipe<br \/>\nMina<br \/>\nM\u00e1rtires<br \/>\nHorno Viejo<br \/>\nSan Miguel<br \/>\nCoronel Castej\u00f3n<br \/>\nGral Aranda<br \/>\nGral Sanjurjo<br \/>\nSan Jos\u00e9<br \/>\nMoreras<br \/>\nNoria<br \/>\nCalvo Sotelo<br \/>\nCoronel Yag\u00fce<br \/>\nBarquillo<br \/>\nMiguel Morilla<br \/>\nGolondrinas<br \/>\nBarranco Ermita<\/p>\n<p>&nbsp;<\/p>\n<p>FOTO: MANISFETACI\u00d3N RELIGIOSA DE ATARFE DE LA POSGUERRA<\/p>\n<p>FUENCISLA MORENO RUEDA<\/p>\n<p><span class=\"_5yl5\"> Art\u00edculo editado por Corporaci\u00f3n de Medios de Andaluc\u00eda y el Ayuntamiento de Atarfe, coordinado por Jos\u00e9 Enrique Granados y tiene por nombre \u00abAtarfe en el papel\u00bb<\/span><\/p>\n","protected":false},"excerpt":{"rendered":"<p>Este estudio nos permite acercarnos a la realidad social,econ\u00f3mica, pol\u00edtica y cultural existente en Atarfe&#8230;<\/p>\n","protected":false},"author":1,"featured_media":50705,"comment_status":"closed","ping_status":"closed","sticky":false,"template":"","format":"standard","meta":{"_coblocks_attr":"","_coblocks_dimensions":"","_coblocks_responsive_height":"","_coblocks_accordion_ie_support":"","jetpack_post_was_ever_published":false,"_jetpack_newsletter_access":"","_jetpack_dont_email_post_to_subs":false,"_jetpack_newsletter_tier_id":0,"_jetpack_memberships_contains_paywalled_content":false,"_jetpack_memberships_contains_paid_content":false,"footnotes":"","jetpack_publicize_message":"","jetpack_publicize_feature_enabled":true,"jetpack_social_post_already_shared":false,"jetpack_social_options":{"image_generator_settings":{"template":"highway","default_image_id":0,"enabled":false},"version":2}},"categories":[2,1161,2949,1225,186,44,15],"tags":[7410,81,2727,5226],"class_list":["post-50701","post","type-post","status-publish","format-standard","has-post-thumbnail","hentry","category-atarfe","category-ciudadania","category-opinion-de-fuencisla-moreno","category-ha-de-atarfe","category-instituciones","category-noticias-de-hoy","category-ultimas-noticias","tag-7410","tag-atarfe","tag-estudio","tag-fuencisla-moreno"],"jetpack_publicize_connections":[],"jetpack_featured_media_url":"https:\/\/i0.wp.com\/miradordeatarfe.es\/wp-content\/uploads\/2021\/12\/1638790947121.jpg?fit=591%2C443&ssl=1","jetpack_likes_enabled":true,"jetpack_sharing_enabled":true,"_links":{"self":[{"href":"https:\/\/miradordeatarfe.es\/index.php?rest_route=\/wp\/v2\/posts\/50701","targetHints":{"allow":["GET"]}}],"collection":[{"href":"https:\/\/miradordeatarfe.es\/index.php?rest_route=\/wp\/v2\/posts"}],"about":[{"href":"https:\/\/miradordeatarfe.es\/index.php?rest_route=\/wp\/v2\/types\/post"}],"author":[{"embeddable":true,"href":"https:\/\/miradordeatarfe.es\/index.php?rest_route=\/wp\/v2\/users\/1"}],"replies":[{"embeddable":true,"href":"https:\/\/miradordeatarfe.es\/index.php?rest_route=%2Fwp%2Fv2%2Fcomments&post=50701"}],"version-history":[{"count":4,"href":"https:\/\/miradordeatarfe.es\/index.php?rest_route=\/wp\/v2\/posts\/50701\/revisions"}],"predecessor-version":[{"id":50706,"href":"https:\/\/miradordeatarfe.es\/index.php?rest_route=\/wp\/v2\/posts\/50701\/revisions\/50706"}],"wp:featuredmedia":[{"embeddable":true,"href":"https:\/\/miradordeatarfe.es\/index.php?rest_route=\/wp\/v2\/media\/50705"}],"wp:attachment":[{"href":"https:\/\/miradordeatarfe.es\/index.php?rest_route=%2Fwp%2Fv2%2Fmedia&parent=50701"}],"wp:term":[{"taxonomy":"category","embeddable":true,"href":"https:\/\/miradordeatarfe.es\/index.php?rest_route=%2Fwp%2Fv2%2Fcategories&post=50701"},{"taxonomy":"post_tag","embeddable":true,"href":"https:\/\/miradordeatarfe.es\/index.php?rest_route=%2Fwp%2Fv2%2Ftags&post=50701"}],"curies":[{"name":"wp","href":"https:\/\/api.w.org\/{rel}","templated":true}]}}