{"id":50711,"date":"2021-12-11T10:34:41","date_gmt":"2021-12-11T09:34:41","guid":{"rendered":"http:\/\/miradordeatarfe.es\/?p=50711"},"modified":"2021-12-14T12:03:03","modified_gmt":"2021-12-14T11:03:03","slug":"atarfe-la-mujer-mas-longeva-del-municipio-cumple-100-anos-por-jose-enrique-granados","status":"publish","type":"post","link":"https:\/\/miradordeatarfe.es\/?p=50711","title":{"rendered":"\u00abATARFE: LA MUJER MAS LONGEVA DEL MUNICIPIO CUMPLE 100 A\u00d1OS\u00bb por Jos\u00e9 Enrique Granados"},"content":{"rendered":"<h3><span class=\"d2edcug0 hpfvmrgz qv66sw1b c1et5uql lr9zc1uh a8c37x1j keod5gw0 nxhoafnm aigsh9s9 d3f4x2em fe6kdd0r mau55g9w c8b282yb iv3no6db jq4qci2q a3bd9o3v b1v8xokw oo9gr5id\" dir=\"auto\">Ana Rosa Torrecillas nos env\u00eda este texto y estas fotograf\u00edas de su abuela, al haber cumplido el siglo de vida.<\/span><\/h3>\n<p><span class=\"d2edcug0 hpfvmrgz qv66sw1b c1et5uql lr9zc1uh a8c37x1j keod5gw0 nxhoafnm aigsh9s9 d3f4x2em fe6kdd0r mau55g9w c8b282yb iv3no6db jq4qci2q a3bd9o3v b1v8xokw oo9gr5id\" dir=\"auto\">La foto de la izquierda se realiz\u00f3 hace unos a\u00f1os, cuando el consistorio atarfe\u00f1o le brind\u00f3 un homenaje como la persona m\u00e1s longeva de nuestro municipio. La de la izquierda es actual, el d\u00eda de su cumplea\u00f1os.<\/span><\/p>\n<p><span class=\"d2edcug0 hpfvmrgz qv66sw1b c1et5uql lr9zc1uh a8c37x1j keod5gw0 nxhoafnm aigsh9s9 d3f4x2em fe6kdd0r mau55g9w c8b282yb iv3no6db jq4qci2q a3bd9o3v b1v8xokw oo9gr5id\" dir=\"auto\">Mujer trabajadora, naci\u00f3 en Ja\u00e9n y siendo muy peque\u00f1a se vino a vivir a nuestro pueblo, en donde la guerra civil le pilla con 15 a\u00f1os. Se cas\u00f3 con un viudo, Manolico \u201cEl Torero\u201d quien ten\u00eda tres hijas. De aquella relaci\u00f3n nacieron otras dos hijas m\u00e1s, Paqui y Angelitas \u201cLa Torera\u201d. Enviud\u00f3 muy joven lo que le hizo m\u00e1s fuerte para vivir.<\/span><\/p>\n<p><span class=\"d2edcug0 hpfvmrgz qv66sw1b c1et5uql lr9zc1uh a8c37x1j keod5gw0 nxhoafnm aigsh9s9 d3f4x2em fe6kdd0r mau55g9w c8b282yb iv3no6db jq4qci2q a3bd9o3v b1v8xokw oo9gr5id\" dir=\"auto\">Mujer llena de vitalidad, es una persona muy alegre asidua a celebraciones y fiestas. <\/p>\n<p>Aurora, tu nieta ha querido que formes parte de la gacetilla y as\u00ed lo hemos hecho. Que esa energ\u00eda y fortaleza te acompa\u00f1en en tu vida, al menos otros 100 a\u00f1os m\u00e1s.<\/span><\/p>\n<p><span class=\"d2edcug0 hpfvmrgz qv66sw1b c1et5uql lr9zc1uh a8c37x1j keod5gw0 nxhoafnm aigsh9s9 d3f4x2em fe6kdd0r mau55g9w c8b282yb iv3no6db jq4qci2q a3bd9o3v b1v8xokw oo9gr5id\" dir=\"auto\"><a href=\"https:\/\/i0.wp.com\/miradordeatarfe.es\/wp-content\/uploads\/2021\/12\/260824117_290620676404755_1247586205844150380_n.jpg?ssl=1\"><img data-recalc-dims=\"1\" loading=\"lazy\" decoding=\"async\" class=\"alignnone wp-image-50712 size-full\" src=\"https:\/\/i0.wp.com\/miradordeatarfe.es\/wp-content\/uploads\/2021\/12\/260824117_290620676404755_1247586205844150380_n.jpg?resize=640%2C644&#038;ssl=1\" alt=\"\" width=\"640\" height=\"644\" srcset=\"https:\/\/i0.wp.com\/miradordeatarfe.es\/wp-content\/uploads\/2021\/12\/260824117_290620676404755_1247586205844150380_n.jpg?w=1290&amp;ssl=1 1290w, https:\/\/i0.wp.com\/miradordeatarfe.es\/wp-content\/uploads\/2021\/12\/260824117_290620676404755_1247586205844150380_n.jpg?resize=298%2C300&amp;ssl=1 298w, https:\/\/i0.wp.com\/miradordeatarfe.es\/wp-content\/uploads\/2021\/12\/260824117_290620676404755_1247586205844150380_n.jpg?resize=1017%2C1024&amp;ssl=1 1017w, https:\/\/i0.wp.com\/miradordeatarfe.es\/wp-content\/uploads\/2021\/12\/260824117_290620676404755_1247586205844150380_n.jpg?resize=150%2C150&amp;ssl=1 150w, https:\/\/i0.wp.com\/miradordeatarfe.es\/wp-content\/uploads\/2021\/12\/260824117_290620676404755_1247586205844150380_n.jpg?resize=768%2C773&amp;ssl=1 768w\" sizes=\"auto, (max-width: 640px) 100vw, 640px\" \/><\/a><\/p>\n<p>Gacetilla y curiosidades elvirenses.<\/span><\/p>\n","protected":false},"excerpt":{"rendered":"<p>Ana Rosa Torrecillas nos env\u00eda este texto y estas fotograf\u00edas de su abuela, al haber&#8230;<\/p>\n","protected":false},"author":1,"featured_media":50715,"comment_status":"closed","ping_status":"closed","sticky":false,"template":"","format":"standard","meta":{"_coblocks_attr":"","_coblocks_dimensions":"","_coblocks_responsive_height":"","_coblocks_accordion_ie_support":"","jetpack_post_was_ever_published":false,"_jetpack_newsletter_access":"","_jetpack_dont_email_post_to_subs":false,"_jetpack_newsletter_tier_id":0,"_jetpack_memberships_contains_paywalled_content":false,"_jetpack_memberships_contains_paid_content":false,"footnotes":"","jetpack_publicize_message":"","jetpack_publicize_feature_enabled":true,"jetpack_social_post_already_shared":false,"jetpack_social_options":{"image_generator_settings":{"template":"highway","default_image_id":0,"enabled":false},"version":2}},"categories":[2,1161,38,44,6539,6937,15,10],"tags":[81,8761],"class_list":["post-50711","post","type-post","status-publish","format-standard","has-post-thumbnail","hentry","category-atarfe","category-ciudadania","category-opinion-de-jose-enrique-granados","category-noticias-de-hoy","category-personajes-de-ataref","category-sociedad","category-ultimas-noticias","category-salud","tag-atarfe","tag-mujer-longeva"],"jetpack_publicize_connections":[],"jetpack_featured_media_url":"https:\/\/i0.wp.com\/miradordeatarfe.es\/wp-content\/uploads\/2021\/12\/260824117_290620676404755_1247586205844150380_n-3.jpg?fit=414%2C342&ssl=1","jetpack_likes_enabled":true,"jetpack_sharing_enabled":true,"_links":{"self":[{"href":"https:\/\/miradordeatarfe.es\/index.php?rest_route=\/wp\/v2\/posts\/50711","targetHints":{"allow":["GET"]}}],"collection":[{"href":"https:\/\/miradordeatarfe.es\/index.php?rest_route=\/wp\/v2\/posts"}],"about":[{"href":"https:\/\/miradordeatarfe.es\/index.php?rest_route=\/wp\/v2\/types\/post"}],"author":[{"embeddable":true,"href":"https:\/\/miradordeatarfe.es\/index.php?rest_route=\/wp\/v2\/users\/1"}],"replies":[{"embeddable":true,"href":"https:\/\/miradordeatarfe.es\/index.php?rest_route=%2Fwp%2Fv2%2Fcomments&post=50711"}],"version-history":[{"count":1,"href":"https:\/\/miradordeatarfe.es\/index.php?rest_route=\/wp\/v2\/posts\/50711\/revisions"}],"predecessor-version":[{"id":50714,"href":"https:\/\/miradordeatarfe.es\/index.php?rest_route=\/wp\/v2\/posts\/50711\/revisions\/50714"}],"wp:featuredmedia":[{"embeddable":true,"href":"https:\/\/miradordeatarfe.es\/index.php?rest_route=\/wp\/v2\/media\/50715"}],"wp:attachment":[{"href":"https:\/\/miradordeatarfe.es\/index.php?rest_route=%2Fwp%2Fv2%2Fmedia&parent=50711"}],"wp:term":[{"taxonomy":"category","embeddable":true,"href":"https:\/\/miradordeatarfe.es\/index.php?rest_route=%2Fwp%2Fv2%2Fcategories&post=50711"},{"taxonomy":"post_tag","embeddable":true,"href":"https:\/\/miradordeatarfe.es\/index.php?rest_route=%2Fwp%2Fv2%2Ftags&post=50711"}],"curies":[{"name":"wp","href":"https:\/\/api.w.org\/{rel}","templated":true}]}}