{"id":50718,"date":"2021-12-18T11:32:36","date_gmt":"2021-12-18T10:32:36","guid":{"rendered":"http:\/\/miradordeatarfe.es\/?p=50718"},"modified":"2022-01-27T21:56:31","modified_gmt":"2022-01-27T20:56:31","slug":"atarfe-y-la-sociedad-obrero-musical-la-lira-por-fuencisla-moreno-rueda","status":"publish","type":"post","link":"https:\/\/miradordeatarfe.es\/?p=50718","title":{"rendered":"ATARFE Y LA SOCIEDAD OBRERO-MUSICAL \u00abLA LIRA\u00bb por Fuencisla Moreno Rueda"},"content":{"rendered":"<h3 style=\"text-align: justify;\">En 1905 se inicia con la total aprobaci\u00f3n del Ayuntamiento y de su Alcalde, D. Juan de Dios Osuna Rueda, una nueva etapa dentro de la vida social y cultural de Atarfe .<\/h3>\n<p style=\"text-align: justify;\">El 21 de marzo se somete a la aprobaci\u00f3n\u00a0 del Pleno del Ayuntamiento el Reglamento por el que nac\u00eda una Sociedad Obrera de Socorros Mutuos a la que denominaron La Lira y cuyo objetivo era el socorro econ\u00f3mico de sus asociados en apocas calamitosas o en caso de enfermedad.<\/p>\n<p style=\"text-align: justify;\">A trav\u00e9s de 41 art\u00edculos se organiza detalladamente todo el funcionamiento de la asociaci\u00f3n, cuyos marcados fines sociales despertaron el inter\u00e9s del vecindario. Era f\u00e1cil formar parte de esta sociedad, s\u00f3lo se necesitaba ser obrero, saber leer escribir y tener m\u00e1s de 14 a\u00f1os.<\/p>\n<p style=\"text-align: justify;\">Al frente de la misma se situaba la Junta Directiva, la cual hab\u00eda sido elegida en sesi\u00f3n extraordinaria por la Junta General y estaba formada por siete asociados que desempe\u00f1aban los cargos de: presidente, vicepresidente, tesorero, secretario, vicesecretario y dos vocales. Seg\u00fan sus enunciados, deb\u00eda funcionar le manera aut\u00f3noma e independiente; sin embargo, en la pr\u00e1ctica fue necesaria la colaboraci\u00f3n econ\u00f3mica del Ayuntamiento.<\/p>\n<p style=\"text-align: justify;\">Como \u00fanica v\u00eda para conseguir fondos para la Asociaci\u00f3n, crearon una escuela de m\u00fasica y con ella la primera banda de m\u00fasica de Atarfe.<\/p>\n<p style=\"text-align: justify;\">La escuela impart\u00eda sus clases en horario nocturno, estando obligados sus alumnos a abonar una cuota diaria (sin especificar cuant\u00eda), antes de empezar la academia o lecci\u00f3n de m\u00fasica, no eximi\u00e9ndose de la obligaci\u00f3n del pago de la junta la no asistencia a las clases. Con dichas cuotas se preve\u00eda sufragar los honorarios del profesor de m\u00fasica y con los trabajos que la banda realizara, m\u00e1s que recaudara en concepto de multas expulsiones de socios, se destinar\u00eda al Fondo de Socorro, el cual se repartir\u00eda en la forma y cuant\u00eda que designara la Junta General.<\/p>\n<p style=\"text-align: justify;\">Al no disponer la asociaci\u00f3n de fondos propios y siendo necesaria la adquisici\u00f3n del instrumental propio de la banda de m\u00fasica fue presentada en el ayuntamiento una solicitud para que \u00e9ste adelantase el yago de los instrumentos que ascend\u00eda a 347 pesetas. Esta propuesta es debatida en pleno y aceptada. Con 2.000 pesetas de super\u00e1vit del ejercicio de 1904, m\u00e1s 2.375 pesetas recaudadas en concepto de arbitrio de piedra, se abona a la casa Mi\u00f1ana e Hijo de Ubeda (Ja\u00e9n) el dinero necesario para que la banda de m\u00fasica de Atarfe contase con los instrumentos que necesitaba.<\/p>\n<p style=\"text-align: justify;\">Asimismo se concretaron una serie de puntos que quedaron fijados en un contrato suscrito entre la sociedad obrera y el ayuntamiento. Por parte del ayuntamiento firmaba este contrato el Alcalde D. Juan de Dios Osuna Rueda y los concejales D. \u00c1ngel Ruiz\u00a0 Cabello y D. Daniel S\u00e1nchez Jim\u00e9nez y por parte de la sociedad obrera, toda su Junta Directiva.<\/p>\n<p style=\"text-align: justify;\">Los puntos m\u00e1s importantes eran los siguientes:<br \/>\n1 El dinero se devolver\u00eda en un plazo de seis a\u00f1os, contados a partir de 1906, para lo cual cada alumno abonar\u00eda al d\u00eda la cantidad de 10 c\u00e9ntimos.<br \/>\n2 La banda deber\u00eda realizar una velada de dos horas de duraci\u00f3n en la plaza de la Constituci\u00f3n de 9 a 11 de la noche, todos los domingos comprendidos entre el 1 de mayo y el 15 de junio y el 1 de agosto y 15 de septiembre.<br \/>\n3 Asistencia obligada en las procesiones de la Soledad el d\u00eda del Viernes Santo, en la del 31 de mayo y Vi\u00e1tico a los enfermos impedidos.<\/p>\n<p style=\"text-align: justify;\">Aunque el n\u00famero de alumnos y por tanto de ingresos iba en aumento, los gastos que originaba la banda de m\u00fasica eran excesivos y tras dos a\u00f1os escasos de funcionamiento, en 1907 Don Jos\u00e9 Jim\u00e9nez G\u00f3mez, presidente de la sociedad, solicita del ayuntamiento una subvenci\u00f3n de 971 pesetas anuales por espacio de cuatro a\u00f1os, para atender al pago del sueldo del director de la banda de m\u00fasica. Este hecho entra\u00f1\u00f3 una dura pol\u00e9mica entre los propios concejales de la corporaci\u00f3n y el resultado fue que el ayuntamiento decidi\u00f3 hacerse cargo del pago del profesor de la escuela y director de la banda de m\u00fasica, a cambio de que la sociedad renunciase a la propiedad y derechos adquiridos sobre el instrumental, con lo cual la banda de m\u00fasica pas\u00f3 a ser municipal y la sociedad obrera dej\u00f3 de cumplir los compromisos sociales que reflejaba en su reglamento.<\/p>\n<p style=\"text-align: justify;\">No se tienen testimonios escritos del futuro de la banda municipal ni de la sociedad obrera hasta 1931, fecha en que D. Manuel Torres Navarro, concejal del Ayuntamiento, presenta un escrito firmado por 10 miembros de la antigua banda municipal, manifestando su deseo de que \u00e9sta vuelva a funcionar en el municipio. Para que esto sea posible, el ayuntamiento deber\u00eda<br \/>\nabonar el sueldo del director de la banda (5 pesetas diarias, m\u00e1s billete de ida y vuelta en tranv\u00eda desde Granada), reparar el instrumental que a\u00fan se conserva y adquirir el que falta, lo que supondr\u00eda un gasto aproximado de 1.500 pesetas.<\/p>\n<p style=\"text-align: justify;\">El Ayuntamiento aprueba en pleno esta propuesta y se contrata a D. Juan de Dios Ib\u00e1\u00f1ez Morata para que ocupe el puesto de director de la banda municipal, aunque \u00e9sta solo se mantuvo por espacio de tres a\u00f1os. El 25 de junio de 1934 se presenta ante los miembros de la banda municipal un contrato para convenir las condiciones del nuevo funcionamiento. Este contrato no es aceptado por los miembros de la banda, neg\u00e1ndose a firmarlo.<\/p>\n<p style=\"text-align: justify;\">Entienden que la intervenci\u00f3n municipal es excesiva y argumentan que \u201cest\u00e1n dispuestos a continuar su labor art\u00edstica y a prestar servicios musicales al ayuntamiento en la forma y condiciones que los han venido realizando, pero sin aceptar ni suscribir cl\u00e1usula alguna que pueda rozar su dignidad\u201d.<\/p>\n<p style=\"text-align: justify;\">Tres son los art\u00edculos que generan una mayor pol\u00e9mica dentro de los miembros de la banda:<br \/>\nArt. 2: \u201cEl ayuntamiento designar\u00e1 un concejal que intervenga en todos los servicios de la banda, sin que pueda prestarse ninguno sin su conformidad\u201d.<br \/>\nArt. 6: \u201cLa banda ser\u00e1 apol\u00edtica, sin perjuicio de la ideolog\u00eda de cada uno de sus individuos\u201d.<br \/>\nArt. 7: \u201cSer\u00e1 motivo de rescisi\u00f3n de ese convenio, el que la banda se niegue o deje de prestar alg\u00fan servicio dentro de la localidad sin causa justificada o por cuestiones pol\u00edticas o religiosas\u201d.<\/p>\n<p style=\"text-align: justify;\">Al no firmarse este contrato, el ayuntamiento disuelve oficialmente la banda municipal, aunque a\u00fan hubo dos intentos m\u00e1s para volver a formarla. El primero fue en abril de 1936. La sociedad obrera hab\u00eda desaparecido de la vida social del municipio, si bien hab\u00eda surgido con el mismo nombre, La Lira, una sociedad art\u00edstica cuyos estatutos, fueron aprobados por el Gobernador Civil<br \/>\nde Granada el d\u00eda 9 de abril de 1936. Fue esta sociedad la que promovi\u00f3 el resurgimiento de la banda, pero las negociaciones quedaron interrumpidas al estallar la Guerra Civil espa\u00f1ola.<\/p>\n<p style=\"text-align: justify;\">El segundo intento lo protagonizaron las organizaciones\u00a0 juveniles de la FET y de las JONS en 1940 y tampoco en esta ocasi\u00f3n dieron resultado. Nada se volvi\u00f3 a saber de la sociedad obrera ni de la asociaci\u00f3n musical, ambas desaparecieron por completo de la vida de los atarfe\u00f1os y el deseo de que nuestro pueblo tuviera una banda de m\u00fasica s\u00f3lo qued\u00f3 en el recuerdo de los 22 m\u00fasicos que durante casi cuarenta a\u00f1os intentaron con todos sus medios darle forma . Ellos y la labor social y humana que realizaron merecen al menos el recuerdo y la gratitud de todos los qu\u00e9 casi un siglo despu\u00e9s intentamos que se haga realidad aquel sue\u00f1o.<\/p>\n","protected":false},"excerpt":{"rendered":"<p>En 1905 se inicia con la total aprobaci\u00f3n del Ayuntamiento y de su Alcalde, D&#8230;.<\/p>\n","protected":false},"author":1,"featured_media":50757,"comment_status":"closed","ping_status":"closed","sticky":false,"template":"","format":"standard","meta":{"_coblocks_attr":"","_coblocks_dimensions":"","_coblocks_responsive_height":"","_coblocks_accordion_ie_support":"","jetpack_post_was_ever_published":false,"_jetpack_newsletter_access":"","_jetpack_dont_email_post_to_subs":false,"_jetpack_newsletter_tier_id":0,"_jetpack_memberships_contains_paywalled_content":false,"_jetpack_memberships_contains_paid_content":false,"footnotes":"","jetpack_publicize_message":"","jetpack_publicize_feature_enabled":true,"jetpack_social_post_already_shared":false,"jetpack_social_options":{"image_generator_settings":{"template":"highway","default_image_id":0,"enabled":false},"version":2}},"categories":[2,12,7537,1161,2949,1225,186,44,15],"tags":[932,8763,158],"class_list":["post-50718","post","type-post","status-publish","format-standard","has-post-thumbnail","hentry","category-atarfe","category-cultura","category-atarfe-en-papel-de-ideal","category-ciudadania","category-opinion-de-fuencisla-moreno","category-ha-de-atarfe","category-instituciones","category-noticias-de-hoy","category-ultimas-noticias","tag-banda-de-musica","tag-la-lira","tag-musica"],"jetpack_publicize_connections":[],"jetpack_featured_media_url":"https:\/\/i0.wp.com\/miradordeatarfe.es\/wp-content\/uploads\/2021\/12\/1638881142191-scaled.jpg?fit=2560%2C1920&ssl=1","jetpack_likes_enabled":true,"jetpack_sharing_enabled":true,"_links":{"self":[{"href":"https:\/\/miradordeatarfe.es\/index.php?rest_route=\/wp\/v2\/posts\/50718","targetHints":{"allow":["GET"]}}],"collection":[{"href":"https:\/\/miradordeatarfe.es\/index.php?rest_route=\/wp\/v2\/posts"}],"about":[{"href":"https:\/\/miradordeatarfe.es\/index.php?rest_route=\/wp\/v2\/types\/post"}],"author":[{"embeddable":true,"href":"https:\/\/miradordeatarfe.es\/index.php?rest_route=\/wp\/v2\/users\/1"}],"replies":[{"embeddable":true,"href":"https:\/\/miradordeatarfe.es\/index.php?rest_route=%2Fwp%2Fv2%2Fcomments&post=50718"}],"version-history":[{"count":4,"href":"https:\/\/miradordeatarfe.es\/index.php?rest_route=\/wp\/v2\/posts\/50718\/revisions"}],"predecessor-version":[{"id":50758,"href":"https:\/\/miradordeatarfe.es\/index.php?rest_route=\/wp\/v2\/posts\/50718\/revisions\/50758"}],"wp:featuredmedia":[{"embeddable":true,"href":"https:\/\/miradordeatarfe.es\/index.php?rest_route=\/wp\/v2\/media\/50757"}],"wp:attachment":[{"href":"https:\/\/miradordeatarfe.es\/index.php?rest_route=%2Fwp%2Fv2%2Fmedia&parent=50718"}],"wp:term":[{"taxonomy":"category","embeddable":true,"href":"https:\/\/miradordeatarfe.es\/index.php?rest_route=%2Fwp%2Fv2%2Fcategories&post=50718"},{"taxonomy":"post_tag","embeddable":true,"href":"https:\/\/miradordeatarfe.es\/index.php?rest_route=%2Fwp%2Fv2%2Ftags&post=50718"}],"curies":[{"name":"wp","href":"https:\/\/api.w.org\/{rel}","templated":true}]}}