{"id":50744,"date":"2021-12-08T11:23:53","date_gmt":"2021-12-08T10:23:53","guid":{"rendered":"http:\/\/miradordeatarfe.es\/?p=50744"},"modified":"2022-02-12T12:19:46","modified_gmt":"2022-02-12T11:19:46","slug":"un-paroncillo-para-pillar-impulso-por-manuel-jimenez","status":"publish","type":"post","link":"https:\/\/miradordeatarfe.es\/?p=50744","title":{"rendered":"\u00abUN PARONCILLO PARA PILLAR IMPULSO\u00bb por Manuel Jim\u00e9nez"},"content":{"rendered":"<h3 align=\"JUSTIFY\">Tras varios fines de semana con una actividad atl\u00e9tica fren\u00e9tica con el acueducto de la Constituci\u00f3n ha llegado el necesario par\u00f3n para recargar pilas para lo que se avecina.<\/h3>\n<p align=\"JUSTIFY\">Pero la parada no ha sido total, siempre hay alg\u00fan atarfe\u00f1x en competici\u00f3n y en esta ocasi\u00f3n el \u00bfd\u00f3nde est\u00e1 Wally?, de la semana lo localizamos en la falda del Torcal, en Antequera, en el paraje del Nacimiento del R\u00edo la Villa, hasta donde marcharon dos incombustibles para, parad\u00f3jicamente, mantener encendida la llama competitiva. Manu Torres Ferrando y Abril Bar\u00f3n Rodr\u00edguez de la Escuela Triatlon Atarfe, toman parte en el II Duatlon Cross de Antequera. Abril consigue un imponente tercer puesto en el caj\u00f3n y Manu se defiende con un Top 10. Como dice el webmaster de las redes sociales de la Escuela, \u201cdisfrutar midi\u00e9ndose a los dem\u00e1s para sacar lo mejor de s\u00ed mismos, como camino al autoconocimiento\u201d.<\/p>\n<p align=\"JUSTIFY\">Y a falta de m\u00e1s actividad en este largo puente avanzamos lo que nos llega empezando por la tercera internacionalidad del crossista Manuel Jim\u00e9nez L\u00f3pez que est\u00e1 previsto se produzca en las verdes praderas dublinesas donde se disputar\u00e1 el 27\u00ba Campeonato de Europa de Campo a Trav\u00e9s en la categor\u00eda Sub 20, bonita experiencia para despedirse de la categor\u00eda. Recordar, desde las 10 de la ma\u00f1ana del domingo supongo que en Teledeporte o en Streaming por la web RFEA.<\/p>\n<p align=\"JUSTIFY\">El s\u00e1bado 11, cuarta jornada del circuito provincial de Cross de la Diputaci\u00f3n de Granada, en Moraleda de Zafayona donde habr\u00e1 m\u00faltiple participaci\u00f3n atarfe\u00f1a con numerosos corredores del Ciudad Atarfe y el debut en el circuito de nuestro crossista de cabecera, Jos\u00e9 Antonio Justicia Ruiz.<\/p>\n<p align=\"JUSTIFY\">El domingo 12 se disputa la Marat\u00f3n de M\u00e1laga que tambi\u00e9n ofrece la posibilidad de hacer una media Marat\u00f3n y donde algunos de nuestros ruterxs ser\u00e1n de la partida. A los que adem\u00e1s del asfalto le guste la escalada pueden inscribirse en la Subida al Conjuro en Motril.<\/p>\n<p align=\"JUSTIFY\">Lxs ni\u00f1xs de la Escuela de Triatlon podr\u00e1n elegir entre el Duatlon Cross de Hu\u00e9tor Tajar y el triatl\u00f3n indoor de Torremolinos con distancias id\u00f3neas para los que quieran iniciarse en la modalidad.<\/p>\n<p align=\"JUSTIFY\">Y en nada comenzamos con el carrusel de pruebas navide\u00f1as, desde la decana Nocturna de la Suerte en la Capital (viernes 17) hasta el tradicional Cross de Navidad en La Zubia (s\u00e1bado 18) pasando por pruebas en Albolote (18), Solidaria Bomberos (On line, 18), Los Guajares (18), Castril (26), Murchas (26), Las Gabias (29) y las no menos tradicionales San Silvestres: Motril (17), Pulianas (19), Baza (31), Otura (30), Torrenueva (30).<\/p>\n<div class=\"tiled-gallery type-rectangular tiled-gallery-unresized\" data-original-width=\"640\" data-carousel-extra='null' itemscope itemtype=\"http:\/\/schema.org\/ImageGallery\" > <div class=\"gallery-row\" style=\"width: 640px; height: 364px;\" data-original-width=\"640\" data-original-height=\"364\" > <div class=\"gallery-group images-1\" style=\"width: 393px; height: 364px;\" data-original-width=\"393\" data-original-height=\"364\" > <div class=\"tiled-gallery-item tiled-gallery-item-large\" itemprop=\"associatedMedia\" itemscope itemtype=\"http:\/\/schema.org\/ImageObject\"> <a href=\"https:\/\/miradordeatarfe.es\/?attachment_id=50746\" border=\"0\" itemprop=\"url\"> <meta itemprop=\"width\" content=\"389\"> <meta itemprop=\"height\" content=\"360\"> <img decoding=\"async\" class=\"\" data-attachment-id=\"50746\" data-orig-file=\"https:\/\/miradordeatarfe.es\/wp-content\/uploads\/2021\/12\/IMG_0640.jpg\" data-orig-size=\"1125,1041\" data-comments-opened=\"\" data-image-meta=\"{&quot;aperture&quot;:&quot;0&quot;,&quot;credit&quot;:&quot;&quot;,&quot;camera&quot;:&quot;&quot;,&quot;caption&quot;:&quot;&quot;,&quot;created_timestamp&quot;:&quot;0&quot;,&quot;copyright&quot;:&quot;&quot;,&quot;focal_length&quot;:&quot;0&quot;,&quot;iso&quot;:&quot;0&quot;,&quot;shutter_speed&quot;:&quot;0&quot;,&quot;title&quot;:&quot;&quot;,&quot;orientation&quot;:&quot;1&quot;}\" data-image-title=\"IMG_0640\" data-image-description=\"\" data-medium-file=\"https:\/\/i0.wp.com\/miradordeatarfe.es\/wp-content\/uploads\/2021\/12\/IMG_0640.jpg?fit=300%2C278&#038;ssl=1\" data-large-file=\"https:\/\/i0.wp.com\/miradordeatarfe.es\/wp-content\/uploads\/2021\/12\/IMG_0640.jpg?fit=640%2C593&#038;ssl=1\" src=\"https:\/\/i0.wp.com\/miradordeatarfe.es\/wp-content\/uploads\/2021\/12\/IMG_0640.jpg?w=389&#038;h=360&#038;ssl=1\" srcset=\"https:\/\/i0.wp.com\/miradordeatarfe.es\/wp-content\/uploads\/2021\/12\/IMG_0640.jpg?w=1125&amp;ssl=1 1125w, https:\/\/i0.wp.com\/miradordeatarfe.es\/wp-content\/uploads\/2021\/12\/IMG_0640.jpg?resize=300%2C278&amp;ssl=1 300w, https:\/\/i0.wp.com\/miradordeatarfe.es\/wp-content\/uploads\/2021\/12\/IMG_0640.jpg?resize=1024%2C948&amp;ssl=1 1024w, https:\/\/i0.wp.com\/miradordeatarfe.es\/wp-content\/uploads\/2021\/12\/IMG_0640.jpg?resize=768%2C711&amp;ssl=1 768w\" width=\"389\" height=\"360\" loading=\"lazy\" data-original-width=\"389\" data-original-height=\"360\" itemprop=\"http:\/\/schema.org\/image\" title=\"IMG_0640\" alt=\"IMG_0640\" style=\"width: 389px; height: 360px;\" \/> <\/a> <\/div> <\/div> <!-- close group --> <div class=\"gallery-group images-1\" style=\"width: 247px; height: 364px;\" data-original-width=\"247\" data-original-height=\"364\" > <div class=\"tiled-gallery-item tiled-gallery-item-small\" itemprop=\"associatedMedia\" itemscope itemtype=\"http:\/\/schema.org\/ImageObject\"> <a href=\"https:\/\/miradordeatarfe.es\/?attachment_id=50747\" border=\"0\" itemprop=\"url\"> <meta itemprop=\"width\" content=\"243\"> <meta itemprop=\"height\" content=\"360\"> <img decoding=\"async\" class=\"\" data-attachment-id=\"50747\" data-orig-file=\"https:\/\/miradordeatarfe.es\/wp-content\/uploads\/2021\/12\/IMG_0641.jpg\" data-orig-size=\"604,893\" data-comments-opened=\"\" data-image-meta=\"{&quot;aperture&quot;:&quot;0&quot;,&quot;credit&quot;:&quot;&quot;,&quot;camera&quot;:&quot;&quot;,&quot;caption&quot;:&quot;&quot;,&quot;created_timestamp&quot;:&quot;0&quot;,&quot;copyright&quot;:&quot;&quot;,&quot;focal_length&quot;:&quot;0&quot;,&quot;iso&quot;:&quot;0&quot;,&quot;shutter_speed&quot;:&quot;0&quot;,&quot;title&quot;:&quot;&quot;,&quot;orientation&quot;:&quot;1&quot;}\" data-image-title=\"IMG_0641\" data-image-description=\"\" data-medium-file=\"https:\/\/i0.wp.com\/miradordeatarfe.es\/wp-content\/uploads\/2021\/12\/IMG_0641.jpg?fit=203%2C300&#038;ssl=1\" data-large-file=\"https:\/\/i0.wp.com\/miradordeatarfe.es\/wp-content\/uploads\/2021\/12\/IMG_0641.jpg?fit=604%2C893&#038;ssl=1\" src=\"https:\/\/i0.wp.com\/miradordeatarfe.es\/wp-content\/uploads\/2021\/12\/IMG_0641.jpg?w=243&#038;h=360&#038;ssl=1\" srcset=\"https:\/\/i0.wp.com\/miradordeatarfe.es\/wp-content\/uploads\/2021\/12\/IMG_0641.jpg?w=604&amp;ssl=1 604w, https:\/\/i0.wp.com\/miradordeatarfe.es\/wp-content\/uploads\/2021\/12\/IMG_0641.jpg?resize=203%2C300&amp;ssl=1 203w\" width=\"243\" height=\"360\" loading=\"lazy\" data-original-width=\"243\" data-original-height=\"360\" itemprop=\"http:\/\/schema.org\/image\" title=\"IMG_0641\" alt=\"IMG_0641\" style=\"width: 243px; height: 360px;\" \/> <\/a> <\/div> <\/div> <!-- close group --> <\/div> <!-- close row --> <\/div>\n<p align=\"JUSTIFY\">\u00a0<\/p>\n","protected":false},"excerpt":{"rendered":"<p>Tras varios fines de semana con una actividad atl\u00e9tica fren\u00e9tica con el acueducto de la&#8230;<\/p>\n","protected":false},"author":1,"featured_media":50745,"comment_status":"closed","ping_status":"closed","sticky":false,"template":"","format":"standard","meta":{"_coblocks_attr":"","_coblocks_dimensions":"","_coblocks_responsive_height":"","_coblocks_accordion_ie_support":"","jetpack_post_was_ever_published":false,"_jetpack_newsletter_access":"","_jetpack_dont_email_post_to_subs":false,"_jetpack_newsletter_tier_id":0,"_jetpack_memberships_contains_paywalled_content":false,"_jetpack_memberships_contains_paid_content":false,"footnotes":"","jetpack_publicize_message":"","jetpack_publicize_feature_enabled":true,"jetpack_social_post_already_shared":false,"jetpack_social_options":{"image_generator_settings":{"template":"highway","default_image_id":0,"enabled":false},"version":2}},"categories":[2,182,6915,44,15],"tags":[81,85,123],"class_list":["post-50744","post","type-post","status-publish","format-standard","has-post-thumbnail","hentry","category-atarfe","category-deportes","category-opinion-de-manuel-jimenez","category-noticias-de-hoy","category-ultimas-noticias","tag-atarfe","tag-atletismo","tag-deportes"],"jetpack_publicize_connections":[],"jetpack_featured_media_url":"https:\/\/i0.wp.com\/miradordeatarfe.es\/wp-content\/uploads\/2021\/12\/IMG_0632.jpg?fit=1125%2C1117&ssl=1","jetpack_likes_enabled":true,"jetpack_sharing_enabled":true,"_links":{"self":[{"href":"https:\/\/miradordeatarfe.es\/index.php?rest_route=\/wp\/v2\/posts\/50744","targetHints":{"allow":["GET"]}}],"collection":[{"href":"https:\/\/miradordeatarfe.es\/index.php?rest_route=\/wp\/v2\/posts"}],"about":[{"href":"https:\/\/miradordeatarfe.es\/index.php?rest_route=\/wp\/v2\/types\/post"}],"author":[{"embeddable":true,"href":"https:\/\/miradordeatarfe.es\/index.php?rest_route=\/wp\/v2\/users\/1"}],"replies":[{"embeddable":true,"href":"https:\/\/miradordeatarfe.es\/index.php?rest_route=%2Fwp%2Fv2%2Fcomments&post=50744"}],"version-history":[{"count":1,"href":"https:\/\/miradordeatarfe.es\/index.php?rest_route=\/wp\/v2\/posts\/50744\/revisions"}],"predecessor-version":[{"id":50748,"href":"https:\/\/miradordeatarfe.es\/index.php?rest_route=\/wp\/v2\/posts\/50744\/revisions\/50748"}],"wp:featuredmedia":[{"embeddable":true,"href":"https:\/\/miradordeatarfe.es\/index.php?rest_route=\/wp\/v2\/media\/50745"}],"wp:attachment":[{"href":"https:\/\/miradordeatarfe.es\/index.php?rest_route=%2Fwp%2Fv2%2Fmedia&parent=50744"}],"wp:term":[{"taxonomy":"category","embeddable":true,"href":"https:\/\/miradordeatarfe.es\/index.php?rest_route=%2Fwp%2Fv2%2Fcategories&post=50744"},{"taxonomy":"post_tag","embeddable":true,"href":"https:\/\/miradordeatarfe.es\/index.php?rest_route=%2Fwp%2Fv2%2Ftags&post=50744"}],"curies":[{"name":"wp","href":"https:\/\/api.w.org\/{rel}","templated":true}]}}