{"id":50749,"date":"2021-12-10T11:30:58","date_gmt":"2021-12-10T10:30:58","guid":{"rendered":"http:\/\/miradordeatarfe.es\/?p=50749"},"modified":"2023-10-21T18:58:16","modified_gmt":"2023-10-21T16:58:16","slug":"la-exposicion-madinat-ilbira-un-tesoro-por-descubrir-es-presentada-en-el-centro-para-educacion-de-personas-adultas-mariana-pineda-atarfe","status":"publish","type":"post","link":"https:\/\/miradordeatarfe.es\/?p=50749","title":{"rendered":"ATARFE: LA EXPOSICI\u00d3N \u201cMADINAT ILBIRA: UN TESORO POR DESCUBRIR\u201d ES PRESENTADA EN EL CENTRO PARA EDUCACI\u00d3N DE PERSONAS ADULTAS MARIANA PINEDA"},"content":{"rendered":"<h3 style=\"text-align: justify;\">Representantes de la Asociaci\u00f3n Cultural Cora de Ilbira explican al alumnado del Centro MARIANA PINEDA el Patrimonio Hist\u00f3rico-Arqueol\u00f3gico tan importante que tiene el municipio de Atarfe, por medio de proyecciones y paneles informativos.<\/h3>\n<p style=\"text-align: justify;\">El pasado 22 de noviembre se present\u00f3 en el Centro de Adultos la Exposici\u00f3n itinerante de la Asociaci\u00f3n Cultural Cora de Ilbira, &amp;quot; Madinat Ilbira: Un tesoro por descubrir&amp;quot;. Dentro del Proyecto financiado por Diputaci\u00f3n <strong>PATRIMONIALIZA-T<\/strong>, asistieron m\u00e1s de 40 personas, se alegraron e interesaron por la oportunidad de conocer mejor el Patrimonio de Atarfe, as\u00ed como el trabajo de la Asociaci\u00f3n Cora de Ilbira.<\/p>\n<p style=\"text-align: justify;\">En primer lugar la Presidenta Paqui Fuillerat explic\u00f3 el origen de la asociaci\u00f3n desde el a\u00f1o 2007 y el trabajo que ha venido desarrollando en favor de la investigaci\u00f3n, difusi\u00f3n y protecci\u00f3n de<br \/>\nMadinat Ilbira. As\u00ed mismo present\u00f3 el proyecto actual de Exposici\u00f3n itinerante sobre Madinat Ilbira en los centros escolares de Atarfe, 10 paneles informativos con im\u00e1genes diversas y textos<br \/>\nexplicativos.<\/p>\n<p style=\"text-align: justify;\">A continuaci\u00f3n intervino el secretario de la Asociaci\u00f3n Cora de Ilbira, Paco R. Quesada, recorriendo uno por uno el contenido de los distintos paneles en los que se sit\u00faa el contexto<br \/>\ngeogr\u00e1fico-hist\u00f3rico de Madinat Ilbira, los testimonios escritos y las excavaciones del XIX, XX, XXI.<\/p>\n<p style=\"text-align: justify;\">Se ofreci\u00f3 tambi\u00e9n una muestra de im\u00e1genes con los materiales hallados y los eventos relacionados con este importante patrimonio. Posteriormente los representantes y voluntarios Jos\u00e9 Castellano y Carlos Mart\u00ednez compartieron su experiencia de voluntariado cultural en las intervenciones arqueol\u00f3gicas m\u00e1s recientes y la necesidad de que todas las personas de Atarfe nos<br \/>\nimpliquemos en la defensa de este Patrimonio. El acto cont\u00f3 tambi\u00e9n con la colaboraci\u00f3n del vocal de la asociaci\u00f3n Manolo Codina en el montaje de los paneles y seguimiento fotogr\u00e1fico.<\/p>\n<p style=\"text-align: justify;\">En el turno de preguntas, varias intervenciones insist\u00edan en la necesidad de poder ver algunas de las excavaciones y elementos del yacimiento, pues todas han sido posteriormente enterradas por<br \/>\nfalta de garant\u00eda de protecci\u00f3n. Otras preguntaban por qu\u00e9 no exist\u00eda un museo o centro de interpretaci\u00f3n local despu\u00e9s de m\u00e1s de 20 a\u00f1os de excavaciones como en otros municipios con un<br \/>\npatrimonio hist\u00f3rico-arqueol\u00f3gico inferior. Se hizo referencia a los nuevos proyectos previstos por el Ayuntamiento para convertir el espacio municipal de La Lastra en Sierra Elvira en un Centro<br \/>\npara investigadores.<\/p>\n<p style=\"text-align: justify;\">La sesi\u00f3n acab\u00f3 despu\u00e9s de m\u00e1s de hora y media hablando de Madinat Ilbira con el compromiso de organizar una visita guiada por alguien del equipo de Investigadores de la Universidad de Granada, pues todas las personas asistentes mostraron un gran inter\u00e9s en saber m\u00e1s sobre Madinat Ilbira.<\/p>\n<div class=\"tiled-gallery type-rectangular tiled-gallery-unresized\" data-original-width=\"640\" data-carousel-extra='null' itemscope itemtype=\"http:\/\/schema.org\/ImageGallery\" > <div class=\"gallery-row\" style=\"width: 640px; height: 290px;\" data-original-width=\"640\" data-original-height=\"290\" > <div class=\"gallery-group images-1\" style=\"width: 640px; height: 290px;\" data-original-width=\"640\" data-original-height=\"290\" > <div class=\"tiled-gallery-item tiled-gallery-item-large\" itemprop=\"associatedMedia\" itemscope itemtype=\"http:\/\/schema.org\/ImageObject\"> <a href=\"https:\/\/miradordeatarfe.es\/?attachment_id=50751\" border=\"0\" itemprop=\"url\"> <meta itemprop=\"width\" content=\"636\"> <meta itemprop=\"height\" content=\"286\"> <img decoding=\"async\" class=\"\" data-attachment-id=\"50751\" data-orig-file=\"https:\/\/miradordeatarfe.es\/wp-content\/uploads\/2021\/12\/1638195563876-scaled.jpg\" data-orig-size=\"2560,1152\" data-comments-opened=\"\" data-image-meta=\"{&quot;aperture&quot;:&quot;1.79&quot;,&quot;credit&quot;:&quot;&quot;,&quot;camera&quot;:&quot;--&quot;,&quot;caption&quot;:&quot;&quot;,&quot;created_timestamp&quot;:&quot;1637603891&quot;,&quot;copyright&quot;:&quot;&quot;,&quot;focal_length&quot;:&quot;4.71&quot;,&quot;iso&quot;:&quot;318&quot;,&quot;shutter_speed&quot;:&quot;0.02&quot;,&quot;title&quot;:&quot;&quot;,&quot;orientation&quot;:&quot;1&quot;}\" data-image-title=\"1638195563876\" data-image-description=\"\" data-medium-file=\"https:\/\/i0.wp.com\/miradordeatarfe.es\/wp-content\/uploads\/2021\/12\/1638195563876-scaled.jpg?fit=300%2C135&#038;ssl=1\" data-large-file=\"https:\/\/i0.wp.com\/miradordeatarfe.es\/wp-content\/uploads\/2021\/12\/1638195563876-scaled.jpg?fit=640%2C288&#038;ssl=1\" src=\"https:\/\/i0.wp.com\/miradordeatarfe.es\/wp-content\/uploads\/2021\/12\/1638195563876-scaled.jpg?w=636&#038;h=286&#038;ssl=1\" srcset=\"https:\/\/i0.wp.com\/miradordeatarfe.es\/wp-content\/uploads\/2021\/12\/1638195563876-scaled.jpg?w=2560&amp;ssl=1 2560w, https:\/\/i0.wp.com\/miradordeatarfe.es\/wp-content\/uploads\/2021\/12\/1638195563876-scaled.jpg?resize=300%2C135&amp;ssl=1 300w, https:\/\/i0.wp.com\/miradordeatarfe.es\/wp-content\/uploads\/2021\/12\/1638195563876-scaled.jpg?resize=1024%2C461&amp;ssl=1 1024w, https:\/\/i0.wp.com\/miradordeatarfe.es\/wp-content\/uploads\/2021\/12\/1638195563876-scaled.jpg?resize=768%2C346&amp;ssl=1 768w, https:\/\/i0.wp.com\/miradordeatarfe.es\/wp-content\/uploads\/2021\/12\/1638195563876-scaled.jpg?resize=1536%2C691&amp;ssl=1 1536w, https:\/\/i0.wp.com\/miradordeatarfe.es\/wp-content\/uploads\/2021\/12\/1638195563876-scaled.jpg?resize=2048%2C922&amp;ssl=1 2048w, https:\/\/i0.wp.com\/miradordeatarfe.es\/wp-content\/uploads\/2021\/12\/1638195563876-scaled.jpg?resize=1320%2C594&amp;ssl=1 1320w, https:\/\/i0.wp.com\/miradordeatarfe.es\/wp-content\/uploads\/2021\/12\/1638195563876-scaled.jpg?w=1920&amp;ssl=1 1920w\" width=\"636\" height=\"286\" loading=\"lazy\" data-original-width=\"636\" data-original-height=\"286\" itemprop=\"http:\/\/schema.org\/image\" title=\"1638195563876\" alt=\"1638195563876\" style=\"width: 636px; height: 286px;\" \/> <\/a> <\/div> <\/div> <!-- close group --> <\/div> <!-- close row --> <div class=\"gallery-row\" style=\"width: 640px; height: 290px;\" data-original-width=\"640\" data-original-height=\"290\" > <div class=\"gallery-group images-1\" style=\"width: 640px; height: 290px;\" data-original-width=\"640\" data-original-height=\"290\" > <div class=\"tiled-gallery-item tiled-gallery-item-large\" itemprop=\"associatedMedia\" itemscope itemtype=\"http:\/\/schema.org\/ImageObject\"> <a href=\"https:\/\/miradordeatarfe.es\/?attachment_id=50752\" border=\"0\" itemprop=\"url\"> <meta itemprop=\"width\" content=\"636\"> <meta itemprop=\"height\" content=\"286\"> <img decoding=\"async\" class=\"\" data-attachment-id=\"50752\" data-orig-file=\"https:\/\/miradordeatarfe.es\/wp-content\/uploads\/2021\/12\/1638195563895-scaled.jpg\" data-orig-size=\"2560,1152\" data-comments-opened=\"\" data-image-meta=\"{&quot;aperture&quot;:&quot;1.79&quot;,&quot;credit&quot;:&quot;&quot;,&quot;camera&quot;:&quot;--&quot;,&quot;caption&quot;:&quot;&quot;,&quot;created_timestamp&quot;:&quot;1637603119&quot;,&quot;copyright&quot;:&quot;&quot;,&quot;focal_length&quot;:&quot;4.71&quot;,&quot;iso&quot;:&quot;211&quot;,&quot;shutter_speed&quot;:&quot;0.02&quot;,&quot;title&quot;:&quot;&quot;,&quot;orientation&quot;:&quot;1&quot;}\" data-image-title=\"1638195563895\" data-image-description=\"\" data-medium-file=\"https:\/\/i0.wp.com\/miradordeatarfe.es\/wp-content\/uploads\/2021\/12\/1638195563895-scaled.jpg?fit=300%2C135&#038;ssl=1\" data-large-file=\"https:\/\/i0.wp.com\/miradordeatarfe.es\/wp-content\/uploads\/2021\/12\/1638195563895-scaled.jpg?fit=640%2C288&#038;ssl=1\" src=\"https:\/\/i0.wp.com\/miradordeatarfe.es\/wp-content\/uploads\/2021\/12\/1638195563895-scaled.jpg?w=636&#038;h=286&#038;ssl=1\" srcset=\"https:\/\/i0.wp.com\/miradordeatarfe.es\/wp-content\/uploads\/2021\/12\/1638195563895-scaled.jpg?w=2560&amp;ssl=1 2560w, https:\/\/i0.wp.com\/miradordeatarfe.es\/wp-content\/uploads\/2021\/12\/1638195563895-scaled.jpg?resize=300%2C135&amp;ssl=1 300w, https:\/\/i0.wp.com\/miradordeatarfe.es\/wp-content\/uploads\/2021\/12\/1638195563895-scaled.jpg?resize=1024%2C461&amp;ssl=1 1024w, https:\/\/i0.wp.com\/miradordeatarfe.es\/wp-content\/uploads\/2021\/12\/1638195563895-scaled.jpg?resize=768%2C346&amp;ssl=1 768w, https:\/\/i0.wp.com\/miradordeatarfe.es\/wp-content\/uploads\/2021\/12\/1638195563895-scaled.jpg?resize=1536%2C691&amp;ssl=1 1536w, https:\/\/i0.wp.com\/miradordeatarfe.es\/wp-content\/uploads\/2021\/12\/1638195563895-scaled.jpg?resize=2048%2C922&amp;ssl=1 2048w, https:\/\/i0.wp.com\/miradordeatarfe.es\/wp-content\/uploads\/2021\/12\/1638195563895-scaled.jpg?resize=1320%2C594&amp;ssl=1 1320w, https:\/\/i0.wp.com\/miradordeatarfe.es\/wp-content\/uploads\/2021\/12\/1638195563895-scaled.jpg?w=1920&amp;ssl=1 1920w\" width=\"636\" height=\"286\" loading=\"lazy\" data-original-width=\"636\" data-original-height=\"286\" itemprop=\"http:\/\/schema.org\/image\" title=\"1638195563895\" alt=\"1638195563895\" style=\"width: 636px; height: 286px;\" \/> <\/a> <\/div> <\/div> <!-- close group --> <\/div> <!-- close row --> <div class=\"gallery-row\" style=\"width: 640px; height: 146px;\" data-original-width=\"640\" data-original-height=\"146\" > <div class=\"gallery-group images-1\" style=\"width: 320px; height: 146px;\" data-original-width=\"320\" data-original-height=\"146\" > <div class=\"tiled-gallery-item tiled-gallery-item-large\" itemprop=\"associatedMedia\" itemscope itemtype=\"http:\/\/schema.org\/ImageObject\"> <a href=\"https:\/\/miradordeatarfe.es\/?attachment_id=50753\" border=\"0\" itemprop=\"url\"> <meta itemprop=\"width\" content=\"316\"> <meta itemprop=\"height\" content=\"142\"> <img decoding=\"async\" class=\"\" data-attachment-id=\"50753\" data-orig-file=\"https:\/\/miradordeatarfe.es\/wp-content\/uploads\/2021\/12\/1638195563899-scaled.jpg\" data-orig-size=\"2560,1152\" data-comments-opened=\"\" data-image-meta=\"{&quot;aperture&quot;:&quot;1.79&quot;,&quot;credit&quot;:&quot;&quot;,&quot;camera&quot;:&quot;--&quot;,&quot;caption&quot;:&quot;&quot;,&quot;created_timestamp&quot;:&quot;1637603106&quot;,&quot;copyright&quot;:&quot;&quot;,&quot;focal_length&quot;:&quot;4.71&quot;,&quot;iso&quot;:&quot;287&quot;,&quot;shutter_speed&quot;:&quot;0.02&quot;,&quot;title&quot;:&quot;&quot;,&quot;orientation&quot;:&quot;1&quot;}\" data-image-title=\"1638195563899\" data-image-description=\"\" data-medium-file=\"https:\/\/i0.wp.com\/miradordeatarfe.es\/wp-content\/uploads\/2021\/12\/1638195563899-scaled.jpg?fit=300%2C135&#038;ssl=1\" data-large-file=\"https:\/\/i0.wp.com\/miradordeatarfe.es\/wp-content\/uploads\/2021\/12\/1638195563899-scaled.jpg?fit=640%2C288&#038;ssl=1\" src=\"https:\/\/i0.wp.com\/miradordeatarfe.es\/wp-content\/uploads\/2021\/12\/1638195563899-scaled.jpg?w=316&#038;h=142&#038;ssl=1\" srcset=\"https:\/\/i0.wp.com\/miradordeatarfe.es\/wp-content\/uploads\/2021\/12\/1638195563899-scaled.jpg?w=2560&amp;ssl=1 2560w, https:\/\/i0.wp.com\/miradordeatarfe.es\/wp-content\/uploads\/2021\/12\/1638195563899-scaled.jpg?resize=300%2C135&amp;ssl=1 300w, https:\/\/i0.wp.com\/miradordeatarfe.es\/wp-content\/uploads\/2021\/12\/1638195563899-scaled.jpg?resize=1024%2C461&amp;ssl=1 1024w, https:\/\/i0.wp.com\/miradordeatarfe.es\/wp-content\/uploads\/2021\/12\/1638195563899-scaled.jpg?resize=768%2C346&amp;ssl=1 768w, https:\/\/i0.wp.com\/miradordeatarfe.es\/wp-content\/uploads\/2021\/12\/1638195563899-scaled.jpg?resize=1536%2C691&amp;ssl=1 1536w, https:\/\/i0.wp.com\/miradordeatarfe.es\/wp-content\/uploads\/2021\/12\/1638195563899-scaled.jpg?resize=2048%2C922&amp;ssl=1 2048w, https:\/\/i0.wp.com\/miradordeatarfe.es\/wp-content\/uploads\/2021\/12\/1638195563899-scaled.jpg?resize=1320%2C594&amp;ssl=1 1320w, https:\/\/i0.wp.com\/miradordeatarfe.es\/wp-content\/uploads\/2021\/12\/1638195563899-scaled.jpg?w=1920&amp;ssl=1 1920w\" width=\"316\" height=\"142\" loading=\"lazy\" data-original-width=\"316\" data-original-height=\"142\" itemprop=\"http:\/\/schema.org\/image\" title=\"1638195563899\" alt=\"1638195563899\" style=\"width: 316px; height: 142px;\" \/> <\/a> <\/div> <\/div> <!-- close group --> <div class=\"gallery-group images-1\" style=\"width: 320px; height: 146px;\" data-original-width=\"320\" data-original-height=\"146\" > <div class=\"tiled-gallery-item tiled-gallery-item-large\" itemprop=\"associatedMedia\" itemscope itemtype=\"http:\/\/schema.org\/ImageObject\"> <a href=\"https:\/\/miradordeatarfe.es\/?attachment_id=50754\" border=\"0\" itemprop=\"url\"> <meta itemprop=\"width\" content=\"316\"> <meta itemprop=\"height\" content=\"142\"> <img decoding=\"async\" class=\"\" data-attachment-id=\"50754\" data-orig-file=\"https:\/\/miradordeatarfe.es\/wp-content\/uploads\/2021\/12\/1638195563906-scaled.jpg\" data-orig-size=\"2560,1152\" data-comments-opened=\"\" data-image-meta=\"{&quot;aperture&quot;:&quot;1.79&quot;,&quot;credit&quot;:&quot;&quot;,&quot;camera&quot;:&quot;--&quot;,&quot;caption&quot;:&quot;&quot;,&quot;created_timestamp&quot;:&quot;1637603043&quot;,&quot;copyright&quot;:&quot;&quot;,&quot;focal_length&quot;:&quot;4.71&quot;,&quot;iso&quot;:&quot;190&quot;,&quot;shutter_speed&quot;:&quot;0.02&quot;,&quot;title&quot;:&quot;&quot;,&quot;orientation&quot;:&quot;1&quot;}\" data-image-title=\"1638195563906\" data-image-description=\"\" data-medium-file=\"https:\/\/i0.wp.com\/miradordeatarfe.es\/wp-content\/uploads\/2021\/12\/1638195563906-scaled.jpg?fit=300%2C135&#038;ssl=1\" data-large-file=\"https:\/\/i0.wp.com\/miradordeatarfe.es\/wp-content\/uploads\/2021\/12\/1638195563906-scaled.jpg?fit=640%2C288&#038;ssl=1\" src=\"https:\/\/i0.wp.com\/miradordeatarfe.es\/wp-content\/uploads\/2021\/12\/1638195563906-scaled.jpg?w=316&#038;h=142&#038;ssl=1\" srcset=\"https:\/\/i0.wp.com\/miradordeatarfe.es\/wp-content\/uploads\/2021\/12\/1638195563906-scaled.jpg?w=2560&amp;ssl=1 2560w, https:\/\/i0.wp.com\/miradordeatarfe.es\/wp-content\/uploads\/2021\/12\/1638195563906-scaled.jpg?resize=300%2C135&amp;ssl=1 300w, https:\/\/i0.wp.com\/miradordeatarfe.es\/wp-content\/uploads\/2021\/12\/1638195563906-scaled.jpg?resize=1024%2C461&amp;ssl=1 1024w, https:\/\/i0.wp.com\/miradordeatarfe.es\/wp-content\/uploads\/2021\/12\/1638195563906-scaled.jpg?resize=768%2C346&amp;ssl=1 768w, https:\/\/i0.wp.com\/miradordeatarfe.es\/wp-content\/uploads\/2021\/12\/1638195563906-scaled.jpg?resize=1536%2C691&amp;ssl=1 1536w, https:\/\/i0.wp.com\/miradordeatarfe.es\/wp-content\/uploads\/2021\/12\/1638195563906-scaled.jpg?resize=2048%2C922&amp;ssl=1 2048w, https:\/\/i0.wp.com\/miradordeatarfe.es\/wp-content\/uploads\/2021\/12\/1638195563906-scaled.jpg?resize=1320%2C594&amp;ssl=1 1320w, https:\/\/i0.wp.com\/miradordeatarfe.es\/wp-content\/uploads\/2021\/12\/1638195563906-scaled.jpg?w=1920&amp;ssl=1 1920w\" width=\"316\" height=\"142\" loading=\"lazy\" data-original-width=\"316\" data-original-height=\"142\" itemprop=\"http:\/\/schema.org\/image\" title=\"1638195563906\" alt=\"1638195563906\" style=\"width: 316px; height: 142px;\" \/> <\/a> <\/div> <\/div> <!-- close group --> <\/div> <!-- close row --> <\/div>\n","protected":false},"excerpt":{"rendered":"<p>Representantes de la Asociaci\u00f3n Cultural Cora de Ilbira explican al alumnado del Centro MARIANA PINEDA&#8230;<\/p>\n","protected":false},"author":1,"featured_media":50750,"comment_status":"closed","ping_status":"closed","sticky":false,"template":"","format":"standard","meta":{"_coblocks_attr":"","_coblocks_dimensions":"","_coblocks_responsive_height":"","_coblocks_accordion_ie_support":"","jetpack_post_was_ever_published":false,"_jetpack_newsletter_access":"","_jetpack_dont_email_post_to_subs":false,"_jetpack_newsletter_tier_id":0,"_jetpack_memberships_contains_paywalled_content":false,"_jetpack_memberships_contains_paid_content":false,"footnotes":"","jetpack_publicize_message":"","jetpack_publicize_feature_enabled":true,"jetpack_social_post_already_shared":false,"jetpack_social_options":{"image_generator_settings":{"template":"highway","default_image_id":0,"enabled":false},"version":2}},"categories":[187,9029,5359,10431],"tags":[5826,80,235,5363],"class_list":["post-50749","post","type-post","status-publish","format-standard","has-post-thumbnail","hentry","category-centros-educativos","category-la-cora-de-ilbira","category-madinat-ilbira","category-medina-elvira-2","tag-centro-de-adultos","tag-excavaciones","tag-exposicion","tag-madinatilbira"],"jetpack_publicize_connections":[],"jetpack_featured_media_url":"https:\/\/i0.wp.com\/miradordeatarfe.es\/wp-content\/uploads\/2021\/12\/1638195563890-scaled.jpg?fit=2560%2C1152&ssl=1","jetpack_likes_enabled":true,"jetpack_sharing_enabled":true,"_links":{"self":[{"href":"https:\/\/miradordeatarfe.es\/index.php?rest_route=\/wp\/v2\/posts\/50749","targetHints":{"allow":["GET"]}}],"collection":[{"href":"https:\/\/miradordeatarfe.es\/index.php?rest_route=\/wp\/v2\/posts"}],"about":[{"href":"https:\/\/miradordeatarfe.es\/index.php?rest_route=\/wp\/v2\/types\/post"}],"author":[{"embeddable":true,"href":"https:\/\/miradordeatarfe.es\/index.php?rest_route=\/wp\/v2\/users\/1"}],"replies":[{"embeddable":true,"href":"https:\/\/miradordeatarfe.es\/index.php?rest_route=%2Fwp%2Fv2%2Fcomments&post=50749"}],"version-history":[{"count":4,"href":"https:\/\/miradordeatarfe.es\/index.php?rest_route=\/wp\/v2\/posts\/50749\/revisions"}],"predecessor-version":[{"id":50771,"href":"https:\/\/miradordeatarfe.es\/index.php?rest_route=\/wp\/v2\/posts\/50749\/revisions\/50771"}],"wp:featuredmedia":[{"embeddable":true,"href":"https:\/\/miradordeatarfe.es\/index.php?rest_route=\/wp\/v2\/media\/50750"}],"wp:attachment":[{"href":"https:\/\/miradordeatarfe.es\/index.php?rest_route=%2Fwp%2Fv2%2Fmedia&parent=50749"}],"wp:term":[{"taxonomy":"category","embeddable":true,"href":"https:\/\/miradordeatarfe.es\/index.php?rest_route=%2Fwp%2Fv2%2Fcategories&post=50749"},{"taxonomy":"post_tag","embeddable":true,"href":"https:\/\/miradordeatarfe.es\/index.php?rest_route=%2Fwp%2Fv2%2Ftags&post=50749"}],"curies":[{"name":"wp","href":"https:\/\/api.w.org\/{rel}","templated":true}]}}