{"id":50787,"date":"2022-01-01T11:04:51","date_gmt":"2022-01-01T10:04:51","guid":{"rendered":"https:\/\/miradordeatarfe.es\/?p=50787"},"modified":"2022-01-04T20:53:08","modified_gmt":"2022-01-04T19:53:08","slug":"el-grupo-realidad-por-jose-enrique-granados-2","status":"publish","type":"post","link":"https:\/\/miradordeatarfe.es\/?p=50787","title":{"rendered":"\u00abEL GRUPO REALIDAD\u00bb por Jos\u00e9 Enrique Granados"},"content":{"rendered":"<h3 dir=\"auto\" style=\"text-align: justify;\">J. Galera en la secci\u00f3n musical de IDEAL, titulada \u201cTOP MUSICAL\u201d el 16 de julio de 1970 public\u00f3 el siguiente art\u00edculo<\/h3>\n<div dir=\"auto\" style=\"text-align: justify;\">\u00abEl pasado domingo, d\u00eda 9, tuvimos la grata sorpresa de escuchar y comtenplar en el programa \u201cA todo ritmo\u201d de TVE, la m\u00e1s reciente actuaci\u00f3n del conjunto granadino. Nos sorprendi\u00f3 porque su \u00faltimo disco no ha sido agotado del todo. Y lo que realmente o\u00edmos era ya la primicia de un nuevo sencillo con el que nos sorprendieron agradablemente. Puestos a encontrarlos y charlar con ellos, nos vimos en la imposibilidad de pasar un rato. Sin embargo me decid\u00ed por cambiar impresiones con Paco Alarc\u00f3n, su representante nacional, para que me diera a conocer las andanzas del grupo.<\/div>\n<div dir=\"auto\" style=\"text-align: justify;\">\u00a0<\/div>\n<div dir=\"auto\" style=\"text-align: justify;\"><strong>\u00bfC\u00f3mo fue esa actuaci\u00f3n sorpresa en \u201cA todo ritmo\u201d?<\/strong><\/div>\n<div dir=\"auto\" style=\"text-align: justify;\">En la sorpresa coincidimos, poruqe era una actuaci\u00f3n prevista para el domingo siguiente o sea hoy. Lo que ocurres es que la televisi\u00f3n impone una serie de condicionamientos que hay que seguir para adecuar la programaci\u00f3n.<\/div>\n<div dir=\"auto\" style=\"text-align: justify;\">\u00a0<\/div>\n<div dir=\"auto\" style=\"text-align: justify;\"><strong>\u00bfSu \u00faltimo disco es el presentado entonces?<\/strong><\/div>\n<div dir=\"auto\" style=\"text-align: justify;\">As\u00ed es. Es un sencillo que no est\u00e1 terminado todav\u00eda pero que, como pudiste escuchar, tiene una l\u00ednea totalmente nueva.<\/div>\n<div dir=\"auto\" style=\"text-align: justify;\">\u00a0<\/div>\n<div dir=\"auto\" style=\"text-align: justify;\"><strong>\u00bfCu\u00e1l es el tema estrella?<\/strong><\/div>\n<div dir=\"auto\" style=\"text-align: justify;\">Es una canci\u00f3n de un autor ingl\u00e9s que ha contratado la casa grabadora. Se titula \u201c\u00bfTe quiero realmente?\u201d. El compositor se llama Peter Shelley. Es francamente bueno y creo que haremos muchas m\u00e1s cosas con \u00e9l.<\/div>\n<div dir=\"auto\" style=\"text-align: justify;\">\u00a0<\/div>\n<div dir=\"auto\" style=\"text-align: justify;\"><strong>\u00bfEn que consiste la novedad del cambio de formas?<\/strong><\/div>\n<div dir=\"auto\" style=\"text-align: justify;\">Es dificil de decir pero creo que acierto si te digo que es es buscar su expresi\u00f3n joven, personal.<\/div>\n<div dir=\"auto\" style=\"text-align: justify;\">\u00a0<\/div>\n<div dir=\"auto\" style=\"text-align: justify;\"><strong>\u00bfEs que acaso no las encontraron en las anteriores?<\/strong><\/div>\n<div dir=\"auto\" style=\"text-align: justify;\">Desde luego creo que la m\u00e1s cercana fue \u201cOcaso de un amor\u201d. Paso a paso Paco Alarc\u00f3n ha ido viendo y creando las posibilidades del grupo. Hoy cuando de ellos termina haciendo una descripci\u00f3n apote\u00f3sicas de las actuaciones de \u201cRealidad\u201d. No queremos dejar de decir que tal como aparece en la fotograf\u00eda, uno de los miembros en\u00a1s nevo. El \u00f3rgano del grupo, Jos\u00e9 Luis, est\u00e1 cumpliendo su servicio militar y pronto volver\u00e1.<\/div>\n<div dir=\"auto\" style=\"text-align: justify;\">\u00a0<\/div>\n<div dir=\"auto\" style=\"text-align: justify;\"><strong>\u00bfCu\u00e1l ser\u00e1 la pr\u00f3xima actuaci\u00f3n?<\/strong><\/div>\n<div dir=\"auto\" style=\"text-align: justify;\">Por Granada es posible que no vengan muy pronto. Tal vez lo m\u00e1s inmediato sea una nueva actuaci\u00f3n en TVE, en el programa \u201cBuenas Tardes\u201d. De eso ya hablaremos.<\/div>\n<div dir=\"auto\" style=\"text-align: justify;\">\u201cRealidad\u201d sigue dando que hablar. El joven conjunto granadino no quiere perder el tren de las oportunidades. Nuevo disco en puertas. Ya hablaremos de \u00e9l cuando lo tengamos en la mano.<\/div>\n<div dir=\"auto\">\u00a0<\/div>\n<div dir=\"auto\"><a href=\"https:\/\/i0.wp.com\/miradordeatarfe.es\/wp-content\/uploads\/2021\/12\/263270516_295473605919462_8300749791927699609_n.jpg?ssl=1\"><img data-recalc-dims=\"1\" loading=\"lazy\" decoding=\"async\" class=\"alignnone wp-image-50788 size-full\" src=\"https:\/\/i0.wp.com\/miradordeatarfe.es\/wp-content\/uploads\/2021\/12\/263270516_295473605919462_8300749791927699609_n.jpg?resize=526%2C703&#038;ssl=1\" alt=\"\" width=\"526\" height=\"703\" srcset=\"https:\/\/i0.wp.com\/miradordeatarfe.es\/wp-content\/uploads\/2021\/12\/263270516_295473605919462_8300749791927699609_n.jpg?w=526&amp;ssl=1 526w, https:\/\/i0.wp.com\/miradordeatarfe.es\/wp-content\/uploads\/2021\/12\/263270516_295473605919462_8300749791927699609_n.jpg?resize=224%2C300&amp;ssl=1 224w\" sizes=\"auto, (max-width: 526px) 100vw, 526px\" \/><\/a><\/div>\n<div dir=\"auto\">\u00a0<\/div>\n<div dir=\"auto\">Curiosidades elvirenses.<\/div>\n","protected":false},"excerpt":{"rendered":"<p>J. Galera en la secci\u00f3n musical de IDEAL, titulada \u201cTOP MUSICAL\u201d el 16 de julio&#8230;<\/p>\n","protected":false},"author":1,"featured_media":51374,"comment_status":"closed","ping_status":"closed","sticky":false,"template":"","format":"standard","meta":{"_coblocks_attr":"","_coblocks_dimensions":"","_coblocks_responsive_height":"","_coblocks_accordion_ie_support":"","jetpack_post_was_ever_published":false,"_jetpack_newsletter_access":"","_jetpack_dont_email_post_to_subs":false,"_jetpack_newsletter_tier_id":0,"_jetpack_memberships_contains_paywalled_content":false,"_jetpack_memberships_contains_paid_content":false,"footnotes":"","jetpack_publicize_message":"","jetpack_publicize_feature_enabled":true,"jetpack_social_post_already_shared":false,"jetpack_social_options":{"image_generator_settings":{"template":"highway","default_image_id":0,"enabled":false},"version":2}},"categories":[2,1161,38,44,6539,15],"tags":[799,7118],"class_list":["post-50787","post","type-post","status-publish","format-standard","has-post-thumbnail","hentry","category-atarfe","category-ciudadania","category-opinion-de-jose-enrique-granados","category-noticias-de-hoy","category-personajes-de-ataref","category-ultimas-noticias","tag-canciones","tag-grupo-realidad"],"jetpack_publicize_connections":[],"jetpack_featured_media_url":"https:\/\/i0.wp.com\/miradordeatarfe.es\/wp-content\/uploads\/2022\/01\/1640085642_723038_1640533153_noticia_normal_recorte1.jpg?fit=1300%2C1039&ssl=1","jetpack_likes_enabled":true,"jetpack_sharing_enabled":true,"_links":{"self":[{"href":"https:\/\/miradordeatarfe.es\/index.php?rest_route=\/wp\/v2\/posts\/50787","targetHints":{"allow":["GET"]}}],"collection":[{"href":"https:\/\/miradordeatarfe.es\/index.php?rest_route=\/wp\/v2\/posts"}],"about":[{"href":"https:\/\/miradordeatarfe.es\/index.php?rest_route=\/wp\/v2\/types\/post"}],"author":[{"embeddable":true,"href":"https:\/\/miradordeatarfe.es\/index.php?rest_route=\/wp\/v2\/users\/1"}],"replies":[{"embeddable":true,"href":"https:\/\/miradordeatarfe.es\/index.php?rest_route=%2Fwp%2Fv2%2Fcomments&post=50787"}],"version-history":[{"count":1,"href":"https:\/\/miradordeatarfe.es\/index.php?rest_route=\/wp\/v2\/posts\/50787\/revisions"}],"predecessor-version":[{"id":50790,"href":"https:\/\/miradordeatarfe.es\/index.php?rest_route=\/wp\/v2\/posts\/50787\/revisions\/50790"}],"wp:featuredmedia":[{"embeddable":true,"href":"https:\/\/miradordeatarfe.es\/index.php?rest_route=\/wp\/v2\/media\/51374"}],"wp:attachment":[{"href":"https:\/\/miradordeatarfe.es\/index.php?rest_route=%2Fwp%2Fv2%2Fmedia&parent=50787"}],"wp:term":[{"taxonomy":"category","embeddable":true,"href":"https:\/\/miradordeatarfe.es\/index.php?rest_route=%2Fwp%2Fv2%2Fcategories&post=50787"},{"taxonomy":"post_tag","embeddable":true,"href":"https:\/\/miradordeatarfe.es\/index.php?rest_route=%2Fwp%2Fv2%2Ftags&post=50787"}],"curies":[{"name":"wp","href":"https:\/\/api.w.org\/{rel}","templated":true}]}}