{"id":50832,"date":"2021-12-14T09:44:02","date_gmt":"2021-12-14T08:44:02","guid":{"rendered":"http:\/\/miradordeatarfe.es\/?p=50832"},"modified":"2021-12-13T23:07:42","modified_gmt":"2021-12-13T22:07:42","slug":"vacunar-de-la-covid-en-el-colegio-docentes-y-familias-denuncian-que-el-sistema-puede-estigmatizar-a-los-ninos","status":"publish","type":"post","link":"https:\/\/miradordeatarfe.es\/?p=50832","title":{"rendered":"Vacunar de la covid en el colegio: docentes y familias denuncian que el sistema puede estigmatizar a los ni\u00f1os"},"content":{"rendered":"<div class=\"a_e_txt _df\">\n<h3 class=\"a_st\" style=\"text-align: justify;\">Parte de los profesores temen que los menores no inmunizados queden se\u00f1alados y se generen problemas de convivencia. Tres autonom\u00edas han anunciado que inmunizar\u00e1n en los centros educativos y otras dos estudian hacerlo<\/h3>\n<\/div>\n<article class=\"a _g _g-lg _g-o\">\n<header class=\"a_e _g _g-xs\">\n<div class=\"a_e_m\">\u00a0<\/div>\n<\/header>\n<div class=\"a_c clearfix\">\n<p class=\"\"><a href=\"https:\/\/elpais.com\/sociedad\/2021-12-10\/asi-sera-la-vacunacion-de-los-ninos-en-cada-comunidad-vacunodromos-colegios-hospitales-y-centros-de-salud.html\" target=\"_blank\" rel=\"noopener\" data-link-track-dtm=\"\">La vacunaci\u00f3n de los ni\u00f1os de 5 a 11 a\u00f1os en colegios,<\/a> que han anunciado tres autonom\u00edas y se plantean hacer otras dos, ha abierto un debate en la comunidad educativa, parte de cuyos representantes temen que inmunizar a los chavales en la escuela estigmatice a quienes no reciban el suero por una decisi\u00f3n que no tomar\u00e1n ellos, sino sus padres.<\/p>\n<p class=\"\">La Comunidad Valenciana, Extremadura y La Rioja han confirmado que vacunar\u00e1n a los ni\u00f1os en los centros educativos, mientras Castilla-La Mancha y Canarias estudian hacerlo. Otros territorios, como Arag\u00f3n o Madrid, lo han descartado finalmente, aunque m\u00e1s por dificultades organizativas, como el comienzo de las vacaciones de Navidad, que \u00e9ticos o de convivencia, que son los que apunta <a href=\"https:\/\/elpais.com\/educacion\/2020-06-02\/los-alumnos-de-infantil-y-primaria-deben-volver-a-la-escuela-las-horas-de-siempre.html\" target=\"_blank\" rel=\"noopener\" data-link-track-dtm=\"\">Vicent Ma\u00f1es<\/a>, presidente de la Federaci\u00f3n de Asociaciones de Directivos de Centros P\u00fablicos de Educaci\u00f3n Infantil y Primaria, Fedeip: \u201cAdem\u00e1s de cuestiones log\u00edsticas, vacunar en la escuela plantea sobre todo un problema para garantizar la confidencialidad, porque ser\u00e1 muy dif\u00edcil evitar que se sepa qui\u00e9n se vacuna y qui\u00e9n no\u201d.<\/p>\n<\/div>\n<\/article>\n<p class=\"\" style=\"text-align: justify;\">Ma\u00f1es, director de un colegio en Cata-roja, Valencia, considera que hacer con los ni\u00f1os una excepci\u00f3n a la norma general de inmunizar en instalaciones sanitarias y vacun\u00f3dromos es una manera de \u201ccondicionar\u201d a los padres. De presionarlos para que se decanten por la inmunizaci\u00f3n. \u201cYo soy favorable a la vacunaci\u00f3n de los ni\u00f1os, si tuviera hijos de esa edad lo har\u00eda, pero entiendo que puede haber gente que no, y creo que hacerlo as\u00ed puede contravenir el derecho de las familias que no quieran vacunarlos, y puede afectar a los menores\u201d.<\/p>\n<p class=\"\" style=\"text-align: justify;\">La medida tambi\u00e9n genera dudas a Francisco Garc\u00eda, secretario de Educaci\u00f3n de Comisiones Obreras, el sindicato mayoritario entre el profesorado. \u201cLos centros tendr\u00e1n que recoger las autorizaciones de los padres, y estas ya pondr\u00e1n de manifiesto ante el centro que hay ni\u00f1os que se vacunan y ni\u00f1os que no se vacunan. Se vulnerar\u00e1 el derecho a la intimidad y se pueden generar a posteriori dificultades de convivencia, y rechazo a algunos chavales o chavalas\u201d. Mari Carmen Morillas, vicepresidenta de Ceapa, la mayor federaci\u00f3n de la escuela p\u00fablica, pregunta: \u201c\u00bfPor qu\u00e9 se tiene que poner la vacuna de la covid en los centros educativos? \u00bfPor qu\u00e9 no se les vacuna en las instalaciones sanitarias como a todos? Preferiblemente en los centros de salud, que est\u00e1n cerca de sus domicilios, habilitando para ello los horarios\u201d. Cr\u00edticas aparte, Ma\u00f1es, Garc\u00eda y Morillas a\u00f1aden que lo que decidan las autoridades sanitarias debe respetarse.<\/p>\n<p class=\"\" style=\"text-align: justify;\">\u201c<a href=\"https:\/\/elpais.com\/espana\/catalunya\/2021-12-09\/cataluna-vacunara-a-los-menores-de-entre-5-y-11-anos-en-los-puntos-de-vacunacion-masiva-con-cita-previa.html\" target=\"_blank\" rel=\"noopener\" data-link-track-dtm=\"\">Lo que nos dice la ense\u00f1anza del pasado<\/a>\u201d, afirma para justificar la decisi\u00f3n Jos\u00e9 Mar\u00eda Vergeles, vicepresidente segundo y consejero de Sanidad y Servicios Sociales de la Junta de Extremadura, \u201ces que si quieres vacunar tienes que ir donde est\u00e1n los ni\u00f1os\u201d. As\u00ed se hizo con gran \u00e9xito, recuerda Vergeles, con la campa\u00f1a de vacunaci\u00f3n contra la meningitis C en 1997 en la comunidad aut\u00f3noma.<\/p>\n<p class=\"\" style=\"text-align: justify;\">La decisi\u00f3n de la Junta tiene el apoyo de la principal federaci\u00f3n de familias de Extremadura, Freampa, cuya presidenta, Eva Rodr\u00edguez, afirma que no se han planteado posibles problemas de confidencialidad. \u201cNo hemos tenido ninguna queja de padres al respecto y esperamos una vacunaci\u00f3n pr\u00e1cticamente el 100%. Lo que queremos es que se vacunen cuanto antes, porque se est\u00e1 viendo que los ni\u00f1os son una franja contagiadora. Los cierres de aulas que se est\u00e1n produciendo corresponden a esos cursos, porque los m\u00e1s mayores ya est\u00e1n vacunados\u201d. La medida, prosigue Rodr\u00edguez, favorece \u201cla conciliaci\u00f3n familiar y laboral\u201d, al no requerir que los progenitores los acompa\u00f1en, y Freampa ya la solicit\u00f3 sin \u00e9xito para la campa\u00f1a de vacunaci\u00f3n de adolescentes. El ejecutivo extreme\u00f1o ha adelantado que, en principio, no est\u00e1 previsto que los padres puedan acompa\u00f1ar a los menores en el centro de ser vacunados para evitar \u201caglomeraciones\u201d, una cuesti\u00f3n que tambi\u00e9n preocupa a docentes, como Vicente Ma\u00f1es, y a algunos padres.<\/p>\n<p class=\"\" style=\"text-align: justify;\">Un portavoz de la <a href=\"https:\/\/elpais.com\/espana\/comunidad-valenciana\/2021-12-09\/la-comunidad-valenciana-vacunara-contra-la-covid-a-los-ninos-de-5-a-11-anos-en-los-colegios-y-en-horario-lectivo.html\" target=\"_blank\" rel=\"noopener\" data-link-track-dtm=\"\">Consejer\u00eda de Sanidad de la Generalitat valenciana argumenta <\/a>que, dado que la normativa establece que los alumnos vacunados no tendr\u00e1n que cumplir cuarentena en el caso de que haya un positivo en su grupo burbuja, el debate sobre el estigma que puede causar la vacunaci\u00f3n en los centros educativos no tiene mucho sentido, porque se vacunen donde se vacunen se acabar\u00e1 sabiendo qui\u00e9n se ha inmunizado y qui\u00e9n no.<\/p>\n<p class=\"\" style=\"text-align: justify;\">La experiencia de lo que est\u00e1 sucediendo en los institutos, sin embargo, donde los alumnos vacunados est\u00e1n exentos de cumplir cuarentenas desde hace meses, no apunta en ese sentido. Los sistemas son diferentes seg\u00fan la comunidad aut\u00f3noma, pero a grandes rasgos coinciden en que los centros educativos disponen de muy poca o ninguna informaci\u00f3n oficial acerca de qui\u00e9nes est\u00e1n vacunados, no pueden exigir certificados de inmunizaci\u00f3n a los alumnos y <a href=\"https:\/\/elpais.com\/educacion\/2021-12-08\/las-cuarentenas-escolares-por-covid-crecen-ligeramente-concentradas-en-infantil-y-primaria.html\" target=\"_blank\" rel=\"noopener\" data-link-track-dtm=\"\">no se encargan directamente de ordenar las cuarentenas de los estudiantes<\/a>, sino que lo hace salud p\u00fablica.<\/p>\n<p class=\"\" style=\"text-align: justify;\">En comunidades como la valenciana los centros educativos hacen de intermediarios: reciben la informaci\u00f3n de las autoridades sanitarias y se la comunican a los alumnos que deben confinarse. En otras, como Navarra, el Departamento de Salud avisa directamente a los estudiantes sin informar al centro (por lo que cabe la posibilidad de que un estudiante ignore la cuarentena y siga asistiendo a clase, comenta un docente). El motivo por el que un alumno de secundaria considerado contacto estrecho deja de asistir a clase no se conoce oficialmente en el centro: puede ser porque no est\u00e1 vacunado, pero tambi\u00e9n porque \u00e9l mismo haya dado positivo (pese a haber recibido el suero) al analizar los contactos del caso \u00edndice.<\/p>\n<p class=\"\" style=\"text-align: justify;\">Mantener la inc\u00f3gnita ser\u00e1 mucho m\u00e1s dif\u00edcil si se vacuna en la escuela, cree Isabel, madre de un ni\u00f1o en un colegio p\u00fablico de Valencia. \u201cLos ni\u00f1os que no se vacunen van a quedar se\u00f1alados para los profesores y tambi\u00e9n para sus compa\u00f1eros. Los ni\u00f1os saben lo que es el covid, tienen cierto miedo y curiosidad. Tener un compa\u00f1ero que no se ponga en la fila para ser vacunado les llamar\u00e1 la atenci\u00f3n, y cuando acaben hablar\u00e1n de c\u00f3mo ha sido, si les ha dolido el pinchazo\u2026\u201d, afirma la mujer, que, pese a no parecerle bien el sistema, autorizar\u00e1 la inmunizaci\u00f3n de su hijo en el colegio. Rub\u00e9n Pacheco, presidente de la federaci\u00f3n de familias valenciana, tambi\u00e9n se muestra preocupado por c\u00f3mo va a garantizarse la confidencialidad. Un problema que admite el portavoz de la Consejer\u00eda de Sanidad extreme\u00f1a: \u201cSe actuar\u00e1 con la m\u00e1xima discreci\u00f3n y velando por la intimidad de todos. Sin embargo, con las edades con las empezamos no ser\u00e1 posible controlar que los ni\u00f1os hablen y pregunten sobre el tema entre ellos\u201d.<\/p>\n<p class=\"\" style=\"text-align: justify;\">La Generalitat valenciana a\u00f1ade un argumento a favor de la confidencialidad del proceso, y es que puede haber varios motivos por los que un alumno no se vacune: \u201cque haya pasado la covid hace menos de cuatro semanas, que sea al\u00e9rgico a alg\u00fan componente de la vacuna y tenga contraindicado vacunarse o que est\u00e9 en cuarentena\u201d, por lo que el hecho de que no reciba el suero no implica necesariamente que su familia rechace la inmunizaci\u00f3n y en ning\u00fan caso se detallar\u00e1 a los centros las razones por las cuales un estudiante no se vacuna.<\/p>\n<h3 class=\"\" style=\"text-align: justify;\">Un grupo menos importante que los adolescentes<\/h3>\n<p class=\"\" style=\"text-align: justify;\">El pediatra y epidemi\u00f3logo Quique Bassat recuerda que otras vacunas,<b> <\/b><a href=\"https:\/\/elpais.com\/elpais\/2018\/04\/23\/ciencia\/1524491758_048948.html\" target=\"_blank\" rel=\"noopener\" data-link-track-dtm=\"\">como la del papiloma <\/a>(que suele ponerse a los 12 a\u00f1os), ya se administran en centros educativos en algunas comunidades, y opina que no deber\u00eda darse<b> <\/b>\u201cm\u00e1s importancia a la vacuna del covid que a otras que ya ponemos\u201d. Pero considera que desde un punto de vista log\u00edstico resulta m\u00e1s sencillo integrar la vacunaci\u00f3n de los ni\u00f1os en el mismo sistema que ha funcionado con el resto de la poblaci\u00f3n.<\/p>\n<p class=\"\" style=\"text-align: justify;\">Utilizar la vacunaci\u00f3n en la escuela para presionar a las familias \u201cestar\u00eda mal y ser\u00eda feo\u201d, dice Bassat, que no cree que ese sea el motivo por el que algunas comunidades van a hacerlo. \u201cNo veo raz\u00f3n para ello. Los adolescentes, que eran un grupo que preocupaba mucho m\u00e1s, respondieron muy bien. Con los ni\u00f1os es menos importante que con los adolescentes llegar a una cobertura alt\u00edsima. Y son, precisamente, el grupo en el que se deber\u00eda respetar m\u00e1s la voluntad familiar de si se quieren o no se quieren vacunar\u201d, debido a que desarrollan, en la gran mayor\u00eda de los casos y al menos con las variantes bien estudiadas hasta ahora, una versi\u00f3n leve de la enfermedad.<\/p>\n<p style=\"text-align: justify;\"><a title=\"Ver todas las noticias de Ignacio Zafra\" href=\"https:\/\/elpais.com\/autor\/ignacio-zafra\/#?rel=author_top\"><strong>Ignacio Zafra<\/strong><\/a><\/p>\n<header class=\"a_e _g _g-xs\">\n<div class=\"a_e_m\">\n<figure class=\"a_m a_m-h\"><figcaption class=\"a_m_p\">foto: Estudiantes de un colegio p\u00fablico de Valencia en una imagen de archivo.<span class=\"a_m_m\">M\u00f2nica Torres<\/span><\/figcaption><\/figure>\n<\/div>\n<\/header>\n<div class=\"a_md _g _g-xs \">\n<figure class=\"a_md_i a_m-h\"><span class=\"a_m_w _db\">https:\/\/elpais.com\/educacion\/2021-12-11\/vacunar-de-la-covid-en-el-colegio-docentes-y-familias-denuncian-que-el-sistema-puede-estigmatizar-a-los-ninos.html<\/span><\/figure>\n<div class=\"a_md_txt\">\n<div class=\"a_md_a\">\u00a0<\/div>\n<\/div>\n<\/div>\n<div class=\"a_e_m\">\n<figure class=\"a_m a_m-h\"><span class=\"a_m_w _db\">\u00a0<\/span><\/figure>\n<\/div>\n","protected":false},"excerpt":{"rendered":"<p>Parte de los profesores temen que los menores no inmunizados queden se\u00f1alados y se generen&#8230;<\/p>\n","protected":false},"author":1,"featured_media":50833,"comment_status":"closed","ping_status":"closed","sticky":false,"template":"","format":"standard","meta":{"_coblocks_attr":"","_coblocks_dimensions":"","_coblocks_responsive_height":"","_coblocks_accordion_ie_support":"","jetpack_post_was_ever_published":false,"_jetpack_newsletter_access":"","_jetpack_dont_email_post_to_subs":false,"_jetpack_newsletter_tier_id":0,"_jetpack_memberships_contains_paywalled_content":false,"_jetpack_memberships_contains_paid_content":false,"footnotes":"","jetpack_publicize_message":"","jetpack_publicize_feature_enabled":true,"jetpack_social_post_already_shared":false,"jetpack_social_options":{"image_generator_settings":{"template":"highway","default_image_id":0,"enabled":false},"version":2}},"categories":[187,1161,7149,44,6937,15],"tags":[1189,7317,8772],"class_list":["post-50832","post","type-post","status-publish","format-standard","has-post-thumbnail","hentry","category-centros-educativos","category-ciudadania","category-coronavirus","category-noticias-de-hoy","category-sociedad","category-ultimas-noticias","tag-colegios","tag-covid19","tag-vacunas-infancia"],"jetpack_publicize_connections":[],"jetpack_featured_media_url":"https:\/\/i0.wp.com\/miradordeatarfe.es\/wp-content\/uploads\/2021\/12\/5P7P5JUET5AHFAPTVXA23Z3LQE.jpg?fit=1960%2C971&ssl=1","jetpack_likes_enabled":true,"jetpack_sharing_enabled":true,"_links":{"self":[{"href":"https:\/\/miradordeatarfe.es\/index.php?rest_route=\/wp\/v2\/posts\/50832","targetHints":{"allow":["GET"]}}],"collection":[{"href":"https:\/\/miradordeatarfe.es\/index.php?rest_route=\/wp\/v2\/posts"}],"about":[{"href":"https:\/\/miradordeatarfe.es\/index.php?rest_route=\/wp\/v2\/types\/post"}],"author":[{"embeddable":true,"href":"https:\/\/miradordeatarfe.es\/index.php?rest_route=\/wp\/v2\/users\/1"}],"replies":[{"embeddable":true,"href":"https:\/\/miradordeatarfe.es\/index.php?rest_route=%2Fwp%2Fv2%2Fcomments&post=50832"}],"version-history":[{"count":1,"href":"https:\/\/miradordeatarfe.es\/index.php?rest_route=\/wp\/v2\/posts\/50832\/revisions"}],"predecessor-version":[{"id":50834,"href":"https:\/\/miradordeatarfe.es\/index.php?rest_route=\/wp\/v2\/posts\/50832\/revisions\/50834"}],"wp:featuredmedia":[{"embeddable":true,"href":"https:\/\/miradordeatarfe.es\/index.php?rest_route=\/wp\/v2\/media\/50833"}],"wp:attachment":[{"href":"https:\/\/miradordeatarfe.es\/index.php?rest_route=%2Fwp%2Fv2%2Fmedia&parent=50832"}],"wp:term":[{"taxonomy":"category","embeddable":true,"href":"https:\/\/miradordeatarfe.es\/index.php?rest_route=%2Fwp%2Fv2%2Fcategories&post=50832"},{"taxonomy":"post_tag","embeddable":true,"href":"https:\/\/miradordeatarfe.es\/index.php?rest_route=%2Fwp%2Fv2%2Ftags&post=50832"}],"curies":[{"name":"wp","href":"https:\/\/api.w.org\/{rel}","templated":true}]}}