{"id":50903,"date":"2021-12-19T11:00:45","date_gmt":"2021-12-19T10:00:45","guid":{"rendered":"https:\/\/miradordeatarfe.es\/?p=50903"},"modified":"2021-12-16T17:05:20","modified_gmt":"2021-12-16T16:05:20","slug":"la-atarfena-mari-trini-maldonado-y-su-sueno","status":"publish","type":"post","link":"https:\/\/miradordeatarfe.es\/?p=50903","title":{"rendered":"LA ATARFE\u00d1A MARI TRINI MALDONADO Y SU SUE\u00d1O"},"content":{"rendered":"<h2 style=\"text-align: justify;\">Decoraciones m\u00e1gicas\u2026 El sue\u00f1o de Mari Trini<\/h2>\n<p style=\"text-align: justify;\">Mujer de 51 a\u00f1os y ojos oscuros llenos de vida y alegr\u00eda, de pelo negro y gitana como toda su familia. Ella es hoy, la protagonista de esta nueva historia que os traigo a\u00a0<a href=\"https:\/\/mujeresvalientes.es\/\" target=\"_blank\" rel=\"noopener\">Mujeres Valientes<\/a>.<\/p>\n<p style=\"text-align: justify;\">Siempre est\u00e1 sonriendo. Es amable, sensata, espiritual, sencilla, creativa, natural, familiar y muy consciente de que en la vida nada se consigue sin esfuerzo.<\/p>\n<h3 style=\"text-align: justify;\"><span id=\"Describirla_es_como_verla_a_traves_del_agua_porque_como_ella_Mari_Trini_tambien_es_transparente\" class=\"ez-toc-section\"><\/span>DESCRIBIRLA ES COMO VERLA A TRAV\u00c9S DEL AGUA, PORQUE COMO ELLA, MARI TRINI TAMBI\u00c9N ES TRANSPARENTE<\/h3>\n<p style=\"text-align: justify;\">\u00a0<\/p>\n<p style=\"text-align: justify;\">Es feliz porque su prop\u00f3sito de vida es ir de frente ayudando a los dem\u00e1s sin dejarse a nadie en el camino. Su familia es cortita, pero la suya, la que ella ha creado, est\u00e1 llena de \u00abhijos e hijas\u00bb de cuatro patas.<\/p>\n<p style=\"text-align: justify;\">Perros que ha ido adoptando y recogiendo, junto a su pareja, porque no conciben otra forma de amar a los animales m\u00e1s que d\u00e1ndoles amor y cari\u00f1o, vengan de donde vengan.<\/p>\n<p style=\"text-align: justify;\"><strong>Naci\u00f3 en Atarfe, un pueblo de la provincia de Granada, en el seno de una familia gitana humilde<\/strong>. Su padre, Pedro, era herrero. De los mejores, cuentan los mayores que le conocieron.<\/p>\n<p style=\"text-align: justify;\">Cuando Mari Trini ten\u00eda un a\u00f1o, su padre muri\u00f3 en un accidente de moto. Su madre, Josefa, se dedicaba a vender por las calles colonia a granel y brillantina. Nos cuenta en la entrevista, que ten\u00eda una especie de pipeta de cristal, con diferentes medidas y que la m\u00e1s peque\u00f1a la vend\u00eda a dos reales.<\/p>\n<p style=\"text-align: justify;\">Tambi\u00e9n usaba un embudo para volcar directamente la colonia en los recipientes de su clientela. (Sin duda alguna, esto bien merec\u00eda una menci\u00f3n, porque el\u00a0<strong>reciclaje<\/strong>, que tan necesario es por el bien com\u00fan del planeta hoy, ya lo practicaban nuestros padres, sencillamente porque no hab\u00eda mucho de nada).<\/p>\n<p style=\"text-align: justify;\">Es la m\u00e1s peque\u00f1a de tres hermanos. Su hermana mayor, Pepita, tambi\u00e9n debe tener un espacio para ella sola, y espero tener el honor de escribir su historia si me deja. Pedro, su otro hermano, hered\u00f3 el oficio paterno y siempre fue un herrero de los mejores del pueblo, al igual que lo fue su padre.<\/p>\n<h3 style=\"text-align: justify;\"><span id=\"Nuestra_protagonista_fue_al_colegio_hasta_obtener_el_Graduado_Escolar\" class=\"ez-toc-section\"><\/span>NUESTRA PROTAGONISTA FUE AL COLEGIO HASTA OBTENER EL GRADUADO ESCOLAR<\/h3>\n<p style=\"text-align: justify;\">Tras acabar los estudios, comenz\u00f3 a trabajar para ayudar en casa como ya lo hac\u00edan sus hermanos mayores. Conoc\u00eda a Blas, su marido, desde siempre. Eran vecinos. Una historia, como muchas de las que ya he tenido la suerte de contaros, y que comienza con la oposici\u00f3n un\u00e1nime de las dos familias a esa relaci\u00f3n.<\/p>\n<p style=\"text-align: justify;\">Blas, no es gitano. Ni su madre quer\u00eda a su novio, ni su suegra la quer\u00eda a ella, pero el amor siempre vence todas las barreras, y aunque para verse, ten\u00edan que hacerlo a escondidas, tras 4 a\u00f1os de noviazgo, se casaron y hasta hoy siguen siendo esas dos almas que ya nacieron juntas.<\/p>\n<p style=\"text-align: justify;\">No se conciben la una sin el otro.\u00a0<strong>Ella, morena de verde luna, como dec\u00eda<a href=\"https:\/\/es.wikipedia.org\/wiki\/Federico_Garc%C3%ADa_Lorca\" target=\"_blank\" rel=\"noopener\">\u00a0Lorca<\/a>\u00a0en su poema<\/strong>. \u00c9l, blanco como la leche, y rubio como las candelas. Juntos han hecho siempre tan buen equipo, que se lanzaron a la aventura y montaron una tienda de decoraci\u00f3n en un pueblo del cintur\u00f3n de Granada.<\/p>\n<p style=\"text-align: justify;\">Se les daba tan bien el dise\u00f1o de espacios, que un buen d\u00eda, una chica, les propuso que le transformasen el parque del pueblo, donde se celebran las bodas civiles. Ah\u00ed empez\u00f3 su aventura. Lo hicieron en un rato, me cuenta. Era ese mismo d\u00eda, y qued\u00f3 tan chulo que, a partir de ah\u00ed, ya no han parado de hacerlo.<\/p>\n<p style=\"text-align: justify;\"><strong>De ese d\u00eda, cuenta que no hay fotos<\/strong>, porque les robaron la c\u00e1mara en un bar, tras acabar el montaje. Pero del resto de sus eventos s\u00ed.<\/p>\n<h3 style=\"text-align: justify;\"><span id=\"Su_empresa_se_llama_Decoraciones_Magicas\" class=\"ez-toc-section\"><a href=\"https:\/\/i0.wp.com\/miradordeatarfe.es\/wp-content\/uploads\/2021\/12\/WhatsApp-Image-2021-12-04-at-15.36.42-1.jpeg?ssl=1\"><img data-recalc-dims=\"1\" loading=\"lazy\" decoding=\"async\" class=\"alignnone wp-image-50904 \" src=\"https:\/\/i0.wp.com\/miradordeatarfe.es\/wp-content\/uploads\/2021\/12\/WhatsApp-Image-2021-12-04-at-15.36.42-1.jpeg?resize=609%2C852&#038;ssl=1\" alt=\"\" width=\"609\" height=\"852\" srcset=\"https:\/\/i0.wp.com\/miradordeatarfe.es\/wp-content\/uploads\/2021\/12\/WhatsApp-Image-2021-12-04-at-15.36.42-1.jpeg?w=609&amp;ssl=1 609w, https:\/\/i0.wp.com\/miradordeatarfe.es\/wp-content\/uploads\/2021\/12\/WhatsApp-Image-2021-12-04-at-15.36.42-1.jpeg?resize=214%2C300&amp;ssl=1 214w\" sizes=\"auto, (max-width: 609px) 100vw, 609px\" \/><\/a><\/span><\/h3>\n<h3 style=\"text-align: justify;\">SU EMPRESA SE LLAMA:\u00a0DECORACIONES M\u00c1GICAS<\/h3>\n<p style=\"text-align: justify;\">Se dedican a organizar todo tipo de eventos, pero su especialidad sin duda son las bodas, que personalizan en funci\u00f3n de los gustos de los novios. Lo hacen por toda Andaluc\u00eda y parte del levante.<\/p>\n<p style=\"text-align: justify;\">Tienen clientela que espera gustosa a que ellos tengan fechas libres, porque con su exquisitez y buen gusto,<strong>\u00a0los novios se aseguran la excelencia en sus banquetes<\/strong>.<\/p>\n<p style=\"text-align: justify;\">Han salido en los medios de comunicaci\u00f3n, y despu\u00e9s de ellos, ese tipo de escenarios, comenz\u00f3 a verse en las bodas y eventos familiares como; bautizos, comuniones y cumplea\u00f1os.<\/p>\n<h3 style=\"text-align: justify;\"><span id=\"Decoraciones_magica%E2%80%A6_Pura_artesania\" class=\"ez-toc-section\"><\/span>DECORACIONES M\u00c1GICA\u2026 PURA ARTESAN\u00cdA<\/h3>\n<p style=\"text-align: justify;\">Lo que Mari Trini y Blas hacen juntos, ya os digo yo que no lo hace ninguna empresa. Todo, absolutamente todo, es artesanal. El mobiliario, la comida dulce y salada que ponen, los regalos que se ofrecen a los invitados e invitadas. Todo es \u00fanico e irrepetible, porque la magia surge a partir de que alguien les conf\u00ede sus ideas.<\/p>\n<p style=\"text-align: justify;\">Despu\u00e9s, con ellas, Mari Trini hace la magia y convierte los sue\u00f1os en una hermosa fantas\u00eda que se hace realidad, superando todas las expectativas de quienes asisten al evento en donde ponga la barita m\u00e1gica del buen gusto.<\/p>\n<p style=\"text-align: justify;\">Es, tan exquisita en sus formas, que, en el montaje y desmontaje de cada evento, pueden tardar 9 o 10 horas, ya que cada objeto y cada escenario, va ensamblado pieza a pieza porque est\u00e1 construido a mano por ellos dos.<\/p>\n<p style=\"text-align: justify;\">Cada pieza, es parte de su vida,\u00a0<strong>la vida es parte de su magia<\/strong>, La magia es quien ha construido su gran historia, y su historia es sin duda, la de una gran mujer\u00a0<strong>gitana valiente<\/strong>\u00a0que, gracias a esta secci\u00f3n, hoy os la doy a conocer y espero que, como yo, tambi\u00e9n sint\u00e1is por ella admiraci\u00f3n.<\/p>\n<p>https:\/\/mujeresvalientes.es\/decoraciones-magicas\/<\/p>\n","protected":false},"excerpt":{"rendered":"<p>Decoraciones m\u00e1gicas\u2026 El sue\u00f1o de Mari Trini Mujer de 51 a\u00f1os y ojos oscuros llenos&#8230;<\/p>\n","protected":false},"author":1,"featured_media":50905,"comment_status":"closed","ping_status":"closed","sticky":false,"template":"","format":"standard","meta":{"_coblocks_attr":"","_coblocks_dimensions":"","_coblocks_responsive_height":"","_coblocks_accordion_ie_support":"","jetpack_post_was_ever_published":false,"_jetpack_newsletter_access":"","_jetpack_dont_email_post_to_subs":false,"_jetpack_newsletter_tier_id":0,"_jetpack_memberships_contains_paywalled_content":false,"_jetpack_memberships_contains_paid_content":false,"footnotes":"","jetpack_publicize_message":"","jetpack_publicize_feature_enabled":true,"jetpack_social_post_already_shared":false,"jetpack_social_options":{"image_generator_settings":{"template":"highway","default_image_id":0,"enabled":false},"version":2}},"categories":[2,1161,186,44,6539,15],"tags":[4578,8785,736],"class_list":["post-50903","post","type-post","status-publish","format-standard","has-post-thumbnail","hentry","category-atarfe","category-ciudadania","category-instituciones","category-noticias-de-hoy","category-personajes-de-ataref","category-ultimas-noticias","tag-empresa","tag-mari-trini-maldonado","tag-sueno"],"jetpack_publicize_connections":[],"jetpack_featured_media_url":"https:\/\/i0.wp.com\/miradordeatarfe.es\/wp-content\/uploads\/2021\/12\/WhatsApp-Image-2021-12-04-at-15.36.42-1-2.jpeg?fit=601%2C342&ssl=1","jetpack_likes_enabled":true,"jetpack_sharing_enabled":true,"_links":{"self":[{"href":"https:\/\/miradordeatarfe.es\/index.php?rest_route=\/wp\/v2\/posts\/50903","targetHints":{"allow":["GET"]}}],"collection":[{"href":"https:\/\/miradordeatarfe.es\/index.php?rest_route=\/wp\/v2\/posts"}],"about":[{"href":"https:\/\/miradordeatarfe.es\/index.php?rest_route=\/wp\/v2\/types\/post"}],"author":[{"embeddable":true,"href":"https:\/\/miradordeatarfe.es\/index.php?rest_route=\/wp\/v2\/users\/1"}],"replies":[{"embeddable":true,"href":"https:\/\/miradordeatarfe.es\/index.php?rest_route=%2Fwp%2Fv2%2Fcomments&post=50903"}],"version-history":[{"count":2,"href":"https:\/\/miradordeatarfe.es\/index.php?rest_route=\/wp\/v2\/posts\/50903\/revisions"}],"predecessor-version":[{"id":50907,"href":"https:\/\/miradordeatarfe.es\/index.php?rest_route=\/wp\/v2\/posts\/50903\/revisions\/50907"}],"wp:featuredmedia":[{"embeddable":true,"href":"https:\/\/miradordeatarfe.es\/index.php?rest_route=\/wp\/v2\/media\/50905"}],"wp:attachment":[{"href":"https:\/\/miradordeatarfe.es\/index.php?rest_route=%2Fwp%2Fv2%2Fmedia&parent=50903"}],"wp:term":[{"taxonomy":"category","embeddable":true,"href":"https:\/\/miradordeatarfe.es\/index.php?rest_route=%2Fwp%2Fv2%2Fcategories&post=50903"},{"taxonomy":"post_tag","embeddable":true,"href":"https:\/\/miradordeatarfe.es\/index.php?rest_route=%2Fwp%2Fv2%2Ftags&post=50903"}],"curies":[{"name":"wp","href":"https:\/\/api.w.org\/{rel}","templated":true}]}}