{"id":50908,"date":"2021-12-15T10:50:36","date_gmt":"2021-12-15T09:50:36","guid":{"rendered":"http:\/\/miradordeatarfe.es\/?p=50908"},"modified":"2021-12-13T11:35:57","modified_gmt":"2021-12-13T10:35:57","slug":"asi-avanza-la-vacunacion-de-la-dosis-de-refuerzo-en-europa","status":"publish","type":"post","link":"https:\/\/miradordeatarfe.es\/?p=50908","title":{"rendered":"As\u00ed avanza la vacunaci\u00f3n de la dosis de refuerzo en Europa"},"content":{"rendered":"<div class=\"cnt-izq\">\n<div class=\"cnt-body\">\n<div id=\"cuerpo_noticia_r\" class=\"cuerpo\">\n<h2>En Espa\u00f1a, Carolina Darias marc\u00f3 el objetivo de 16 millones de vacunados con la dosis de refuerzo antes de que finalice 2021, pero de momento, se han vacunado cerca de seis millones<\/h2>\n<p>16 millones de <a href=\"https:\/\/cadenaser.com\/tag\/vacunas\/a\/\" target=\"_blank\" rel=\"noopener noreferrer\">dosis extra administradas.<\/a> Ese es el objetivo del ministerio de Sanidad, antes de que finalice el 2021, aunque de momento lo han hecho cerca de seis, el 12,5% de la poblaci\u00f3n, y esta meta parece que est\u00e1 bastante lejos. Ya lo dijo <a href=\"https:\/\/cadenaser.com\/tag\/carolina_darias_san_sebastian\/a\/\" target=\"_blank\" rel=\"noopener noreferrer\">la ministra de Sanidad, Carolina Darias:<\/a> \u00abTenemos que <a href=\"https:\/\/cadenaser.com\/ser\/2021\/11\/24\/sociedad\/1637782873_767700.html\" target=\"_blank\" rel=\"noopener noreferrer\">apretar el acelerador en los refuerzos<\/a> de los 16 millones de personas, con el objetivo de que sea antes del comienzo de las fiestas navide\u00f1as\u00bb.\u00a0<\/p>\n<p>La Comisi\u00f3n de Salud P\u00fablica ha ido dando el visto bueno de forma paulatina a las dosis de refuerzo. A mediados de septiembre autoriz\u00f3 la tercera dosis para personas con \u00abalto riesgo\u00bb, mientras que a principios de octubre lo hizo para los mayores de 70 a\u00f1os y a finales del mismo mes, para las personas vacunadas con Janssen. El pasado 23 de noviembre se aprob\u00f3 la dosis de refuerzo a las personas de entre 60 y 69 a\u00f1os, as\u00ed como para el personal sociosanitario. Todos estos grupos de personas, suman los 16 millones a los que se refiri\u00f3 Darias.<\/p>\n<\/div>\n<\/div>\n<\/div>\n<p>Por el momento, algunos de nuestros vecinos europeos \u00abnos pisan los talones\u00bb, seg\u00fan los datos que ha recopilado <a href=\"https:\/\/ourworldindata.org\/covid-vaccinations\" target=\"_blank\" rel=\"noopener noreferrer\">Our World in Data,<\/a> que muestran el n\u00famero de dosis administradas por cada 100 habitantes, si bien es cierto que en nuestro pa\u00eds estas vacunas todav\u00eda no est\u00e1n aprobadas para toda la poblaci\u00f3n, a diferencia de otros, que han abierto sus agendas a todos los mayores de 40, o de 18 -como es el caso de pa\u00edses como Alemania o B\u00e9lgica-. En Espa\u00f1a la cadencia es de mayor edad a menor, de modo que la inoculaci\u00f3n de la tercera dosis sigue el mismo patr\u00f3n con el que se hizo la primera vacunaci\u00f3n.\u00a0<\/p>\n<section id=\"sumario_1|html\" class=\"sumario center\"><a id=\"sumario_1\"><\/a><\/p>\n<div class=\"cnt-iframe\">\n<p><iframe loading=\"lazy\" id=\"datawrapper-chart-3QmdC\" title=\"Dosis de refuerzo de la vacuna COVID-19 por cada 100 habitantes\" src=\"https:\/\/datawrapper.dwcdn.net\/3QmdC\/2\/\" width=\"320\" height=\"513\" frameborder=\"0\" scrolling=\"no\" aria-label=\"Interactive line chart\" data-mce-fragment=\"1\"><\/iframe><\/p>\n<\/div>\n<\/section>\n<p>Por el momento, la tercera dosis se inocula seis meses despu\u00e9s tras haber completado la pauta. La EMA apunt\u00f3 esta misma semana que ser\u00eda \u00abdeseable\u00bb que los pa\u00edses de la UE adelantaran la administraci\u00f3n de la dosis de recuerdo, y que se administre solo tres meses despu\u00e9s, en vez de seis, tras la irrupci\u00f3n de la variante \u00f3micron.<\/p>\n<h2 class=\"ladillo\">Por qu\u00e9 es necesaria una dosis de refuerzo<\/h2>\n<p>La vacunaci\u00f3n sigue siendo efectiva. Diversos estudios demuestran que despu\u00e9s de la administraci\u00f3n completa de la vacuna la protecci\u00f3n contra la COVID y la probabilidad de reducir los s\u00edntomas graves se reduce considerablemente.\u00a0De hecho, hoy mismo, se ha publicado un informe llevado a cabo por la Generalitat Valenciana, que ha arrojado que <a href=\"https:\/\/cadenaser.com\/emisora\/2021\/12\/12\/radio_valencia\/1639304977_320331.html\" target=\"_blank\" rel=\"noopener noreferrer\">la vacunaci\u00f3n ha conseguido reducir el 90% el n\u00famero de muertes y en un 75% el n\u00famero de hospitalizados,<\/a> aunque esta capacidad de prevenci\u00f3n, al igual que ocurre con otras enfermedades, se reduce con el paso del tiempo. Sin embargo, se han desarrollado <a href=\"https:\/\/cadenaser.com\/ser\/2021\/12\/04\/ciencia\/1638634263_629932.html\" target=\"_blank\" rel=\"noopener noreferrer\">diversos ensayos cl\u00ednicos<\/a> que muestran que estar tercera vacuna aumenta la respuesta inmune y ayuda a prevenir los casos sintom\u00e1ticos de coronavirus<\/p>\n<p>CADENA SER<\/p>\n<div class=\"autor\"><a href=\"https:\/\/cadenaser.com\/autor\/mariola_sarrio_jurado\/a\/\">Mariola Sarrio<\/a><\/div>\n<div>https:\/\/cadenaser.com\/ser\/2021\/12\/12\/sociedad\/1639331491_817156.html?sma=newsEditorialSER_generico20211213<\/div>\n<div>FOTO: Vacuna contra el coronavirus, en una foto de recurso. \/ Getty<\/div>\n<p>&nbsp;<\/p>\n","protected":false},"excerpt":{"rendered":"<p>En Espa\u00f1a, Carolina Darias marc\u00f3 el objetivo de 16 millones de vacunados con la dosis&#8230;<\/p>\n","protected":false},"author":1,"featured_media":50909,"comment_status":"closed","ping_status":"closed","sticky":false,"template":"","format":"standard","meta":{"_coblocks_attr":"","_coblocks_dimensions":"","_coblocks_responsive_height":"","_coblocks_accordion_ie_support":"","jetpack_post_was_ever_published":false,"_jetpack_newsletter_access":"","_jetpack_dont_email_post_to_subs":false,"_jetpack_newsletter_tier_id":0,"_jetpack_memberships_contains_paywalled_content":false,"_jetpack_memberships_contains_paid_content":false,"footnotes":"","jetpack_publicize_message":"","jetpack_publicize_feature_enabled":true,"jetpack_social_post_already_shared":false,"jetpack_social_options":{"image_generator_settings":{"template":"highway","default_image_id":0,"enabled":false},"version":2}},"categories":[1161,7149,44,7671,6937,15],"tags":[8629,5313],"class_list":["post-50908","post","type-post","status-publish","format-standard","has-post-thumbnail","hentry","category-ciudadania","category-coronavirus","category-noticias-de-hoy","category-politica","category-sociedad","category-ultimas-noticias","tag-tercera-dosis","tag-vacuna"],"jetpack_publicize_connections":[],"jetpack_featured_media_url":"https:\/\/i0.wp.com\/miradordeatarfe.es\/wp-content\/uploads\/2021\/12\/1639331491_817156_1639335381_noticia_normal_recorte1.jpg?fit=1300%2C823&ssl=1","jetpack_likes_enabled":true,"jetpack_sharing_enabled":true,"_links":{"self":[{"href":"https:\/\/miradordeatarfe.es\/index.php?rest_route=\/wp\/v2\/posts\/50908","targetHints":{"allow":["GET"]}}],"collection":[{"href":"https:\/\/miradordeatarfe.es\/index.php?rest_route=\/wp\/v2\/posts"}],"about":[{"href":"https:\/\/miradordeatarfe.es\/index.php?rest_route=\/wp\/v2\/types\/post"}],"author":[{"embeddable":true,"href":"https:\/\/miradordeatarfe.es\/index.php?rest_route=\/wp\/v2\/users\/1"}],"replies":[{"embeddable":true,"href":"https:\/\/miradordeatarfe.es\/index.php?rest_route=%2Fwp%2Fv2%2Fcomments&post=50908"}],"version-history":[{"count":2,"href":"https:\/\/miradordeatarfe.es\/index.php?rest_route=\/wp\/v2\/posts\/50908\/revisions"}],"predecessor-version":[{"id":50911,"href":"https:\/\/miradordeatarfe.es\/index.php?rest_route=\/wp\/v2\/posts\/50908\/revisions\/50911"}],"wp:featuredmedia":[{"embeddable":true,"href":"https:\/\/miradordeatarfe.es\/index.php?rest_route=\/wp\/v2\/media\/50909"}],"wp:attachment":[{"href":"https:\/\/miradordeatarfe.es\/index.php?rest_route=%2Fwp%2Fv2%2Fmedia&parent=50908"}],"wp:term":[{"taxonomy":"category","embeddable":true,"href":"https:\/\/miradordeatarfe.es\/index.php?rest_route=%2Fwp%2Fv2%2Fcategories&post=50908"},{"taxonomy":"post_tag","embeddable":true,"href":"https:\/\/miradordeatarfe.es\/index.php?rest_route=%2Fwp%2Fv2%2Ftags&post=50908"}],"curies":[{"name":"wp","href":"https:\/\/api.w.org\/{rel}","templated":true}]}}