{"id":50927,"date":"2021-12-14T11:44:07","date_gmt":"2021-12-14T10:44:07","guid":{"rendered":"http:\/\/miradordeatarfe.es\/?p=50927"},"modified":"2021-12-14T12:02:14","modified_gmt":"2021-12-14T11:02:14","slug":"el-atarfeno-manuel-jimenez-cumple-en-el-europeo-sub-20-de-cross","status":"publish","type":"post","link":"https:\/\/miradordeatarfe.es\/?p=50927","title":{"rendered":"EL ATARFE\u00d1O MANUEL JIM\u00c9NEZ CUMPLE EEN EL EUROPEO SUB-20 DE CROSS"},"content":{"rendered":"<h3 class=\"voc-sub-title\" style=\"text-align: justify;\">El fondista granadino concluye en la 44\u00aa posici\u00f3n, en 19 minutos y 15 segundos, como quinto espa\u00f1ol de los seis que conformaron la selecci\u00f3n nacional<\/h3>\n<p class=\"voc-paragraph\" style=\"text-align: justify;\">El atarfe\u00f1o Manuel Jim\u00e9nez cumpli\u00f3 en su estreno en el Campeonato de Europa sub-20 de cross que se celebr\u00f3 este pasado domingo en la localidad irlandesa de Fingal, en el \u00e1rea metropolitana de Dubl\u00edn. El atleta granadino de 19 a\u00f1os concluy\u00f3 en la 44\u00aa posici\u00f3n, con una marca de 19 minutos y 15 segundos, en la que fue su segunda internacionalidad tras la del pasado mes de julio en el Campeonato de Europa sub-20 de Tallin (Estonia) en pista. Acab\u00f3 a un minuto y 22 segundos del dan\u00e9s Axel Vang Christensen, que se hizo con el triunfo gracias a una marca de 17 minutos y 53 segundos. Le siguieron el noruego Abdullahi Dahir Rabi, a 25 segundos, y fue tercero otro dan\u00e9s, Joel Ibler Lilleso, tres segundos por detr\u00e1s.<\/p>\n<p class=\"voc-paragraph\" style=\"text-align: justify;\">Jim\u00e9nez, pupilo del entrenador Eduardo Ramos, acab\u00f3 satisfecho como el quinto espa\u00f1ol de los seis que conformaron el equipo nacional. Fue cuarto, con medalla de chocolate, Pol Oriach con una marca de 18 minutos y 24 segundos. Tambi\u00e9n entraron por delante del atarfe\u00f1o Marc Fern\u00e1ndez (27\u00ba, con 18:58), Eric Lor\u00e9 (29\u00ba, 18:58) y Fikadu Gonz\u00e1lez (33\u00ba, con 19:04). David Cantero acab\u00f3 el 67\u00ba con 19:40. El equipo nacional fue sexto. \u00abMe sent\u00ed bien y corr\u00ed en positivo, adelant\u00e9 a mucha gente al final. S\u00e9 que en cross me cuesta mucho pero me sent\u00ed bien y disfrut\u00e9, me alegra haber disfrutado de un campeonato as\u00ed m\u00e1s all\u00e1 de la posici\u00f3n. Ahora me toca centrarme en la pista cubierta\u00bb, expuso a IDEAL el atleta, quien tambi\u00e9n quiso recalcar su logro \u00absin el apoyo de algunas instituciones granadinas\u00bb. \u00abNo cuentan ni conmigo ni con mi grupo\u00bb, remarc\u00f3.<\/p>\n<p class=\"voc-paragraph\" style=\"text-align: justify;\">\u00abLa hierba y el barro sobre los que se desarroll\u00f3 la competici\u00f3n no eran demasiado propicios para las caracter\u00edsticas de Manuel. Aunque hizo un tiempo estable e incluso con momentos de sol, muy distinto a la lluvia que se anunciaba en los d\u00edas previos, el circuito fue duro pese al trazado sin excesivos desniveles\u00bb, coment\u00f3 su entrenador en Atarfe, Eduardo Ramos.<\/p>\n<p class=\"voc-paragraph\" style=\"text-align: justify;\">La expedici\u00f3n espa\u00f1ola regres\u00f3 de Dubl\u00edn con dos medallas de plata por equipos gracias a la actuaci\u00f3n del equipo s\u00e9nior masculino y del sub-20 femenino. En la cita destac\u00f3 la exhibici\u00f3n de Jakob Ingebrigtsen, campe\u00f3n ol\u00edmpico de 1.500 metros lisos en Tokio, que venci\u00f3 la prueba absoluta con un tiempo de 30 minutos y 15 segundos.<\/p>\n<p><strong><a class=\"voc-author\" title=\"JOS\u00c9 IGNACIO CEJUDO\" href=\"https:\/\/www.ideal.es\/autor\/jose-ignacio-cejudo-1091.html\">JOS\u00c9 IGNACIO CEJUDO<\/a><\/strong><\/p>\n<div class=\"voc-article-container\">\n<article class=\"voc-article voc-article--detail voc-article--detail--base voc-article--photo-bottom\">\n<div class=\"voc-img-container  \">\n<p class=\"figure-caption\"><span class=\"voc-photo-caption\">FOTO:El atarfe\u00f1o Manuel Jim\u00e9nez, en plena competici\u00f3n. \/ <\/span><span class=\"voc-photo-author\">sportmedia<\/span><\/p>\n<p>https:\/\/www.ideal.es\/deportes\/provincial-granada\/atletismo-manuel-jimenez-cumple-europeo-cross-20211213115821-nt.html<\/p>\n<\/div>\n<\/article>\n<\/div>\n<div class=\"voc-detail\" data-voc-share-selection=\"\">\n<div class=\"voc-author-timesocial \">\n<div class=\"voc-author-timesocial__signature\"><picture class=\"voc-image-signature\"><\/picture>\n<div class=\"voc-author-timesocial__info\">\n<div class=\"voc-author-info\">\u00a0<\/div>\n<\/div>\n<\/div>\n<\/div>\n<\/div>\n","protected":false},"excerpt":{"rendered":"<p>El fondista granadino concluye en la 44\u00aa posici\u00f3n, en 19 minutos y 15 segundos, como&#8230;<\/p>\n","protected":false},"author":1,"featured_media":50928,"comment_status":"closed","ping_status":"closed","sticky":false,"template":"","format":"standard","meta":{"_coblocks_attr":"","_coblocks_dimensions":"","_coblocks_responsive_height":"","_coblocks_accordion_ie_support":"","jetpack_post_was_ever_published":false,"_jetpack_newsletter_access":"","_jetpack_dont_email_post_to_subs":false,"_jetpack_newsletter_tier_id":0,"_jetpack_memberships_contains_paywalled_content":false,"_jetpack_memberships_contains_paid_content":false,"footnotes":"","jetpack_publicize_message":"","jetpack_publicize_feature_enabled":true,"jetpack_social_post_already_shared":false,"jetpack_social_options":{"image_generator_settings":{"template":"highway","default_image_id":0,"enabled":false},"version":2}},"categories":[2,1161,182,44,6539,15,10],"tags":[81,85,123],"class_list":["post-50927","post","type-post","status-publish","format-standard","has-post-thumbnail","hentry","category-atarfe","category-ciudadania","category-deportes","category-noticias-de-hoy","category-personajes-de-ataref","category-ultimas-noticias","category-salud","tag-atarfe","tag-atletismo","tag-deportes"],"jetpack_publicize_connections":[],"jetpack_featured_media_url":"https:\/\/i0.wp.com\/miradordeatarfe.es\/wp-content\/uploads\/2021\/12\/atletismo-manuel-jimenez-sportmedia-kiTH-U160238573856UV-624x385%40Ideal.jpg?fit=624%2C385&ssl=1","jetpack_likes_enabled":true,"jetpack_sharing_enabled":true,"_links":{"self":[{"href":"https:\/\/miradordeatarfe.es\/index.php?rest_route=\/wp\/v2\/posts\/50927","targetHints":{"allow":["GET"]}}],"collection":[{"href":"https:\/\/miradordeatarfe.es\/index.php?rest_route=\/wp\/v2\/posts"}],"about":[{"href":"https:\/\/miradordeatarfe.es\/index.php?rest_route=\/wp\/v2\/types\/post"}],"author":[{"embeddable":true,"href":"https:\/\/miradordeatarfe.es\/index.php?rest_route=\/wp\/v2\/users\/1"}],"replies":[{"embeddable":true,"href":"https:\/\/miradordeatarfe.es\/index.php?rest_route=%2Fwp%2Fv2%2Fcomments&post=50927"}],"version-history":[{"count":2,"href":"https:\/\/miradordeatarfe.es\/index.php?rest_route=\/wp\/v2\/posts\/50927\/revisions"}],"predecessor-version":[{"id":50930,"href":"https:\/\/miradordeatarfe.es\/index.php?rest_route=\/wp\/v2\/posts\/50927\/revisions\/50930"}],"wp:featuredmedia":[{"embeddable":true,"href":"https:\/\/miradordeatarfe.es\/index.php?rest_route=\/wp\/v2\/media\/50928"}],"wp:attachment":[{"href":"https:\/\/miradordeatarfe.es\/index.php?rest_route=%2Fwp%2Fv2%2Fmedia&parent=50927"}],"wp:term":[{"taxonomy":"category","embeddable":true,"href":"https:\/\/miradordeatarfe.es\/index.php?rest_route=%2Fwp%2Fv2%2Fcategories&post=50927"},{"taxonomy":"post_tag","embeddable":true,"href":"https:\/\/miradordeatarfe.es\/index.php?rest_route=%2Fwp%2Fv2%2Ftags&post=50927"}],"curies":[{"name":"wp","href":"https:\/\/api.w.org\/{rel}","templated":true}]}}