{"id":50935,"date":"2021-12-15T11:43:38","date_gmt":"2021-12-15T10:43:38","guid":{"rendered":"http:\/\/miradordeatarfe.es\/?p=50935"},"modified":"2022-02-12T12:19:36","modified_gmt":"2022-02-12T11:19:36","slug":"a-los-atletas-atarfenxs-les-va-el-cross-por-manuel-jimenez","status":"publish","type":"post","link":"https:\/\/miradordeatarfe.es\/?p=50935","title":{"rendered":"\u00abA LOS ATLETAS ATARFE\u00d1XS LES VA EL CROSS.\u00bbpor Manuel Jim\u00e9nez"},"content":{"rendered":"<h3><span style=\"font-family: Arial, serif;\">Fin de semana dedicado al CROSS, tanto a pie como en modalidad duatl\u00f3n. <\/span><\/h3>\n<p align=\"JUSTIFY\"><span style=\"font-family: Arial, serif;\">Comenzamos con el buscando a Wally de la semana que nos lleva a la localidad irlandesa de Fingal, en el \u00e1rea metropolitana de Dubl\u00edn, que recibi\u00f3 a los participantes en el 27\u00ba Campeonato de Europa de Cross con un tiempo estable, incluso con momentos de sol, muy distinto a la lluvia que se anunciaba en los d\u00edas previos, lo que no evit\u00f3 que el circuito presentara algo de barro que hizo m\u00e1s duro un trazado sin excesivos desniveles. <\/span><\/p>\n<p align=\"JUSTIFY\"><span style=\"font-family: Arial, serif;\">El atleta de Atarfe, Manuel Jim\u00e9nez L\u00f3pez, ha tomado parte integrado en el combinado espa\u00f1ol Sub 20 que ha calificado en quinta posici\u00f3n siendo Manuel el 44\u00ba en la clasificaci\u00f3n individual. Su rendimiento ha sido acorde a las expectativas de atleta y entrenador, Eduardo Ramos, pues la hierba y el barro en el que se ha desarrollado la competici\u00f3n no son muy propicias para las caracter\u00edsticas de Manuel quien ha acabado contento con su actuaci\u00f3n en el que ha sido su debut con la selecci\u00f3n en esta especialidad. <\/span><\/p>\n<p align=\"JUSTIFY\">\u00a0<a href=\"https:\/\/i0.wp.com\/miradordeatarfe.es\/wp-content\/uploads\/2021\/12\/IMG_0746.jpg?ssl=1\"><img data-recalc-dims=\"1\" loading=\"lazy\" decoding=\"async\" class=\"alignnone wp-image-50937 size-full\" src=\"https:\/\/i0.wp.com\/miradordeatarfe.es\/wp-content\/uploads\/2021\/12\/IMG_0746.jpg?resize=640%2C478&#038;ssl=1\" alt=\"\" width=\"640\" height=\"478\" srcset=\"https:\/\/i0.wp.com\/miradordeatarfe.es\/wp-content\/uploads\/2021\/12\/IMG_0746.jpg?w=1125&amp;ssl=1 1125w, https:\/\/i0.wp.com\/miradordeatarfe.es\/wp-content\/uploads\/2021\/12\/IMG_0746.jpg?resize=300%2C224&amp;ssl=1 300w, https:\/\/i0.wp.com\/miradordeatarfe.es\/wp-content\/uploads\/2021\/12\/IMG_0746.jpg?resize=1024%2C765&amp;ssl=1 1024w, https:\/\/i0.wp.com\/miradordeatarfe.es\/wp-content\/uploads\/2021\/12\/IMG_0746.jpg?resize=768%2C574&amp;ssl=1 768w\" sizes=\"auto, (max-width: 640px) 100vw, 640px\" \/><\/a><\/p>\n<p align=\"JUSTIFY\"><span style=\"font-family: Arial, serif;\">Suma Manuel su tercera internacionalidad con Espa\u00f1a lo que debe ser debidamente valorado pues si es dif\u00edcil llegar aun m\u00e1s lo es mantenerse entre la \u00e9lite m\u00e1xime si se consigue en una especialidad como el cross que no es la m\u00e1s destacada para \u00e9l, por ello se debe calificar como exitazo su presencia en el Europeo de Cross donde adem\u00e1s ha completado una notable actuaci\u00f3n. <\/span><\/p>\n<p align=\"JUSTIFY\"><span style=\"font-family: Arial, serif;\">M\u00e1s cross en este caso en la localidad de Moraleda de Zafayona donde ha tenido lugar la tercera escala del Circuito Provincial de Diputaci\u00f3n. La participaci\u00f3n atarfe\u00f1a ha sido numerosa, con 45 atletas compitiendo, y cinco p\u00f3diums, cuatro para el CIUDAD ATARFE y uno para UNIVERSO RUNNING de la mano de Jos\u00e9 Justicia, segundo senior y afinando la puesta a punto. Espectacular el primer puesto conseguido por la Sub 14 Elena Lucena Ruiz que empieza a destapar el enorme potencial que ven\u00eda anunciando tanto en las competiciones como en los entrenamientos donde se ve\u00eda que era cuesti\u00f3n de confianza comenzar a recolectar el fruto del buen trabajo que viene desarrollando.<\/span><\/p>\n<p align=\"JUSTIFY\"><span style=\"font-family: Arial, serif;\"><a href=\"https:\/\/i0.wp.com\/miradordeatarfe.es\/wp-content\/uploads\/2021\/12\/IMG_0736.jpg?ssl=1\"><img data-recalc-dims=\"1\" loading=\"lazy\" decoding=\"async\" class=\"alignnone wp-image-50938 size-full\" src=\"https:\/\/i0.wp.com\/miradordeatarfe.es\/wp-content\/uploads\/2021\/12\/IMG_0736.jpg?resize=640%2C542&#038;ssl=1\" alt=\"\" width=\"640\" height=\"542\" srcset=\"https:\/\/i0.wp.com\/miradordeatarfe.es\/wp-content\/uploads\/2021\/12\/IMG_0736.jpg?w=1125&amp;ssl=1 1125w, https:\/\/i0.wp.com\/miradordeatarfe.es\/wp-content\/uploads\/2021\/12\/IMG_0736.jpg?resize=300%2C254&amp;ssl=1 300w, https:\/\/i0.wp.com\/miradordeatarfe.es\/wp-content\/uploads\/2021\/12\/IMG_0736.jpg?resize=1024%2C867&amp;ssl=1 1024w, https:\/\/i0.wp.com\/miradordeatarfe.es\/wp-content\/uploads\/2021\/12\/IMG_0736.jpg?resize=768%2C651&amp;ssl=1 768w\" sizes=\"auto, (max-width: 640px) 100vw, 640px\" \/><\/a><\/span><\/p>\n<p align=\"JUSTIFY\"><span style=\"font-family: Arial, serif;\">Dos p\u00f3diums en Sub 10, con el triatleta Santiago N\u00fa\u00f1ez Real en segunda posici\u00f3n y mostrando claramente d\u00f3nde cimenta sus \u00e9xitos en el deporte combinado y tercera plaza para Celia Ruiz Ram\u00edrez punta de lanza de una nueva generaci\u00f3n que nos tiene que volver a reeditar los \u00e9xitos conseguidos en la anterior d\u00e9cada en esta especialidad crossista que debe ser la base sobre la que afianzar el resto de especialidades, no en vano la mitad de la expedici\u00f3n de atarfe\u00f1xs eran menores de 10 a\u00f1os. M\u00e1s presencia en el p\u00f3dium con el tercer puesto del Sub 8 Carlos Dur\u00e1n cuyo logro nos hace confirmar lo que acabamos de decir. Completa los puestos de honor Virginia L\u00f3pez en Veteranas A, un grupo de edad que se va afianzando en el CIUDAD ATARFE y que se nutre ya no s\u00f3lo de p\/madres de atletas y que se deber\u00e1 de tratar de erigir como el referente para todos los m\u00e1ster. <\/span><\/p>\n<p align=\"JUSTIFY\"><a href=\"https:\/\/i0.wp.com\/miradordeatarfe.es\/wp-content\/uploads\/2021\/12\/IMG_0733.jpg?ssl=1\"><img data-recalc-dims=\"1\" loading=\"lazy\" decoding=\"async\" class=\"alignnone wp-image-50939 size-full\" src=\"https:\/\/i0.wp.com\/miradordeatarfe.es\/wp-content\/uploads\/2021\/12\/IMG_0733.jpg?resize=640%2C499&#038;ssl=1\" alt=\"\" width=\"640\" height=\"499\" srcset=\"https:\/\/i0.wp.com\/miradordeatarfe.es\/wp-content\/uploads\/2021\/12\/IMG_0733.jpg?w=1125&amp;ssl=1 1125w, https:\/\/i0.wp.com\/miradordeatarfe.es\/wp-content\/uploads\/2021\/12\/IMG_0733.jpg?resize=300%2C234&amp;ssl=1 300w, https:\/\/i0.wp.com\/miradordeatarfe.es\/wp-content\/uploads\/2021\/12\/IMG_0733.jpg?resize=1024%2C799&amp;ssl=1 1024w, https:\/\/i0.wp.com\/miradordeatarfe.es\/wp-content\/uploads\/2021\/12\/IMG_0733.jpg?resize=768%2C599&amp;ssl=1 768w\" sizes=\"auto, (max-width: 640px) 100vw, 640px\" \/><\/a><\/p>\n<p align=\"JUSTIFY\"><span style=\"font-family: Arial, serif;\">Masiva presencia tambi\u00e9n de j\u00f3venes duatletas de la Escuela de Triatlon y del Triclub Baby School en el Duatlon Cross de Hu\u00e9tor Tajar en una nueva entrega del circuito andaluz y que celebraba el Campeonato Andaluz en categor\u00eda juvenil con medalla de plata para Elsa Molina Roz\u00faa y 7\u00ba puesto para David Vill\u00e9n en un campeonato marcado por la poca presencia de competidores aunque de contrastada calidad. <\/span><\/p>\n<p align=\"JUSTIFY\"><span style=\"font-family: Arial, serif;\">En el resto de categor\u00edas destacar el tercer lugar de Vera Ramos en Alev\u00edn, el cuarto de Abril Bar\u00f3n, los quintos de Samuel Montoro y Sandro Ramos con Dani Soriano, Bego\u00f1a Molina, \u00cd\u00f1igo Molina, Iv\u00e1n Montoro, Julia Alonso y Manuel Torres en el Top 10.<\/span><\/p>\n<p align=\"JUSTIFY\"><a href=\"https:\/\/i0.wp.com\/miradordeatarfe.es\/wp-content\/uploads\/2021\/12\/IMG_0732.jpg?ssl=1\"><img data-recalc-dims=\"1\" loading=\"lazy\" decoding=\"async\" class=\"alignnone wp-image-50940 size-full\" src=\"https:\/\/i0.wp.com\/miradordeatarfe.es\/wp-content\/uploads\/2021\/12\/IMG_0732.jpg?resize=640%2C481&#038;ssl=1\" alt=\"\" width=\"640\" height=\"481\" srcset=\"https:\/\/i0.wp.com\/miradordeatarfe.es\/wp-content\/uploads\/2021\/12\/IMG_0732.jpg?w=1125&amp;ssl=1 1125w, https:\/\/i0.wp.com\/miradordeatarfe.es\/wp-content\/uploads\/2021\/12\/IMG_0732.jpg?resize=300%2C225&amp;ssl=1 300w, https:\/\/i0.wp.com\/miradordeatarfe.es\/wp-content\/uploads\/2021\/12\/IMG_0732.jpg?resize=1024%2C769&amp;ssl=1 1024w, https:\/\/i0.wp.com\/miradordeatarfe.es\/wp-content\/uploads\/2021\/12\/IMG_0732.jpg?resize=768%2C577&amp;ssl=1 768w\" sizes=\"auto, (max-width: 640px) 100vw, 640px\" \/><\/a><\/p>\n<p align=\"JUSTIFY\"><a href=\"https:\/\/i0.wp.com\/miradordeatarfe.es\/wp-content\/uploads\/2021\/12\/IMG_0737.jpg?ssl=1\"><img data-recalc-dims=\"1\" loading=\"lazy\" decoding=\"async\" class=\"alignnone wp-image-50941 size-full\" src=\"https:\/\/i0.wp.com\/miradordeatarfe.es\/wp-content\/uploads\/2021\/12\/IMG_0737.jpg?resize=640%2C590&#038;ssl=1\" alt=\"\" width=\"640\" height=\"590\" srcset=\"https:\/\/i0.wp.com\/miradordeatarfe.es\/wp-content\/uploads\/2021\/12\/IMG_0737.jpg?w=881&amp;ssl=1 881w, https:\/\/i0.wp.com\/miradordeatarfe.es\/wp-content\/uploads\/2021\/12\/IMG_0737.jpg?resize=300%2C277&amp;ssl=1 300w, https:\/\/i0.wp.com\/miradordeatarfe.es\/wp-content\/uploads\/2021\/12\/IMG_0737.jpg?resize=768%2C708&amp;ssl=1 768w\" sizes=\"auto, (max-width: 640px) 100vw, 640px\" \/><\/a> <a href=\"https:\/\/i0.wp.com\/miradordeatarfe.es\/wp-content\/uploads\/2021\/12\/IMG_0744.jpg?ssl=1\"><img data-recalc-dims=\"1\" loading=\"lazy\" decoding=\"async\" class=\"alignnone wp-image-50942 size-full\" src=\"https:\/\/i0.wp.com\/miradordeatarfe.es\/wp-content\/uploads\/2021\/12\/IMG_0744.jpg?resize=640%2C561&#038;ssl=1\" alt=\"\" width=\"640\" height=\"561\" srcset=\"https:\/\/i0.wp.com\/miradordeatarfe.es\/wp-content\/uploads\/2021\/12\/IMG_0744.jpg?w=1125&amp;ssl=1 1125w, https:\/\/i0.wp.com\/miradordeatarfe.es\/wp-content\/uploads\/2021\/12\/IMG_0744.jpg?resize=300%2C263&amp;ssl=1 300w, https:\/\/i0.wp.com\/miradordeatarfe.es\/wp-content\/uploads\/2021\/12\/IMG_0744.jpg?resize=1024%2C898&amp;ssl=1 1024w, https:\/\/i0.wp.com\/miradordeatarfe.es\/wp-content\/uploads\/2021\/12\/IMG_0744.jpg?resize=768%2C674&amp;ssl=1 768w\" sizes=\"auto, (max-width: 640px) 100vw, 640px\" \/><\/a> <a href=\"https:\/\/i0.wp.com\/miradordeatarfe.es\/wp-content\/uploads\/2021\/12\/IMG_0745.jpg?ssl=1\"><img data-recalc-dims=\"1\" loading=\"lazy\" decoding=\"async\" class=\"alignnone wp-image-50943 size-full\" src=\"https:\/\/i0.wp.com\/miradordeatarfe.es\/wp-content\/uploads\/2021\/12\/IMG_0745.jpg?resize=640%2C816&#038;ssl=1\" alt=\"\" width=\"640\" height=\"816\" srcset=\"https:\/\/i0.wp.com\/miradordeatarfe.es\/wp-content\/uploads\/2021\/12\/IMG_0745.jpg?w=850&amp;ssl=1 850w, https:\/\/i0.wp.com\/miradordeatarfe.es\/wp-content\/uploads\/2021\/12\/IMG_0745.jpg?resize=235%2C300&amp;ssl=1 235w, https:\/\/i0.wp.com\/miradordeatarfe.es\/wp-content\/uploads\/2021\/12\/IMG_0745.jpg?resize=803%2C1024&amp;ssl=1 803w, https:\/\/i0.wp.com\/miradordeatarfe.es\/wp-content\/uploads\/2021\/12\/IMG_0745.jpg?resize=768%2C979&amp;ssl=1 768w\" sizes=\"auto, (max-width: 640px) 100vw, 640px\" \/><\/a><\/p>\n","protected":false},"excerpt":{"rendered":"<p>Fin de semana dedicado al CROSS, tanto a pie como en modalidad duatl\u00f3n. Comenzamos con&#8230;<\/p>\n","protected":false},"author":1,"featured_media":50936,"comment_status":"closed","ping_status":"closed","sticky":false,"template":"","format":"standard","meta":{"_coblocks_attr":"","_coblocks_dimensions":"","_coblocks_responsive_height":"","_coblocks_accordion_ie_support":"","jetpack_post_was_ever_published":false,"_jetpack_newsletter_access":"","_jetpack_dont_email_post_to_subs":false,"_jetpack_newsletter_tier_id":0,"_jetpack_memberships_contains_paywalled_content":false,"_jetpack_memberships_contains_paid_content":false,"footnotes":"","jetpack_publicize_message":"","jetpack_publicize_feature_enabled":true,"jetpack_social_post_already_shared":false,"jetpack_social_options":{"image_generator_settings":{"template":"highway","default_image_id":0,"enabled":false},"version":2}},"categories":[2,1161,182,6915,44,15],"tags":[81,85,322],"class_list":["post-50935","post","type-post","status-publish","format-standard","has-post-thumbnail","hentry","category-atarfe","category-ciudadania","category-deportes","category-opinion-de-manuel-jimenez","category-noticias-de-hoy","category-ultimas-noticias","tag-atarfe","tag-atletismo","tag-deporte"],"jetpack_publicize_connections":[],"jetpack_featured_media_url":"https:\/\/i0.wp.com\/miradordeatarfe.es\/wp-content\/uploads\/2021\/12\/IMG_0747.jpg?fit=1125%2C755&ssl=1","jetpack_likes_enabled":true,"jetpack_sharing_enabled":true,"_links":{"self":[{"href":"https:\/\/miradordeatarfe.es\/index.php?rest_route=\/wp\/v2\/posts\/50935","targetHints":{"allow":["GET"]}}],"collection":[{"href":"https:\/\/miradordeatarfe.es\/index.php?rest_route=\/wp\/v2\/posts"}],"about":[{"href":"https:\/\/miradordeatarfe.es\/index.php?rest_route=\/wp\/v2\/types\/post"}],"author":[{"embeddable":true,"href":"https:\/\/miradordeatarfe.es\/index.php?rest_route=\/wp\/v2\/users\/1"}],"replies":[{"embeddable":true,"href":"https:\/\/miradordeatarfe.es\/index.php?rest_route=%2Fwp%2Fv2%2Fcomments&post=50935"}],"version-history":[{"count":3,"href":"https:\/\/miradordeatarfe.es\/index.php?rest_route=\/wp\/v2\/posts\/50935\/revisions"}],"predecessor-version":[{"id":50946,"href":"https:\/\/miradordeatarfe.es\/index.php?rest_route=\/wp\/v2\/posts\/50935\/revisions\/50946"}],"wp:featuredmedia":[{"embeddable":true,"href":"https:\/\/miradordeatarfe.es\/index.php?rest_route=\/wp\/v2\/media\/50936"}],"wp:attachment":[{"href":"https:\/\/miradordeatarfe.es\/index.php?rest_route=%2Fwp%2Fv2%2Fmedia&parent=50935"}],"wp:term":[{"taxonomy":"category","embeddable":true,"href":"https:\/\/miradordeatarfe.es\/index.php?rest_route=%2Fwp%2Fv2%2Fcategories&post=50935"},{"taxonomy":"post_tag","embeddable":true,"href":"https:\/\/miradordeatarfe.es\/index.php?rest_route=%2Fwp%2Fv2%2Ftags&post=50935"}],"curies":[{"name":"wp","href":"https:\/\/api.w.org\/{rel}","templated":true}]}}