{"id":51009,"date":"2021-12-19T11:09:29","date_gmt":"2021-12-19T10:09:29","guid":{"rendered":"http:\/\/miradordeatarfe.es\/?p=51009"},"modified":"2021-12-17T13:23:37","modified_gmt":"2021-12-17T12:23:37","slug":"atarfe-que-pensamos-de-la-ampliacion-del-metro-parte-3","status":"publish","type":"post","link":"https:\/\/miradordeatarfe.es\/?p=51009","title":{"rendered":"ATARFE: \u00bfQUE PENSAMOS DE LA AMPLIACI\u00d3N DEL METRO? ( parte 3)"},"content":{"rendered":"<h3 style=\"text-align: justify;\">EL TRANSPORTE POR\u00a0 LOS AUTOBUSES DE ATARFE \u00bfCOMO QUEDA?<\/h3>\n<p style=\"text-align: justify;\">Seg\u00fan leemos <span dir=\"ltr\" role=\"presentation\">El <\/span><span dir=\"ltr\" role=\"presentation\">Consorcio de Transporte Metropolitano<\/span> <span dir=\"ltr\" role=\"presentation\">\u00c1rea<\/span> <span dir=\"ltr\" role=\"presentation\">de Granada,<\/span> <span dir=\"ltr\" role=\"presentation\">tiene como <strong>misi\u00f3n <\/strong><\/span><strong><span dir=\"ltr\" role=\"presentation\">principal<\/span> <span dir=\"ltr\" role=\"presentation\">mejorar<\/span> <span dir=\"ltr\" role=\"presentation\">la<\/span> <span dir=\"ltr\" role=\"presentation\">movilidad<\/span> <span dir=\"ltr\" role=\"presentation\">y<\/span> <span dir=\"ltr\" role=\"presentation\">accesibilidad<\/span> <span dir=\"ltr\" role=\"presentation\">en<\/span> <span dir=\"ltr\" role=\"presentation\">transporte<\/span> <span dir=\"ltr\" role=\"presentation\">colectivo<\/span> <span dir=\"ltr\" role=\"presentation\">de<\/span> <span dir=\"ltr\" role=\"presentation\">viajeros <\/span><\/strong><span dir=\"ltr\" role=\"presentation\">(<\/span><span dir=\"ltr\" role=\"presentation\">autob\u00fas<\/span> <span dir=\"ltr\" role=\"presentation\">y ferrocarril metropolitano)<\/span> <span dir=\"ltr\" role=\"presentation\">en el \u00e1mbito metropolitano de Granada.<\/span><\/p>\n<p style=\"text-align: justify;\"><span dir=\"ltr\" role=\"presentation\">En la prestaci\u00f3n de este servicio p\u00fablico, que se contextualiza en<\/span> <span dir=\"ltr\" role=\"presentation\">un merc<\/span><span dir=\"ltr\" role=\"presentation\">ado con <\/span><span dir=\"ltr\" role=\"presentation\">clientes<\/span><span dir=\"ltr\" role=\"presentation\">&#8211;<\/span><span dir=\"ltr\" role=\"presentation\">usuarios<\/span> <span dir=\"ltr\" role=\"presentation\">que<\/span> <span dir=\"ltr\" role=\"presentation\">exigen<\/span> <span dir=\"ltr\" role=\"presentation\">cada<\/span> <span dir=\"ltr\" role=\"presentation\">d\u00eda<\/span> <span dir=\"ltr\" role=\"presentation\">un<\/span> <span dir=\"ltr\" role=\"presentation\">mejor<\/span> <span dir=\"ltr\" role=\"presentation\">trato<\/span> <span dir=\"ltr\" role=\"presentation\">y<\/span> <span dir=\"ltr\" role=\"presentation\">eficacia,<\/span> <span dir=\"ltr\" role=\"presentation\">nos<\/span> <span dir=\"ltr\" role=\"presentation\">hemos<\/span> <span dir=\"ltr\" role=\"presentation\">de <\/span><span dir=\"ltr\" role=\"presentation\">caracterizar<\/span> <span dir=\"ltr\" role=\"presentation\">por<\/span> <span dir=\"ltr\" role=\"presentation\">la calidad asociada a la realizaci\u00f3n de nuestros servicios y nuestra <\/span><span dir=\"ltr\" role=\"presentation\">b\u00fasqueda de la mejora continuada. Solamente este compromiso que hemos de asumir, <\/span><span dir=\"ltr\" role=\"presentation\">nos<\/span> <span dir=\"ltr\" role=\"presentation\">conducir\u00e1 a satisfacer las expectativas de nuestros clientes<\/span><span dir=\"ltr\" role=\"presentation\">&#8211;<\/span><span dir=\"ltr\" role=\"presentation\">usuarios y las nuestras <\/span><span dir=\"ltr\" role=\"presentation\">propias.<\/span><\/p>\n<p style=\"text-align: justify;\">En el planeamiento del metro leemos:<\/p>\n<p style=\"text-align: justify;\"><em> \u00abE<span id=\"page1269R_mcid34\" class=\"markedContent\"><span dir=\"ltr\" role=\"presentation\">l transporte p\u00fablico supramunicipal es un servicio b\u00e1sico para el adecuado funcionamiento de cualquier<\/span> <span dir=\"ltr\" role=\"presentation\">aglomeraci\u00f3n urbana. Su buen funcionamiento optimiza la movilidad, puesto que reduce la utilizaci\u00f3n del<\/span> <span dir=\"ltr\" role=\"presentation\">veh\u00edculo privado y la consiguiente saturaci\u00f3n de las v\u00edas de comunicaci\u00f3n y, por lo dem\u00e1s, supone una mejora<\/span> <span dir=\"ltr\" role=\"presentation\">de la calidad de vida de los ciudadanos al mitigar el estr\u00e9s del tr\u00e1fico y reducir los costos netos de transporte,<\/span> <span dir=\"ltr\" role=\"presentation\">los gastos energ\u00e9ticos y las emisiones globales de gases contaminantes. Ahora bien, la prestaci\u00f3n del servicio<\/span><br role=\"presentation\" \/><br \/>\n<span dir=\"ltr\" role=\"presentation\">del transporte colectivo en la aglomeraci\u00f3n urbana de Granada no se ajusta a las actuales demandas<\/span> <span dir=\"ltr\" role=\"presentation\">ciudadanas [ &#8230; ] si bien ha de quedar claro que <strong>la insatisfactoria prestaci\u00f3n del servicio es sobre todo<\/strong><\/span> <span dir=\"ltr\" role=\"presentation\"><strong>cualitativa y de eficiencia respecto a recorridos, frecuencias, interconexiones<\/strong>, etc.; de hecho, salvo algunas<\/span> <span dir=\"ltr\" role=\"presentation\">l\u00edneas deficitarias en horas punta, buena parte de las expediciones no completan la oferta de plazas, en una<\/span> <span dir=\"ltr\" role=\"presentation\">satisfacci\u00f3n de este segmento de movilidad que apenas supone el 12% de los desplazamientos totales de la<\/span> <span dir=\"ltr\" role=\"presentation\">aglomeraci\u00f3n (en el fondo de este dato se encuentra la falta efectiva de competitividad relativa del transporte<\/span> <span dir=\"ltr\" role=\"presentation\">p\u00fablico).<\/span><\/span><\/em><\/p>\n<p style=\"text-align: justify;\"><em><span id=\"page1269R_mcid35\" class=\"markedContent\"><span dir=\"ltr\" role=\"presentation\">La verificaci\u00f3n de los desajustes observados conlleva plantear como objetivo esencial la adecuaci\u00f3n de los<\/span><span dir=\"ltr\" role=\"presentation\"> servicios del transporte p\u00fablico por carretera a las demandas cualitativas detectadas en la actualidad.\u00bb<\/span><\/span><\/em><\/p>\n<h1 style=\"text-align: justify;\">LINEA 124<\/h1>\n<p style=\"text-align: justify;\">Actualmente tenemos 21 servicio desde Atarfe a Granada y 20 desde Granada. A\u00fan no sabemos que ocurrir\u00e1 el 1 de Enero de 2022 donde se ha propuesto un autobus cada 20 minutos. En la propuesta con el metro se proponen 32 servicios, proponiendo <strong>un solo autobus cada hora<\/strong>.\u00a0<\/p>\n<p style=\"text-align: justify;\"><a href=\"https:\/\/i0.wp.com\/miradordeatarfe.es\/wp-content\/uploads\/2021\/12\/PROPUESTA-DE-124.png?ssl=1\"><img data-recalc-dims=\"1\" loading=\"lazy\" decoding=\"async\" class=\"alignnone wp-image-51010 size-full\" src=\"https:\/\/i0.wp.com\/miradordeatarfe.es\/wp-content\/uploads\/2021\/12\/PROPUESTA-DE-124.png?resize=640%2C421&#038;ssl=1\" alt=\"\" width=\"640\" height=\"421\" srcset=\"https:\/\/i0.wp.com\/miradordeatarfe.es\/wp-content\/uploads\/2021\/12\/PROPUESTA-DE-124.png?w=1216&amp;ssl=1 1216w, https:\/\/i0.wp.com\/miradordeatarfe.es\/wp-content\/uploads\/2021\/12\/PROPUESTA-DE-124.png?resize=300%2C197&amp;ssl=1 300w, https:\/\/i0.wp.com\/miradordeatarfe.es\/wp-content\/uploads\/2021\/12\/PROPUESTA-DE-124.png?resize=1024%2C674&amp;ssl=1 1024w, https:\/\/i0.wp.com\/miradordeatarfe.es\/wp-content\/uploads\/2021\/12\/PROPUESTA-DE-124.png?resize=768%2C505&amp;ssl=1 768w\" sizes=\"auto, (max-width: 640px) 100vw, 640px\" \/><\/a><\/p>\n<h1 style=\"text-align: justify;\">LINEA 122<\/h1>\n<p style=\"text-align: justify;\">En la linea 122 observamos que hace su recorrido solo por el interior de nuestro pueblo con 30 servicios cada hora y cuatro minutos. Se supone que tendr\u00e1 como misi\u00f3n acercar el metro a los distintos barrios. \u00bf Es eso as\u00ed?<\/p>\n<p style=\"text-align: justify;\"><a href=\"https:\/\/i0.wp.com\/miradordeatarfe.es\/wp-content\/uploads\/2021\/12\/PROPUESTA-LINEA-122.png?ssl=1\"><img data-recalc-dims=\"1\" loading=\"lazy\" decoding=\"async\" class=\"alignnone wp-image-51012 size-full\" src=\"https:\/\/i0.wp.com\/miradordeatarfe.es\/wp-content\/uploads\/2021\/12\/PROPUESTA-LINEA-122.png?resize=640%2C411&#038;ssl=1\" alt=\"\" width=\"640\" height=\"411\" srcset=\"https:\/\/i0.wp.com\/miradordeatarfe.es\/wp-content\/uploads\/2021\/12\/PROPUESTA-LINEA-122.png?w=1143&amp;ssl=1 1143w, https:\/\/i0.wp.com\/miradordeatarfe.es\/wp-content\/uploads\/2021\/12\/PROPUESTA-LINEA-122.png?resize=300%2C193&amp;ssl=1 300w, https:\/\/i0.wp.com\/miradordeatarfe.es\/wp-content\/uploads\/2021\/12\/PROPUESTA-LINEA-122.png?resize=1024%2C658&amp;ssl=1 1024w, https:\/\/i0.wp.com\/miradordeatarfe.es\/wp-content\/uploads\/2021\/12\/PROPUESTA-LINEA-122.png?resize=768%2C493&amp;ssl=1 768w\" sizes=\"auto, (max-width: 640px) 100vw, 640px\" \/><\/a><\/p>\n<p style=\"text-align: justify;\">En ambos casos <strong>se habla de dias laborales<\/strong> y en ning\u00fan momento se habla de dias de s\u00e1bados , domingos y dias de fiesta.<\/p>\n","protected":false},"excerpt":{"rendered":"<p>EL TRANSPORTE POR\u00a0 LOS AUTOBUSES DE ATARFE \u00bfCOMO QUEDA? Seg\u00fan leemos El Consorcio de Transporte&#8230;<\/p>\n","protected":false},"author":1,"featured_media":0,"comment_status":"closed","ping_status":"closed","sticky":false,"template":"","format":"standard","meta":{"_coblocks_attr":"","_coblocks_dimensions":"","_coblocks_responsive_height":"","_coblocks_accordion_ie_support":"","jetpack_post_was_ever_published":false,"_jetpack_newsletter_access":"","_jetpack_dont_email_post_to_subs":false,"_jetpack_newsletter_tier_id":0,"_jetpack_memberships_contains_paywalled_content":false,"_jetpack_memberships_contains_paid_content":false,"footnotes":"","jetpack_publicize_message":"","jetpack_publicize_feature_enabled":true,"jetpack_social_post_already_shared":false,"jetpack_social_options":{"image_generator_settings":{"template":"highway","default_image_id":0,"enabled":false},"version":2}},"categories":[2,7725,6916,1161,186,44,6937,15],"tags":[4253,81,2136],"class_list":["post-51009","post","type-post","status-publish","format-standard","hentry","category-atarfe","category-atarfe-sostenible","category-ayuntamiento-de-atarfe","category-ciudadania","category-instituciones","category-noticias-de-hoy","category-sociedad","category-ultimas-noticias","tag-ampliacion-del-metro","tag-atarfe","tag-metro"],"jetpack_publicize_connections":[],"jetpack_featured_media_url":"","jetpack_likes_enabled":true,"jetpack_sharing_enabled":true,"_links":{"self":[{"href":"https:\/\/miradordeatarfe.es\/index.php?rest_route=\/wp\/v2\/posts\/51009","targetHints":{"allow":["GET"]}}],"collection":[{"href":"https:\/\/miradordeatarfe.es\/index.php?rest_route=\/wp\/v2\/posts"}],"about":[{"href":"https:\/\/miradordeatarfe.es\/index.php?rest_route=\/wp\/v2\/types\/post"}],"author":[{"embeddable":true,"href":"https:\/\/miradordeatarfe.es\/index.php?rest_route=\/wp\/v2\/users\/1"}],"replies":[{"embeddable":true,"href":"https:\/\/miradordeatarfe.es\/index.php?rest_route=%2Fwp%2Fv2%2Fcomments&post=51009"}],"version-history":[{"count":5,"href":"https:\/\/miradordeatarfe.es\/index.php?rest_route=\/wp\/v2\/posts\/51009\/revisions"}],"predecessor-version":[{"id":51014,"href":"https:\/\/miradordeatarfe.es\/index.php?rest_route=\/wp\/v2\/posts\/51009\/revisions\/51014"}],"wp:attachment":[{"href":"https:\/\/miradordeatarfe.es\/index.php?rest_route=%2Fwp%2Fv2%2Fmedia&parent=51009"}],"wp:term":[{"taxonomy":"category","embeddable":true,"href":"https:\/\/miradordeatarfe.es\/index.php?rest_route=%2Fwp%2Fv2%2Fcategories&post=51009"},{"taxonomy":"post_tag","embeddable":true,"href":"https:\/\/miradordeatarfe.es\/index.php?rest_route=%2Fwp%2Fv2%2Ftags&post=51009"}],"curies":[{"name":"wp","href":"https:\/\/api.w.org\/{rel}","templated":true}]}}